{"id":113724,"date":"2025-09-14T05:36:04","date_gmt":"2025-09-14T05:36:04","guid":{"rendered":"https:\/\/www.europesays.com\/es\/113724\/"},"modified":"2025-09-14T05:36:04","modified_gmt":"2025-09-14T05:36:04","slug":"las-claves-de-la-explosion-de-vallecas","status":"publish","type":"post","link":"https:\/\/www.europesays.com\/es\/113724\/","title":{"rendered":"las claves de la explosi\u00f3n de Vallecas"},"content":{"rendered":"<p>14\/09\/2025<br \/>\n<br \/><strong><br \/>\nActualizado a las 06:40h.<br \/>\n<\/strong><\/p>\n<p class=\"voc-p\" style=\"\">Una explosi\u00f3n desat\u00f3 este s\u00e1bado el caos en Puente de Vallecas. La detonaci\u00f3n se produjo <a href=\"https:\/\/www.abc.es\/espana\/madrid\/cinco-personas-atendidas-inhalacion-humo-incendio-edificio-20250819090445-nt.html\" target=\"_self\" data-voc-vtm-id=\"in-text-traffic\" title=\"en un piso bajo que estaba okupado\" data-mrf-link=\"www.abc.es\" rel=\"nofollow noopener\">en un piso bajo que estaba okupado<\/a> y se encontraba anexo al bar Mis Tesoros, situado en el n\u00famero 3 de la calle de Manuel Maroto. Los sanitarios atendieron a 25 personas, dos de ellas graves y tres potencialmente graves. A ellas se suma un fallecido cuyo cad\u00e1ver fue localizado durante una nueva b\u00fasqueda por parte de los Bomberos en conjunto con la unidad canina de la Polic\u00eda. Adem\u00e1s, entre las v\u00edctimas m\u00e1s cr\u00edticas se encuentra el copiloto de un veh\u00edculo que circulaba por la mencionada calle precisamente en el momento en el que se produjo este incidente.<\/p>\n<p class=\"voc-p\" style=\"\">En torno a las 15.00 horas, esta v\u00eda del barrio de San Diego, qued\u00f3 totalmente irreconocible. La explosi\u00f3n revent\u00f3 la pared medianera que separaba esta vivienda usurpada del negocio, afect\u00f3 al bloque de viviendas bajo el que se encontraban, as\u00ed como a los veh\u00edculos que estaban en la v\u00eda p\u00fablica e incluso llegando a producir da\u00f1os en la fachada de edificio situado enfrente.<\/p>\n<p class=\"voc-p\" style=\"\">Hasta el lugar de los hechos se trasladaron 18 dotaciones de Bomberos del Ayuntamiento de Madrid, entre las que se encuentra la unidad canina, adem\u00e1s de 13 dotaciones de <strong>Samur-Protecci\u00f3n Civil<\/strong> y y varias unidades del Servicio de Urgencia M\u00e9dica (Summa 112) de la Comunidad de Madrid. Adem\u00e1s, la Secci\u00f3n de Apoyo A\u00e9reo de la Polic\u00eda Municipal est\u00e1 trabajando con drones.<\/p>\n<p class=\"voc-p\" style=\"\">Los sanitarios, entre los que se encontraba un grupo de apoyo psicol\u00f3gico, atendieron a las v\u00edctimas. Los dos heridos de gravedad, fueron trasladados al hospital 12 de Octubre y al hospital La Paz. Seg\u00fan ha podido saber este peri\u00f3dico, una de estas v\u00edctimas es el copiloto de un veh\u00edculo que circulaba por la calle de Manuel Maroto justo en el momento en el que se produjo la explosi\u00f3n.<\/p>\n<p class=\"voc-p\" style=\"\">Mientras los Bomberos del Ayuntamiento de Madrid establec\u00edan medidas de seguridad haciendo cortes de gas y el\u00e9ctricos, sacaban de entre los de entre los escombros a cuatro personas. \u00abLa actuaci\u00f3n ha sido bastanet complicada con mucha mano de obra porque hemos tenido que ir piedra a piedra y ladrillo a ladrillo sacando gente\u00bb, asegur\u00f3 Javier Ramos, jefe de guardia de Bomberos del Ayuntamiento de Madrid. Estos profesionales tuvieron que llevar a cabo estas labores a mano puesto que debido a la inestabilidad del bloque hubiera podido ser peligroso introducir maquinaria.<\/p>\n<p class=\"voc-p\" style=\"\">Por otro lado, la unidad canina estuvo realizando labores de b\u00fasqueda, pero no ha encontrado m\u00e1s posibles atrapados. Una vez que comprobado esto, los t\u00e9cnicos de Control de Edificaci\u00f3n del consistorio madrile\u00f1o se hacen cargo de comprobar el estado de la estructura de este bloque viviendas.<\/p>\n<p>\n9 viviendas afectadas\n<\/p>\n<p class=\"voc-p\" style=\"\">Hay nueve viviendas del edificio que se han visto da\u00f1adas por esta detonaci\u00f3n, con afecciones \u00abimportantes\u00bb en el forjado entre las plantas 0 y 1, seg\u00fan asegur\u00f3 ayer la vicealcaldesa de Madrid y delegada de Seguridad y Emergencias del ayuntamiento, Inma Sanz.<\/p>\n<p class=\"voc-p\" style=\"\"> Los vecinos de las 9 viviendas, muchos de ellos se encuentran hospitalizados ya que se trata de los heridos leves de este incidente, ser\u00e1n atendidos por Samur-Social una vez les den el alta, asegur\u00f3 ayer la vicealcaldesa.<\/p>\n<p class=\"voc-p\" style=\"\">El alcalde de la ciudad, Jos\u00e9 Luis Mart\u00ednez-Almeida, mostr\u00f3 su preocupaci\u00f3n en un mensaje a trav\u00e9s de su cuenta de X y ha expresado que est\u00e1 \u00abpendiente de la situaci\u00f3n\u00bb. \u00abNuestros equipos de emergencia trabajan sin descanso con 18 dotaciones de Bomberos Madrid, incluida la unidad canina, y el apoyo a\u00e9reo de la Polic\u00eda Municipal, con drones. Todo mi apoyo a los heridos y a sus familias\u00bb, manifest\u00f3.<\/p>\n<p class=\"voc-p\" style=\"\">Las primeras investigaciones apuntan a que la explosi\u00f3n se origin\u00f3 por un escape de gas de un local comercial habilitado como vivienda que se encontraba okupado. La Brigada de Polic\u00eda Cient\u00edfica de la Polic\u00eda Nacional de Madrid se ha hecho cargo de la investigaci\u00f3n.<\/p>\n<p>Reportar un error<\/p>\n","protected":false},"excerpt":{"rendered":"14\/09\/2025 Actualizado a las 06:40h. Una explosi\u00f3n desat\u00f3 este s\u00e1bado el caos en Puente de Vallecas. La detonaci\u00f3n&hellip;\n","protected":false},"author":2,"featured_media":113725,"comment_status":"","ping_status":"","sticky":false,"template":"","format":"standard","meta":{"footnotes":""},"categories":[8],"tags":[17,18,6365,38458,25,24,46,13,14,5671,4180,11,19,20,9,10,15,16,5164,23,12,21,22,23414,431],"class_list":{"0":"post-113724","1":"post","2":"type-post","3":"status-publish","4":"format-standard","5":"has-post-thumbnail","7":"category-espana","8":"tag-breaking-news","9":"tag-breakingnews","10":"tag-claves","11":"tag-colaterales","12":"tag-es","13":"tag-espana","14":"tag-explosion","15":"tag-featured-news","16":"tag-featurednews","17":"tag-fuga","18":"tag-gas","19":"tag-headlines","20":"tag-latest-news","21":"tag-latestnews","22":"tag-news","23":"tag-noticias","24":"tag-noticias-destacadas","25":"tag-noticiasdestacadas","26":"tag-okupas","27":"tag-spain","28":"tag-titulares","29":"tag-ultimas-noticias","30":"tag-ultimasnoticias","31":"tag-vallecas","32":"tag-victimas"},"share_on_mastodon":{"url":"","error":""},"_links":{"self":[{"href":"https:\/\/www.europesays.com\/es\/wp-json\/wp\/v2\/posts\/113724","targetHints":{"allow":["GET"]}}],"collection":[{"href":"https:\/\/www.europesays.com\/es\/wp-json\/wp\/v2\/posts"}],"about":[{"href":"https:\/\/www.europesays.com\/es\/wp-json\/wp\/v2\/types\/post"}],"author":[{"embeddable":true,"href":"https:\/\/www.europesays.com\/es\/wp-json\/wp\/v2\/users\/2"}],"replies":[{"embeddable":true,"href":"https:\/\/www.europesays.com\/es\/wp-json\/wp\/v2\/comments?post=113724"}],"version-history":[{"count":0,"href":"https:\/\/www.europesays.com\/es\/wp-json\/wp\/v2\/posts\/113724\/revisions"}],"wp:featuredmedia":[{"embeddable":true,"href":"https:\/\/www.europesays.com\/es\/wp-json\/wp\/v2\/media\/113725"}],"wp:attachment":[{"href":"https:\/\/www.europesays.com\/es\/wp-json\/wp\/v2\/media?parent=113724"}],"wp:term":[{"taxonomy":"category","embeddable":true,"href":"https:\/\/www.europesays.com\/es\/wp-json\/wp\/v2\/categories?post=113724"},{"taxonomy":"post_tag","embeddable":true,"href":"https:\/\/www.europesays.com\/es\/wp-json\/wp\/v2\/tags?post=113724"}],"curies":[{"name":"wp","href":"https:\/\/api.w.org\/{rel}","templated":true}]}}