{"id":113726,"date":"2025-09-14T05:37:11","date_gmt":"2025-09-14T05:37:11","guid":{"rendered":"https:\/\/www.europesays.com\/es\/113726\/"},"modified":"2025-09-14T05:37:11","modified_gmt":"2025-09-14T05:37:11","slug":"menu-semanal-de-el-comidista-15-a-21-de-septiembre-el-comidista-gastronomia","status":"publish","type":"post","link":"https:\/\/www.europesays.com\/es\/113726\/","title":{"rendered":"Men\u00fa semanal de El Comidista (15 a 21 de septiembre) | El Comidista | Gastronom\u00eda"},"content":{"rendered":"<p class=\"\">Si quieres enterarte antes que nadie de todo lo que se cuece puedes suscribirte a nuestra newsletter y recibir\u00e1s el men\u00fa semanal de El Comidista en tu correo cada viernes. <a href=\"https:\/\/plus.elpais.com\/newsletters\/lnp\/1\/320\" rel=\"nofollow noopener\" target=\"_blank\">Aqu\u00ed<\/a> tienes toda la informaci\u00f3n.<\/p>\n<p class=\"\">Estamos en una semana de cambio: nos despedimos de una estaci\u00f3n \u2013al menos sobre el papel\u2013 y empieza a asomarse otra con sus sabores caracter\u00edsticos. Ver\u00e1s que ya empiezan a aparecer <a href=\"https:\/\/elpais.com\/gastronomia\/recetas\/2016\/10\/19\/receta\/1476860649_158782.html\" target=\"_blank\" rel=\"noreferrer nofollow noopener\" title=\"https:\/\/elpais.com\/gastronomia\/recetas\/2016\/10\/19\/receta\/1476860649_158782.html\">calabazas<\/a>, <a href=\"https:\/\/elpais.com\/gastronomia\/recetas\/2021\/08\/31\/receta\/1630426414_739234.html\" target=\"_blank\" rel=\"noreferrer nofollow noopener\" title=\"https:\/\/elpais.com\/gastronomia\/recetas\/2021\/08\/31\/receta\/1630426414_739234.html\">higos<\/a> o <a href=\"https:\/\/elpais.com\/gastronomia\/el-comidista\/2024-11-06\/cuatro-recetas-con-granada-para-aprovechar-el-otono.html\" target=\"_blank\" rel=\"noreferrer nofollow noopener\" title=\"https:\/\/elpais.com\/gastronomia\/el-comidista\/2024-11-06\/cuatro-recetas-con-granada-para-aprovechar-el-otono.html\">granadas<\/a>, mientras que a\u00fan se pueden comprar <a href=\"https:\/\/elpais.com\/gastronomia\/el-comidista\/2024-08-25\/nuestras-diez-mejores-recetas-con-tomate.html\" target=\"_blank\" rel=\"noreferrer nofollow noopener\" title=\"https:\/\/elpais.com\/gastronomia\/el-comidista\/2024-08-25\/nuestras-diez-mejores-recetas-con-tomate.html\">tomates<\/a>, <a href=\"https:\/\/elpais.com\/gastronomia\/el-comidista\/2024-06-26\/del-almodrote-a-la-maljasina-seis-recetas-faciles-de-al-andalus-con-berenjenas.html\" target=\"_blank\" rel=\"noreferrer nofollow noopener\" title=\"https:\/\/elpais.com\/gastronomia\/el-comidista\/2024-06-26\/del-almodrote-a-la-maljasina-seis-recetas-faciles-de-al-andalus-con-berenjenas.html\">berenjenas<\/a> o calabacines propios del <a href=\"https:\/\/elpais.com\/gastronomia\/el-comidista\/2025-08-03\/diez-platos-veraniegos-faciles-de-preparar-en-cantidades-grandes.html\" target=\"_blank\" rel=\"noreferrer nofollow noopener\" title=\"https:\/\/elpais.com\/gastronomia\/el-comidista\/2025-08-03\/diez-platos-veraniegos-faciles-de-preparar-en-cantidades-grandes.html\">verano<\/a>. En este punto intermedio se sit\u00faa nuestro men\u00fa semanal, que saca partido de <a href=\"https:\/\/elpais.com\/gastronomia\/el-comidista\/2025-08-31\/diez-recetas-dulces-y-saladas-para-aprovechar-el-esplendor-de-las-frutas-de-verano.html\" target=\"_blank\" rel=\"noreferrer nofollow noopener\" title=\"https:\/\/elpais.com\/gastronomia\/el-comidista\/2025-08-31\/diez-recetas-dulces-y-saladas-para-aprovechar-el-esplendor-de-las-frutas-de-verano.html\">frutas<\/a> y hortalizas en su mejor momento para darles protagonismo en cada plato.<\/p>\n<p>Lunes 15 de septiembre<\/p>\n<p class=\"\"><b>PRIMERO:<\/b> <a href=\"https:\/\/elpais.com\/gastronomia\/el-comidista\/2011\/10\/10\/articulo\/1318222800_131822.html\" rel=\"nofollow noopener\" target=\"_blank\">ENSALADA DE HIGOS, FETA Y ROMERO<\/a><\/p>\n<p class=\"\">Este plato se puede hacer tranquilamente con uva -eso s\u00ed, despepitada- u otras frutas dulces de temporada si no encuentras higos o si est\u00e1n a precio de Rolex, que tambi\u00e9n suele pasar.<\/p>\n<p class=\"\"><b>SEGUNDO:<\/b> <a href=\"https:\/\/elpais.com\/gastronomia\/recetas\/2025-03-17\/costillas-con-papas-y-pinas-un-clasico-canario-facil-y-delicioso.html\" rel=\"nofollow noopener\" target=\"_blank\">COSTILLAS CON PAPAS Y PI\u00d1AS<\/a><\/p>\n<p class=\"\">La receta tradicional canaria se prepara f\u00e1cilmente y con muy pocos ingredientes: multiplicando su cantidad es perfecta para resolver una comida para muchos invitados.<\/p>\n<p><img alt=\"Pi\u00f1as con costillas receta\" decoding=\"auto\" class=\"_re lazyload a_m-h\" height=\"277\"  width=\"414\"  src=\"https:\/\/www.europesays.com\/es\/wp-content\/uploads\/2025\/09\/NUMU6FLR35GAFOW2HVFDGE2TGI.jpg\" loading=\"lazy\"\/>Nunca defraudaJulia Laich <\/p>\n<p class=\"\"><b>POSTRE:<\/b> <a href=\"https:\/\/elpais.com\/gastronomia\/recetas\/2022\/07\/11\/receta\/1657551706_446573.html\" rel=\"nofollow noopener\" target=\"_blank\">FRUTA DE VERANO CON CREMA INGLESA<\/a><\/p>\n<p class=\"\">Marcamos melocotones, frambuesas y albaricoques en una sart\u00e9n y los servimos encima de una crema inglesa. El resultado es un postre muy f\u00e1cil de preparar con el que aprovechar la fruta de temporada.<\/p>\n<p>Martes 16 de septiembre<\/p>\n<p class=\"\"><b>PRIMERO:<\/b> <a href=\"https:\/\/elpais.com\/gastronomia\/el-comidista\/2023-10-12\/tabule-la-ensalada-arabe-en-la-que-el-perejil-lo-da-todo.html\" rel=\"nofollow noopener\" target=\"_blank\">TABUL\u00c9<\/a><\/p>\n<p class=\"\">Eterna secundaria en la cocina, nuestra hierba arom\u00e1tica comparte protagonismo con el tomate en todo un cl\u00e1sico de la cocina de Oriente Pr\u00f3ximo. Importante: no abusar del bulgur.<\/p>\n<p><img alt=\"Receta Tabul\u00e9 Casero\" decoding=\"auto\" class=\"_re lazyload a_m-h\" height=\"233\"  width=\"414\"  src=\"https:\/\/www.europesays.com\/es\/wp-content\/uploads\/2025\/09\/V25Y4EGOCVAZJKS4NYSI6QUP6U.png\" loading=\"lazy\"\/>Fresqu\u00edsimaMikel  L\u00f3pez Iturriaga<\/p>\n<p class=\"\"><b>SEGUNDO:<\/b> <a href=\"https:\/\/elpais.com\/gastronomia\/recetas\/2017\/07\/19\/receta\/1500476543_380078.html#?rel=mas\" rel=\"nofollow noopener\" target=\"_blank\">CANELONES LIGEROS DE PESCADO Y MARISCO<\/a><\/p>\n<p class=\"\">Un primer plato fresco, un aperitivo que puedes preparar con antelaci\u00f3n y unos canelones sin bechamel aptos para intolerantes a los l\u00e1cteos: esta receta de pescado y marisco es todo esto y m\u00e1s.<\/p>\n<p class=\"\"><b>POSTRE:<\/b> <a href=\"https:\/\/elpais.com\/noticias\/melon\/\" target=\"_blank\" rel=\"noreferrer nofollow noopener\" title=\"https:\/\/elpais.com\/noticias\/melon\/\">FRUTA DE TEMPORADA: MEL\u00d3N<\/a><\/p>\n<p class=\"\">El mel\u00f3n es tu amigo durante el verano y se supone que, si huele, pesa y la base cede un poco al apretarla, estar\u00e1 bueno. Pero no es una ciencia exacta.<\/p>\n<p>Mi\u00e9rcoles 17 de septiembre<\/p>\n<p class=\"\"><b>PRIMERO:<\/b> <a href=\"https:\/\/elpais.com\/gastronomia\/recetas\/2021\/11\/09\/receta\/1636461604_207174.html#?rel=mas\" rel=\"nofollow noopener\" target=\"_blank\">TORTITAS DE MA\u00cdZ CON SALSA DE YOGUR<\/a><\/p>\n<p class=\"\">Son un entrante o aperitivo estupendo, tambi\u00e9n se pueden elaborar con calabac\u00edn, coliflor, br\u00f3coli o col y son facil\u00edsimas de hacer. Y por si fuera poco, vienen con una salsa de yogur casera para chuparse hasta los codos.<\/p>\n<p class=\"\"><b>SEGUNDO:<\/b> <a href=\"https:\/\/elpais.com\/gastronomia\/el-comidista\/2025-01-09\/alubias-toscanas-con-tomate-y-salvia.html\" rel=\"nofollow noopener\" target=\"_blank\">ALUBIAS TOSCANAS CON TOMATE Y SALVIA<\/a><\/p>\n<p class=\"\">Es un plato t\u00edpico de la Toscana y se lo conoce como \u2018fagiuoli all\u2019uccelletto\u2019, un nombre que alberga una curiosa historia. La receta no tiene ning\u00fan misterio y adem\u00e1s es 100% vegetariana.<\/p>\n<p><img alt=\"Mejor alubias que pajaritos\" decoding=\"auto\" class=\"_re lazyload a_m-h\" height=\"332\"  width=\"414\"  src=\"https:\/\/www.europesays.com\/es\/wp-content\/uploads\/2025\/09\/JFROQ4FH6JEWBELIKPZIQQK6NM.jpg\" loading=\"lazy\"\/>Mejor alubias que pajaritosAnna Mayer Mayer<\/p>\n<p class=\"\"><b>POSTRE:<\/b> <a href=\"https:\/\/elpais.com\/gastronomia\/el-comidista\/2025-06-16\/cinco-recetas-del-libro-definitivo-para-cocinar-con-microondas.html\" rel=\"nofollow noopener\" target=\"_blank\">ROLLITOS DE CANELA EN MICROONDAS<\/a><\/p>\n<p class=\"\">Puedes preparar esta receta del chef Tim Anderson con antelaci\u00f3n, dejar que leuden lentamente en el frigor\u00edfico y, al momento de comerlos, cocerlos en el microondas en ocho minutos. <\/p>\n<p>Jueves 18 de septiembre<\/p>\n<p class=\"\"><b>PRIMERO:<\/b> <a href=\"https:\/\/elpais.com\/gastronomia\/recetas\/2022\/09\/08\/receta\/1662636289_837999.html\" rel=\"nofollow noopener\" target=\"_blank\">POLPETTE DE BERENJENA<\/a><\/p>\n<p class=\"\">Vienen del sur de Italia, no llevan carne y recuerdan a nuestros bu\u00f1uelos o croquetas. Pero lo m\u00e1s importante es que se hacen en dos patadas y son deliciosas. \u00c9sta es la receta de la paniner\u00eda Comp\u00e0.<\/p>\n<p class=\"\"><b>SEGUNDO:<\/b> <a href=\"https:\/\/elpais.com\/gastronomia\/el-comidista\/2024-08-26\/ensalada-de-arroz-como-actualizar-un-clasico-veraniego.html\" rel=\"nofollow noopener\" target=\"_blank\">ENSALADA DE ARROZ<\/a><\/p>\n<p class=\"\">Le damos una vuelta a receta m\u00e1s socorrida del verano -con permiso del gazpacho- a\u00f1adiendo un toque picante y herbal a la mayonesa, que tambi\u00e9n se viene arriba con el aceite de las conservas de pescado.<\/p>\n<p><img alt=\"Un fondo de armario del verano\" decoding=\"auto\" class=\"_re lazyload a_m-h\" height=\"319\"  width=\"414\"  src=\"https:\/\/www.europesays.com\/es\/wp-content\/uploads\/2025\/09\/7VUJOAFBXVBQFNKJ533GB2C52M.jpg\" loading=\"lazy\"\/>Un fondo de armario del veranoClaudia  Polo<\/p>\n<p class=\"\"><b>POSTRE:<\/b> <a href=\"https:\/\/elpais.com\/noticias\/melocotones\/\" target=\"_blank\" rel=\"noreferrer nofollow noopener\" title=\"https:\/\/elpais.com\/noticias\/melocotones\/\">FRUTA DE TEMPORADA: MELOCOT\u00d3N<\/a><\/p>\n<p class=\"\">Son suaves, tiernos, jugosos y muy arom\u00e1ticos cuando est\u00e1n en su punto \u00f3ptimo. Si te aburres de comerlos solos siempre puedes hacer clic en el enlace y probar alguna de las recetas.<\/p>\n<p>Viernes 19 de septiembre<\/p>\n<p class=\"\"><b>PRIMERO:<\/b> <a href=\"https:\/\/elpais.com\/gastronomia\/el-comidista\/2025-06-05\/crema-fria-de-espinacas-aguacate-y-albahaca.html\" rel=\"nofollow noopener\" target=\"_blank\">CREMA FR\u00cdA DE ESPINACAS, AGUACATE Y ALBAHACA<\/a><\/p>\n<p class=\"\">Estos ingredientes combinados con yogur natural, lim\u00f3n y za\u2019atar se realzan y dan lugar a un plato ligero, fresco y arom\u00e1tico perfecto para los d\u00edas calurosos.<\/p>\n<p class=\"\"><b>SEGUNDO:<\/b> <a href=\"https:\/\/elpais.com\/gastronomia\/el-comidista\/2025-04-10\/tortilla-paisana-la-de-patatas-con-verduras-y-un-poco-de-embutido.html\" rel=\"nofollow noopener\" target=\"_blank\">TORTILLA PAISANA<\/a><\/p>\n<p class=\"\">A\u00f1adir calabac\u00edn, guisantes o pimientos a la cl\u00e1sica tortilla de patatas no es ning\u00fan invento moderno, y puede dar muy buenos resultados con la t\u00e9cnica y las proporciones correctas.<\/p>\n<p><img alt=\"Tortilla paisana\" decoding=\"auto\" class=\"_re lazyload a_m-h\" height=\"233\"  width=\"414\"  src=\"https:\/\/www.europesays.com\/es\/wp-content\/uploads\/2025\/09\/FS6LRKIGUFAC5BRIIPLJYZAVOM.jpg\" loading=\"lazy\"\/>Lleva un poquito de embutidoMikel  L\u00f3pez Iturriaga<\/p>\n<p class=\"\"><b>POSTRE: <\/b><a href=\"https:\/\/elpais.com\/gastronomia\/recetas\/2022\/02\/22\/receta\/1645516854_143445.html\" rel=\"nofollow noopener\" target=\"_blank\">BIZCOCHO DE CHOCOLATE<\/a><\/p>\n<p class=\"\">El nivel m\u00e1s elemental, el rito inici\u00e1tico, el primer paso de la humanidad repostera: el bizcocho, por su sencilla elaboraci\u00f3n y esponjoso resultado, es el dulce comienzo de cualquiera que se acerque a la pasteler\u00eda.<\/p>\n<p>S\u00e1bado 20 de septiembre<\/p>\n<p class=\"\"><b>PLATO PRINCIPAL: <\/b><a href=\"https:\/\/elpais.com\/gastronomia\/el-comidista\/2024-07-17\/merluza-con-tomate-pimiento-y-aceitunas.html\" rel=\"nofollow noopener\" target=\"_blank\">MERLUZA CON TOMATE, PIMIENTO Y ACEITUNAS<\/a><\/p>\n<p class=\"\">Este plato se prepara en menos de 30 minutos y admite la adici\u00f3n de otro tipo de verduras. Puedes acompa\u00f1arlo con patatas cocidas o arroz blanco como guarnici\u00f3n.<\/p>\n<p><img alt=\"Salsa rojo pasi\u00f3n\" decoding=\"auto\" class=\"_re lazyload a_m-h\" height=\"276\"  width=\"414\"  src=\"https:\/\/www.europesays.com\/es\/wp-content\/uploads\/2025\/09\/KNNN6INXOJBN3L67D3RUZEQWDQ.jpg\" loading=\"lazy\"\/>Salsa rojo pasi\u00f3nJulia Laich <\/p>\n<p class=\"\"><b>POSTRE:<\/b> <a href=\"https:\/\/elpais.com\/noticias\/granadas\/\" target=\"_self\" rel=\"nofollow noopener\" title=\"https:\/\/elpais.com\/noticias\/granadas\/\">FRUTA DE TEMPORADA: GRANADA<\/a><\/p>\n<p class=\"\">Para escoger un buen ejemplar, f\u00edjate en que sea pesada \u2013respecto a su tama\u00f1o\u2013 y tenga un color bastante rosado o rojizo.<\/p>\n<p>Domingo 21 de septiembre<\/p>\n<p class=\"\"><b>PLATO PRINCIPAL: <\/b><a href=\"https:\/\/elpais.com\/gastronomia\/recetas\/2021\/08\/31\/receta\/1630426414_739234.html\" target=\"_self\" rel=\"nofollow noopener\" title=\"https:\/\/elpais.com\/gastronomia\/recetas\/2021\/08\/31\/receta\/1630426414_739234.html\">PIZZA BLANCA DE HIGOS Y JAM\u00d3N<\/a><\/p>\n<p class=\"\">Los higos son la fruta estrella de septiembre. Su carnosidad y dulzura permiten m\u00faltiples usos en la cocina dulce y salada, por ejemplo, esta pizza.<\/p>\n<p class=\"\"><b>POSTRE:<\/b> <a href=\"https:\/\/elpais.com\/gastronomia\/el-comidista\/2025-05-29\/la-tarta-de-galletas-mas-facil-con-cuatro-ingredientes.html\" rel=\"nofollow noopener\" target=\"_blank\">TARTA DE GALLETAS MUY F\u00c1CIL<\/a><\/p>\n<p class=\"\">La marquesa venezolana inspira esta versi\u00f3n m\u00e1s sencilla imposible de la tarta de galletas, ideal para vagos y torpes de la reposter\u00eda porque no lleva ni masa, ni horno ni apenas trabajo.<\/p>\n<p><img alt=\"Tarta de galletas\" decoding=\"auto\" class=\"_re lazyload a_m-h\" height=\"233\"  width=\"414\"  src=\"https:\/\/www.europesays.com\/es\/wp-content\/uploads\/2025\/09\/JYK3WZIVZJAVJBJHHCKMCVKINE.jpg\" loading=\"lazy\"\/>Perfecta para muchosMikel  L\u00f3pez IturriagaEl producto de la semana<\/p>\n<p class=\"\"><a href=\"https:\/\/elpais.com\/gastronomia\/el-comidista\/2024-09-14\/el-pate-artesano-de-la-rioja-alavesa-con-80-anos-de-historia.html\" rel=\"nofollow noopener\" target=\"_blank\">PAT\u00c9 IMURU<\/a><\/p>\n<p class=\"\">El pat\u00e9 Imuru naci\u00f3 en los cuarenta, cuando Pilar Laorden ide\u00f3 una receta sencilla para aprovechar el h\u00edgado de los cerdos que mataban en su casa. Su hijo lo sigue produciendo en Elciego pr\u00e1cticamente igual.<\/p>\n<p><img alt=\"Tu pat\u00e9 favorito a partir de este momento\" decoding=\"auto\" class=\"_re lazyload a_m-h\" height=\"264\"  width=\"414\"  src=\"https:\/\/www.europesays.com\/es\/wp-content\/uploads\/2025\/09\/V5NHWKZA3ZCKVBEMVNLRKK63MI.jpg\" loading=\"lazy\"\/>Tu pat\u00e9 favorito a partir de este momentoM\u00f2nica  Escudero<\/p>\n<p class=\"\">Sigue a El Comidista en <a href=\"https:\/\/www.youtube.com\/channel\/UCoIJrrwXy_mlr1WkC4vaTnA\" target=\"_self\" rel=\"nofollow noopener\" title=\"https:\/\/www.youtube.com\/channel\/UCoIJrrwXy_mlr1WkC4vaTnA\">Youtube<\/a>.<\/p>\n","protected":false},"excerpt":{"rendered":"Si quieres enterarte antes que nadie de todo lo que se cuece puedes suscribirte a nuestra newsletter y&hellip;\n","protected":false},"author":2,"featured_media":113727,"comment_status":"","ping_status":"","sticky":false,"template":"","format":"standard","meta":{"footnotes":""},"categories":[5],"tags":[17,18,21975,38459,38461,38460,25,24,13,14,11294,4475,11,24352,19,20,9,10,15,16,38462,27823,566,16247,23,12,21,22],"class_list":{"0":"post-113726","1":"post","2":"type-post","3":"status-publish","4":"format-standard","5":"has-post-thumbnail","7":"category-titulares","8":"tag-breaking-news","9":"tag-breakingnews","10":"tag-carnes","11":"tag-cocina-de-verano","12":"tag-cocina-ligera","13":"tag-cocina-muy-facil","14":"tag-es","15":"tag-espana","16":"tag-featured-news","17":"tag-featurednews","18":"tag-frutas","19":"tag-gastronomia","20":"tag-headlines","21":"tag-hortalizas","22":"tag-latest-news","23":"tag-latestnews","24":"tag-news","25":"tag-noticias","26":"tag-noticias-destacadas","27":"tag-noticiasdestacadas","28":"tag-pescados","29":"tag-postres","30":"tag-primeros","31":"tag-segundos","32":"tag-spain","33":"tag-titulares","34":"tag-ultimas-noticias","35":"tag-ultimasnoticias"},"share_on_mastodon":{"url":"","error":""},"_links":{"self":[{"href":"https:\/\/www.europesays.com\/es\/wp-json\/wp\/v2\/posts\/113726","targetHints":{"allow":["GET"]}}],"collection":[{"href":"https:\/\/www.europesays.com\/es\/wp-json\/wp\/v2\/posts"}],"about":[{"href":"https:\/\/www.europesays.com\/es\/wp-json\/wp\/v2\/types\/post"}],"author":[{"embeddable":true,"href":"https:\/\/www.europesays.com\/es\/wp-json\/wp\/v2\/users\/2"}],"replies":[{"embeddable":true,"href":"https:\/\/www.europesays.com\/es\/wp-json\/wp\/v2\/comments?post=113726"}],"version-history":[{"count":0,"href":"https:\/\/www.europesays.com\/es\/wp-json\/wp\/v2\/posts\/113726\/revisions"}],"wp:featuredmedia":[{"embeddable":true,"href":"https:\/\/www.europesays.com\/es\/wp-json\/wp\/v2\/media\/113727"}],"wp:attachment":[{"href":"https:\/\/www.europesays.com\/es\/wp-json\/wp\/v2\/media?parent=113726"}],"wp:term":[{"taxonomy":"category","embeddable":true,"href":"https:\/\/www.europesays.com\/es\/wp-json\/wp\/v2\/categories?post=113726"},{"taxonomy":"post_tag","embeddable":true,"href":"https:\/\/www.europesays.com\/es\/wp-json\/wp\/v2\/tags?post=113726"}],"curies":[{"name":"wp","href":"https:\/\/api.w.org\/{rel}","templated":true}]}}