{"id":11373,"date":"2025-07-29T09:45:06","date_gmt":"2025-07-29T09:45:06","guid":{"rendered":"https:\/\/www.europesays.com\/es\/11373\/"},"modified":"2025-07-29T09:45:06","modified_gmt":"2025-07-29T09:45:06","slug":"una-multa-de-hasta-200-euros","status":"publish","type":"post","link":"https:\/\/www.europesays.com\/es\/11373\/","title":{"rendered":"una multa de hasta 200 euros"},"content":{"rendered":"<p class=\"c-paragraph\"><b><a href=\"https:\/\/www.20minutos.es\/tags\/deportes\/lamine-yamal.html\" title=\"Lamine Yamal\" rel=\"nofollow noopener\" target=\"_blank\">Lamine Yamal<\/a> <\/b>es uno de los nombres del momento. A pesar de su corta edad, el jugador del <a href=\"https:\/\/www.20minutos.es\/tags\/deportes\/fc-barcelona.html\" title=\"FC Barcelona\" rel=\"nofollow noopener\" target=\"_blank\">FC Barcelona <\/a>se ha colocado en la c\u00faspide del f\u00fatbol mundial tras consagrarse durante la temporada pasada en Espa\u00f1a y en Europa, convirti\u00e9ndose de esta forma en el sucesor del mism\u00edsimo <a href=\"https:\/\/www.20minutos.es\/tags\/deportes\/messi.html\" title=\"Messi\" rel=\"nofollow noopener\" target=\"_blank\">Leo Messi<\/a> en el club blaugrana.<\/p>\n<p class=\"c-paragraph\">Sin embargo, el extremo de la selecci\u00f3n espa\u00f1ola y del Bar\u00e7a <b>no est\u00e1 exento de pol\u00e9mica<\/b>, sobre a ra\u00edz de la<a href=\"https:\/\/www.20minutos.es\/deportes\/noticia\/5730917\/0\/todos-los-detalles-18-cumpleanos-lamine-yamal\/\" rel=\"nofollow noopener\" target=\"_blank\"> fiesta de cumplea\u00f1os <\/a>que festej\u00f3 el pasado fin de semana para conmemorar, junto a sus compa\u00f1eros, amigos y familiares, sus 18 a\u00f1os reci\u00e9n cumplidos.\u00a0<\/p>\n<p>\u00bfProblemas ante la Ley de Tr\u00e1fico?\u00a0<\/p>\n<p class=\"c-paragraph\">En los \u00faltimos d\u00edas, se ha podido conocer que la ADEE, Asociaci\u00f3n de Personas con Acondroplasia y otras displasias esquel\u00e9ticas, ha denunciado a Lamine Yamal por contratar a personas <b>con\u00a0acondroplasia<\/b> para su fiesta de cumplea\u00f1os. Aseguran que es totalmente \u00abilegal\u00bb debido a que pueden llegar a ser \u00abobjeto de risa, burlas o denigraci\u00f3n\u00bb.\u00a0<\/p>\n<p class=\"c-paragraph\">Pero esto no es todo, el propio futbolista podr\u00eda enfrentarse a una <b>dura multa de Tr\u00e1fico<\/b> por publicar en su perfil oficial de Instagram un v\u00eddeo donde aparece sin <a href=\"https:\/\/www.20minutos.es\/motor\/movilidad\/funcion-cinturon-seguridad-regular-altura-5179216\/\" rel=\"nofollow noopener\" target=\"_blank\">cintur\u00f3n de seguridad<\/a> en una furgoneta y grabando a uno de sus amigos durmiendo, supuestamente volviendo de su fiesta de cumplea\u00f1os.\u00a0<\/p>\n<p>\u00bfCu\u00e1l es la multa por conducir sin cintur\u00f3n?<\/p>\n<p class=\"c-paragraph\">L\u00f3gicamente, esta pol\u00e9mica acci\u00f3n del crack blaugrana es motivo de multa por parte del organismo encargado de velar por la seguridad vial, es decir, la <b>Direcci\u00f3n General de Tr\u00e1fico<\/b>: Yamal se podr\u00eda enfrentar a una sanci\u00f3n de hasta 200 euros por no cumplir la Ley y poner su <a href=\"https:\/\/www.20minutos.es\/motor\/motos\/guia-esencial-para-moverte-moto-por-ciudad-sin-poner-vida-riesgo-5720649\/\" rel=\"nofollow noopener\" target=\"_blank\">vida en peligro<\/a> en la carretera.\u00a0<\/p>\n<p>Lluvia de cr\u00edticas en redes<\/p>\n<p class=\"c-paragraph\">Este escenario ha originado un<b> intenso debate en redes<\/b> y las cr\u00edticas sobre la <a href=\"https:\/\/www.20minutos.es\/television\/una-mujer-con-acondroplasia-opina-sobre-polemica-fiesta-lamine-yamal-es-ofensivo-para-ti-no-para-mi-5732863\/\" rel=\"nofollow noopener\" target=\"_blank\">figura de Lamine<\/a> no han tardado en aparecer por parte de algunos usuarios de las redes sociales. \u00abA toda velocidad y sin cintur\u00f3n de seguridad. Me imagino que est\u00e1n volviendo de su famoso cumplea\u00f1os. Luego pasan cosas y nos extra\u00f1amos. \u00a1Cabeza Lamine, que la vida es \u00fanica campe\u00f3n!\u00bb; \u00abY todav\u00eda lo quieren comparar con Messi, <b>a este ritmo poca carrera va a tener<\/b>. Ya su padre lo deja en rid\u00edculo\u00bb; \u00abCada d\u00eda me aburre m\u00e1s este ni\u00f1o. Que se dedique a jugar al f\u00fatbol y nos deje de abrasar con su vida privada\u00bb; o <b>\u00abPor estas cosas, Yamal jam\u00e1s va a llegar donde Messi&#8230; <\/b>quiz\u00e1s donde Neymar o Vinicius\u00bb, entre otros, son algunos de los comentarios que se han podido leer en X (antes Twitter).\u00a0<\/p>\n","protected":false},"excerpt":{"rendered":"Lamine Yamal es uno de los nombres del momento. A pesar de su corta edad, el jugador del&hellip;\n","protected":false},"author":2,"featured_media":11374,"comment_status":"","ping_status":"","sticky":false,"template":"","format":"standard","meta":{"footnotes":""},"categories":[268],"tags":[8139,1558,168,25,24,280,282,8138,2362,8137,267,817,281,23,167],"class_list":{"0":"post-11373","1":"post","2":"type-post","3":"status-publish","4":"format-standard","5":"has-post-thumbnail","7":"category-futbol","8":"tag-cinturon-de-seguridad","9":"tag-coches","10":"tag-deportes","11":"tag-es","12":"tag-espana","13":"tag-football","14":"tag-futbol","15":"tag-lamine-yamal","16":"tag-motor","17":"tag-movilidad","18":"tag-planseo","19":"tag-seguridad-vial","20":"tag-soccer","21":"tag-spain","22":"tag-sports"},"share_on_mastodon":{"url":"","error":""},"_links":{"self":[{"href":"https:\/\/www.europesays.com\/es\/wp-json\/wp\/v2\/posts\/11373","targetHints":{"allow":["GET"]}}],"collection":[{"href":"https:\/\/www.europesays.com\/es\/wp-json\/wp\/v2\/posts"}],"about":[{"href":"https:\/\/www.europesays.com\/es\/wp-json\/wp\/v2\/types\/post"}],"author":[{"embeddable":true,"href":"https:\/\/www.europesays.com\/es\/wp-json\/wp\/v2\/users\/2"}],"replies":[{"embeddable":true,"href":"https:\/\/www.europesays.com\/es\/wp-json\/wp\/v2\/comments?post=11373"}],"version-history":[{"count":0,"href":"https:\/\/www.europesays.com\/es\/wp-json\/wp\/v2\/posts\/11373\/revisions"}],"wp:featuredmedia":[{"embeddable":true,"href":"https:\/\/www.europesays.com\/es\/wp-json\/wp\/v2\/media\/11374"}],"wp:attachment":[{"href":"https:\/\/www.europesays.com\/es\/wp-json\/wp\/v2\/media?parent=11373"}],"wp:term":[{"taxonomy":"category","embeddable":true,"href":"https:\/\/www.europesays.com\/es\/wp-json\/wp\/v2\/categories?post=11373"},{"taxonomy":"post_tag","embeddable":true,"href":"https:\/\/www.europesays.com\/es\/wp-json\/wp\/v2\/tags?post=11373"}],"curies":[{"name":"wp","href":"https:\/\/api.w.org\/{rel}","templated":true}]}}