{"id":113730,"date":"2025-09-14T05:42:08","date_gmt":"2025-09-14T05:42:08","guid":{"rendered":"https:\/\/www.europesays.com\/es\/113730\/"},"modified":"2025-09-14T05:42:08","modified_gmt":"2025-09-14T05:42:08","slug":"afuera-le-podemos-ganar-a-cualquiera-el-analisis-de-javier-frana-tras-la-clasificacion-al-final-8-de-la-copa-davis","status":"publish","type":"post","link":"https:\/\/www.europesays.com\/es\/113730\/","title":{"rendered":"\u201cAfuera le podemos ganar a cualquiera\u201d, el an\u00e1lisis de Javier Frana tras la clasificaci\u00f3n al Final 8 de la Copa Davis"},"content":{"rendered":"<p><img alt=\"La Selecci\u00f3n Argentina de Tenis\" class=\"global-image\" decoding=\"async\" fetchpriority=\"high\" height=\"3940\" loading=\"eager\" src=\"https:\/\/www.europesays.com\/es\/wp-content\/uploads\/2025\/09\/KG6OIM66ABBVZDBW6MGEQGFGCI.JPG\" width=\"5820\"\/>La Selecci\u00f3n Argentina de Tenis se clasific\u00f3 para disputar el Final 8 de la Copa Davis (Foto: REUTERS\/Piroschka Van De Wouw)<\/p>\n<p class=\"paragraph\">La <b>Selecci\u00f3n Argentina de Tenis YPF <\/b>sonri\u00f3 en <b>Groningen<\/b>. Por segunda temporada consecutiva, se clasific\u00f3 para el <b>Final 8 de la Copa Davis<\/b><a href=\"https:\/\/www.infobae.com\/deportes\/2025\/09\/13\/argentina-busca-sellar-el-pase-al-final-8-de-la-copa-davis-ante-paises-bajos-en-groningen-hora-y-como-verlo\/\" target=\"_blank\" rel=\"noreferrer nofollow noopener\" title=\"https:\/\/www.infobae.com\/deportes\/2025\/09\/13\/argentina-busca-sellar-el-pase-al-final-8-de-la-copa-davis-ante-paises-bajos-en-groningen-hora-y-como-verlo\/\"> <b>al derrotar a Pa\u00edses Bajos por 3-1<\/b><\/a>. Al cierre de la serie, visiblemente feliz, el capit\u00e1n albiceleste, <b>Javier Frana<\/b>, cont\u00f3 sus emociones: \u201cEst\u00e1 bueno ver que no todo es extremo, <b>la pasi\u00f3n es muy linda, pero yo siento que el deporte tiene que ser los m\u00e1s importante de lo menos importante<\/b> y ac\u00e1 lo vivimos en un clima fant\u00e1stico para jugar\u201d. <\/p>\n<p class=\"paragraph\">Respecto al partido del s\u00e1bado y la serie en general, el santafesino coment\u00f3: \u201cSinceramente fue el resultado posible, ideal, 3-0 era una posibilidad, pero tambi\u00e9n sab\u00edamos que un 0-3 en esas series en las que las cosas no te salen bien, tambi\u00e9n podr\u00eda haber sido. Creo que qued\u00f3 reflejado que tambi\u00e9n las cosas hubiesen podido ir para otro lado\u201d. Y agreg\u00f3 en ese sentido: \u201cTodos los partidos tuvieron sus complejidades, el dobles hoy<b> rescat\u00f3 un segundo set que s\u00f3lo dos fen\u00f3menos lo pueden hacer porque lo hicieron espectacular<\/b>, jugando de la mejor manera, con unas devoluciones impresionantes y sacando pelotas de locos\u00bb.<\/p>\n<p class=\"paragraph\">En di\u00e1logo con<b> <\/b><b>Infobae<\/b>, Frana habl\u00f3 tambi\u00e9n de la tendencia en los \u00faltimos a\u00f1os que demostr\u00f3 el conjunto albiceleste de plantarse de igual a igual de visitante: \u201cS\u00ed,<b> hace tiempo que estamos fuertes fuera<\/b>, estamos casi a la par. Eso es muy bueno y obviamente que tambi\u00e9n provoca cosas que antes no nos pasaban. Tal vez 15 a\u00f1os atr\u00e1s -por poner un n\u00famero-, de visitantes se nos complicaba mucho m\u00e1s, aunque de locales eran muy poquitos los que nos pod\u00edan ganar. Hoy, afuera le podemos ganar a cualquiera\u00bb. <\/p>\n<p class=\"paragraph\">A la hora de ser consultado acerca de qu\u00e9 rival prefiere, coment\u00f3: \u201c<b>Elegir\u00eda al que toque<\/b>. Lo mismo que en el sorteo ac\u00e1, las cosas tienen su vida propia y eso se ver\u00e1 y que toque lo que el destino nos tenga preparado para nosotros. <b>Lo vamos a afrontar, lo vamos a disfrutar, nos vamos a sentir honrados enfrentando a quien sea y tambi\u00e9n nos vamos a sentir fuertes<\/b>, as\u00ed es que en ese sentido que la bolilla vaya para donde tenga que ir\u201d.<\/p>\n<p><img alt=\"El entrenador argentino de Copa\" class=\"global-image\" decoding=\"async\" fetchpriority=\"low\" height=\"3732\" loading=\"lazy\" src=\"https:\/\/www.europesays.com\/es\/wp-content\/uploads\/2025\/09\/P2FP7SCVFZCABNILWFMVCMCAQ4.JPG\" width=\"5912\"\/>El entrenador argentino de Copa Davis destac\u00f3 la la contundente victoria de Los Halcones ante los neerlandeses (Foto: REUTERS\/Piroschka Van De Wouw)<\/p>\n<p class=\"paragraph\">Y por \u00faltimo, <b>Frana<\/b> quiso dejar en claro que el triunfo fue un trabajo de todo un grupo, y no solo de quienes viajaron a <b>Groningen<\/b>. \u201cEste es parte de un equipo que le toc\u00f3 venir ac\u00e1, pero ac\u00e1 tambi\u00e9n est\u00e1n <b>Mariano Navone<\/b> y <b>Facundo D\u00edaz Acosta<\/b>\u201c, resalt\u00f3. Tambi\u00e9n mencion\u00f3 a otros jugadores que estuvieron a disposici\u00f3n: \u201d<b>Camilo (Ugo Carabelli)<\/b> estuvo listo para venir, <b>Sebasti\u00e1n B\u00e1ez<\/b> entren\u00f3 con nosotros los d\u00edas previos, y <b>Guido Andreozzi<\/b> tambi\u00e9n estuvo alerta hasta el final\u00bb.<\/p>\n<p class=\"paragraph\">Con la emoci\u00f3n de haber asegurado el punto de la clasificaci\u00f3n para Los Halcones, <b>Horacio Zeballos,<\/b> actual n\u00famero 5 del mundo en dobles, y <b>Andr\u00e9s<\/b> <b>Molteni<\/b>, 19\u00b0 del ranking, celebraron tras imponerse a los neerlandeses <b>Sander<\/b> <b>Arends<\/b> (23\u00b0) y <b>Botic<\/b> <b>van<\/b> <b>de<\/b> <b>Zandschulp<\/b> (82\u00b0) por 6-3 y 7-5, en un partido que sell\u00f3 la serie y desat\u00f3 la alegr\u00eda albiceleste.<\/p>\n<p class=\"paragraph\"><b>Zeballos,<\/b> por su parte, disfrut\u00f3 volver a vestir los colores nacionales y se le not\u00f3 en los comentarios tras el duelo que defini\u00f3 la serie ante los neerlandeses: \u201cQu\u00e9 te puedo decir, <b>estoy muy emocionado, jugamos un gran partido<\/b>\u201d. Con el triunfo en el bolsillo, el marplatense reconoci\u00f3 que la victoria es un \u201cgran sue\u00f1o para todos, se nota el trabajo diario\u201d, y destac\u00f3 el esfuerzo de aquello que quiz\u00e1 no salen en c\u00e1mara: \u201cHay mucho trabajo del equipo que tenemos atr\u00e1s\u201d. <\/p>\n<p class=\"paragraph\">Finalmente, revel\u00f3 su compromiso total con el equipo, incluso por encima de <a href=\"https:\/\/www.infobae.com\/deportes\/2025\/09\/06\/el-argentino-horacio-zeballos-y-marcel-granollers-ganaron-una-final-historica-del-us-open-se-consagraron-campeones-del-grand-slam-en-dobles\/\" target=\"_blank\" rel=\"noreferrer nofollow noopener\" title=\"https:\/\/www.infobae.com\/deportes\/2025\/09\/06\/el-argentino-horacio-zeballos-y-marcel-granollers-ganaron-una-final-historica-del-us-open-se-consagraron-campeones-del-grand-slam-en-dobles\/\"><b>su reciente \u00e9xito personal, con la consagraci\u00f3n en el dobles del US Open, semanas despu\u00e9s de haber conquistado Roland Garros<\/b><\/a>. \u201cNo importan las vacaciones. <b>Llevar a la Argentina a las finales es hermoso<\/b>. No quer\u00eda relajarme despu\u00e9s de lo que viv\u00ed la semana pasada con el t\u00edtulo del <b>US Open<\/b> porque quer\u00eda que ganemos esta serie y poder clasificar al Final 8\u2033, confes\u00f3. <\/p>\n<p><img alt=\"Andr\u00e9s Molteni no oculta su\" class=\"global-image\" decoding=\"async\" fetchpriority=\"low\" height=\"3826\" loading=\"lazy\" src=\"https:\/\/www.europesays.com\/es\/wp-content\/uploads\/2025\/09\/VCQOJPAQUNALHKVUUS73XDGERU.JPG\" width=\"5806\"\/>Andr\u00e9s Molteni no oculta su felicidad tras lograr junto a Horacio Zeballos la clasificaci\u00f3n al Final 8 (Foto;  REUTERS\/Piroschka Van De Wouw)<\/p>\n<p class=\"paragraph\">No obstante, <b>Molteni<\/b>, con la mirada puesta en el grupo de hinchas argentinos que acompa\u00f1\u00f3 en <b>Groningen<\/b>, no ocult\u00f3 su alegr\u00eda: \u201cEsto fue emocionante, muchas gracias a todo el p\u00fablico. Nos encant\u00f3 jugar ac\u00e1. Gracias por venir a todos y apoyar. Siempre locales\u201d. Sobre el cruce con <b>Pa\u00edses Bajos <\/b>destac\u00f3: \u201cEs un orgullo representar a la Argentina y poder cerrar la serie. Estamos muy felices\u201d. Molto explic\u00f3 el motivo de la sinton\u00eda con <b>Zeballos <\/b>pese a no formar una pareja habitual en el tour, aunque consiguieron juntos los t\u00edtulos en los <b>ATP de Buenos Aires <\/b>(2018) y <b>Atlanta <\/b>(2016) y debutaron como dupla en la primera ronda de los Qualifiers 2025 con triunfo frente a Noruega: \u201cNos conocemos desde hace mucho tiempo, yo entrenaba en el club del viejo. Hemos jugado ATP y tenemos esa conexi\u00f3n que suma mucho. Despu\u00e9s, lo t\u00e9cnico se puede pulir\u201d.<\/p>\n<p><img alt=\"El tenista argentino Francisco Comesa\u00f1a\" class=\"global-image\" decoding=\"async\" fetchpriority=\"low\" height=\"511\" loading=\"lazy\" src=\"https:\/\/www.europesays.com\/es\/wp-content\/uploads\/2025\/09\/47VVS4LZIRGANNAJKX35RQDSXA.JPG\" width=\"800\"\/>El tenista argentino Francisco Comesa\u00f1a en acci\u00f3n durante su partido de individuales contra el neerland\u00e9s Jesper De Jong por la segunda ronda de la Copa Davis en MartiniPlaza de Groninga, Pa\u00edses Bajos (Foto: Reuters\/Piroschka Van De Wouw)<\/p>\n<p class=\"paragraph\">Por \u00faltimo, <b>Francisco Comesa\u00f1a <\/b>tuvo su estreno a pesar de que la serie ya estaba definida. En el cuarto punto, el marplatense, quien se convirti\u00f3 en el jugador argentino de Copa Davis <b>N\u00b0 91 <\/b>de la historia, cay\u00f3 ante <b>Jesper de Jong <\/b>por 6-4 y 6-3.<\/p>\n<p class=\"paragraph\">Al cierre del encuentro, el Tibur\u00f3n manifest\u00f3: \u201cAgradecerle a Javi (Frana) por darme la oportunidad de salir a la cancha, era algo que so\u00f1aba de chiquito\u201d. El marplatense se sinti\u00f3 feliz de haber cumplido su sue\u00f1o: \u201c<b>Lo viv\u00ed con nervios, creo que estuvo bueno sacarme el debut de encima, porque era lo que so\u00f1aba. El ambiente fue muy lindo y durante toda la semana la energ\u00eda con el grupo fue muy linda<\/b>\u201d.<\/p>\n","protected":false},"excerpt":{"rendered":"La Selecci\u00f3n Argentina de Tenis se clasific\u00f3 para disputar el Final 8 de la Copa Davis (Foto: REUTERS\/Piroschka&hellip;\n","protected":false},"author":2,"featured_media":113731,"comment_status":"","ping_status":"","sticky":false,"template":"","format":"standard","meta":{"footnotes":""},"categories":[274],"tags":[168,25,24,406,38052,23,3020,167,327,326,5512],"class_list":{"0":"post-113730","1":"post","2":"type-post","3":"status-publish","4":"format-standard","5":"has-post-thumbnail","7":"category-tenis","8":"tag-deportes","9":"tag-es","10":"tag-espana","11":"tag-europe","12":"tag-groningen","13":"tag-spain","14":"tag-sport","15":"tag-sports","16":"tag-tenis","17":"tag-tennis","18":"tag-tensid"},"share_on_mastodon":{"url":"","error":""},"_links":{"self":[{"href":"https:\/\/www.europesays.com\/es\/wp-json\/wp\/v2\/posts\/113730","targetHints":{"allow":["GET"]}}],"collection":[{"href":"https:\/\/www.europesays.com\/es\/wp-json\/wp\/v2\/posts"}],"about":[{"href":"https:\/\/www.europesays.com\/es\/wp-json\/wp\/v2\/types\/post"}],"author":[{"embeddable":true,"href":"https:\/\/www.europesays.com\/es\/wp-json\/wp\/v2\/users\/2"}],"replies":[{"embeddable":true,"href":"https:\/\/www.europesays.com\/es\/wp-json\/wp\/v2\/comments?post=113730"}],"version-history":[{"count":0,"href":"https:\/\/www.europesays.com\/es\/wp-json\/wp\/v2\/posts\/113730\/revisions"}],"wp:featuredmedia":[{"embeddable":true,"href":"https:\/\/www.europesays.com\/es\/wp-json\/wp\/v2\/media\/113731"}],"wp:attachment":[{"href":"https:\/\/www.europesays.com\/es\/wp-json\/wp\/v2\/media?parent=113730"}],"wp:term":[{"taxonomy":"category","embeddable":true,"href":"https:\/\/www.europesays.com\/es\/wp-json\/wp\/v2\/categories?post=113730"},{"taxonomy":"post_tag","embeddable":true,"href":"https:\/\/www.europesays.com\/es\/wp-json\/wp\/v2\/tags?post=113730"}],"curies":[{"name":"wp","href":"https:\/\/api.w.org\/{rel}","templated":true}]}}