{"id":113736,"date":"2025-09-14T05:46:08","date_gmt":"2025-09-14T05:46:08","guid":{"rendered":"https:\/\/www.europesays.com\/es\/113736\/"},"modified":"2025-09-14T05:46:08","modified_gmt":"2025-09-14T05:46:08","slug":"orian-goren-lidera-un-debut-brillante-del-juvenil-a","status":"publish","type":"post","link":"https:\/\/www.europesays.com\/es\/113736\/","title":{"rendered":"Orian Goren lidera un debut brillante del Juvenil A"},"content":{"rendered":"<p class=\"ft-text\">El Juvenil A del Bar\u00e7a inici\u00f3 la Divisi\u00f3n de Honor con una goleada convincente ante el Zaragoza (4-0) en la Ciutat Esportiva Joan Gamper. <strong>Fue el estreno so\u00f1ado para Pol Planas en el banquillo, con goles, porter\u00eda a cero y varios debuts que dejaron grandes sensaciones.<\/strong><\/p>\n<p class=\"ft-text\">La apuesta de Planas de situar a Orian Goren, debutante, como titular no pudo salirle mejor: inicio fulgurante, con dominio total en los primeros minutos y un golazo en el 9\u2019. <strong>El propio Orian inici\u00f3 la jugada con una combinaci\u00f3n maravillosa con el falso 9 Adri\u00e1n Guerrero y defini\u00f3 de lujo ante el portero rival. <\/strong>El centro del campo blaugrana brill\u00f3: Pedro Villar cortaba contras, Pedro Rodr\u00edguez generaba peligro y Orian llegaba desde segunda l\u00ednea con much\u00edsima calidad. Durante los primeros 20 minutos el Zaragoza apenas cruz\u00f3 el centro del campo.<\/p>\n<p class=\"ft-text\">Hubo, sin embargo, un peque\u00f1o baj\u00f3n de dos o tres minutos que pudo costar caro. <strong>En el 21\u2019 el \u00e1rbitro no se\u00f1al\u00f3 un posible penalti a favor del Zaragoza y, acto seguido, Cuartero remat\u00f3 al larguero. Hafiz salv\u00f3 al Bar\u00e7a en una gran acci\u00f3n defensiva. <\/strong>Los azulgranas recuperaron el mando y reclamaron otro penalti en el 33\u2019 por una ca\u00edda de Pedro Rodr\u00edguez. El primer tiempo acab\u00f3 con un remate alto de Villar y buenas sensaciones de un equipo que supo madurar el duelo.<\/p>\n<p>DE MENOS A M\u00c1S<\/p>\n<p class=\"ft-text\">La segunda parte fue de control y paciencia. El \u00fanico susto lleg\u00f3 al inicio con un disparo de Cuartero que Max Bonfill, muy seguro durante todo el encuentro, repeli\u00f3 de forma brillante. Oriol Pall\u00e0s, reci\u00e9n llegado del Espanyol, roz\u00f3 el gol con un gran disparo cerca de la escuadra. <strong>El Bar\u00e7a dominaba pero le costaba generar ocasiones claras hasta que, en el 77\u2019, un centro de Oertli (que tambi\u00e9n se estren\u00f3) desde la izquierda acab\u00f3 con el autogol de Aguilar para el 2-0 que dejaba sentenciado el choque.<\/strong><\/p>\n<p class=\"ft-text\">El tramo final fue un festival. <strong>Ebrima Tunkara, que debut\u00f3 con solo 15 a\u00f1os, mostr\u00f3 su talento en la jugada que acab\u00f3 con el 3-0 de Pedro Villar a tres minutos del final. Ya en el a\u00f1adido, Pedro Rodr\u00edguez puso la guinda <\/strong>con un gran remate de cabeza para cerrar el 4-0.<\/p>\n<p class=\"ft-text\">El Juvenil A arranca con paso firme, demostrando que sabe trabajar los partidos, madurarlos y sentenciarlos en el momento justo. Un estreno que invita al optimismo.<\/p>\n","protected":false},"excerpt":{"rendered":"El Juvenil A del Bar\u00e7a inici\u00f3 la Divisi\u00f3n de Honor con una goleada convincente ante el Zaragoza (4-0)&hellip;\n","protected":false},"author":2,"featured_media":113737,"comment_status":"","ping_status":"","sticky":false,"template":"","format":"standard","meta":{"footnotes":""},"categories":[268],"tags":[38465,30650,5437,168,25,24,280,282,38464,2289,38463,281,23,167],"class_list":{"0":"post-113736","1":"post","2":"type-post","3":"status-publish","4":"format-standard","5":"has-post-thumbnail","7":"category-futbol","8":"tag-adn-masia","9":"tag-brillante","10":"tag-debut","11":"tag-deportes","12":"tag-es","13":"tag-espana","14":"tag-football","15":"tag-futbol","16":"tag-goren","17":"tag-lidera","18":"tag-orian","19":"tag-soccer","20":"tag-spain","21":"tag-sports"},"share_on_mastodon":{"url":"","error":""},"_links":{"self":[{"href":"https:\/\/www.europesays.com\/es\/wp-json\/wp\/v2\/posts\/113736","targetHints":{"allow":["GET"]}}],"collection":[{"href":"https:\/\/www.europesays.com\/es\/wp-json\/wp\/v2\/posts"}],"about":[{"href":"https:\/\/www.europesays.com\/es\/wp-json\/wp\/v2\/types\/post"}],"author":[{"embeddable":true,"href":"https:\/\/www.europesays.com\/es\/wp-json\/wp\/v2\/users\/2"}],"replies":[{"embeddable":true,"href":"https:\/\/www.europesays.com\/es\/wp-json\/wp\/v2\/comments?post=113736"}],"version-history":[{"count":0,"href":"https:\/\/www.europesays.com\/es\/wp-json\/wp\/v2\/posts\/113736\/revisions"}],"wp:featuredmedia":[{"embeddable":true,"href":"https:\/\/www.europesays.com\/es\/wp-json\/wp\/v2\/media\/113737"}],"wp:attachment":[{"href":"https:\/\/www.europesays.com\/es\/wp-json\/wp\/v2\/media?parent=113736"}],"wp:term":[{"taxonomy":"category","embeddable":true,"href":"https:\/\/www.europesays.com\/es\/wp-json\/wp\/v2\/categories?post=113736"},{"taxonomy":"post_tag","embeddable":true,"href":"https:\/\/www.europesays.com\/es\/wp-json\/wp\/v2\/tags?post=113736"}],"curies":[{"name":"wp","href":"https:\/\/api.w.org\/{rel}","templated":true}]}}