{"id":113742,"date":"2025-09-14T05:55:09","date_gmt":"2025-09-14T05:55:09","guid":{"rendered":"https:\/\/www.europesays.com\/es\/113742\/"},"modified":"2025-09-14T05:55:09","modified_gmt":"2025-09-14T05:55:09","slug":"nathalie-poza-actriz-me-siento-mejor-con-esta-cara-que-con-la-de-los-20-antes-me-miraba-al-espejo-y-me-odiaba-cultura","status":"publish","type":"post","link":"https:\/\/www.europesays.com\/es\/113742\/","title":{"rendered":"Nathalie Poza, actriz: \u201cMe siento mejor con esta cara que con la de los 20: antes me miraba al espejo y me odiaba\u201d | Cultura"},"content":{"rendered":"<p class=\"\">A veces, pocas, sucede. El personaje, perd\u00f3n, la persona a entrevistar entra de plano a la entrevista y te cuenta cosas de su vida sin casi preguntarle. Ocurri\u00f3 con <a href=\"https:\/\/elpais.com\/babelia\/2024-01-20\/nathalie-poza-desde-siempre-he-jugado-a-ser-otra.html\" target=\"_self\" rel=\"nofollow noopener\" title=\"https:\/\/elpais.com\/babelia\/2024-01-20\/nathalie-poza-desde-siempre-he-jugado-a-ser-otra.html\">Nathalie Poza<\/a>. Y eso que, de entrada, la cosa no promet\u00eda. Lleg\u00f3 pel\u00edn tarde al sitio que propuso: La Divina Bohemia \u2014toma ya declaraci\u00f3n de intenciones\u2014, un local a la vez burgu\u00e9s y alternativo del, a la vez alternativo y burgu\u00e9s, barrio madrile\u00f1o de La Latina. Salud\u00f3, se disculp\u00f3, c\u00e1lida sin exagerar, por el retraso y se puso a disposici\u00f3n del fot\u00f3grafo. Primero, cautelosa; luego, entregada. Al punto de descalzarse ella misma para la foto como desnuda su alma su personaje de Blanche Dubois en el escenario de <a href=\"https:\/\/elpais.com\/cultura\/2025-06-12\/un-tranvia-llamado-deseo-un-clasico-teatral-mas-alla-de-marlon-brando-y-vivien-leigh.html\" target=\"_self\" rel=\"nofollow noopener\" title=\"https:\/\/elpais.com\/cultura\/2025-06-12\/un-tranvia-llamado-deseo-un-clasico-teatral-mas-alla-de-marlon-brando-y-vivien-leigh.html\">Un tranv\u00eda llamado deseo<\/a>. Sin maquillaje, como su personaje de Adela en la serie <a href=\"https:\/\/elpais.com\/television\/2025-07-15\/furia-o-como-cinco-mujeres-de-mas-de-50-explotan-contra-el-sistema-mostrar-sus-historias-es-justicia-poetica.html\" target=\"_self\" rel=\"nofollow noopener\" title=\"https:\/\/elpais.com\/television\/2025-07-15\/furia-o-como-cinco-mujeres-de-mas-de-50-explotan-contra-el-sistema-mostrar-sus-historias-es-justicia-poetica.html\">Furia<\/a>, una mujer desbordada, lidiando a la vez con el cuidado de su madre enferma y sus propios males. Le pregunto lo primero que se me ocurre. <\/p>\n<p class=\"\"><b>\u00bfC\u00f3mo est\u00e1?<\/b> <\/p>\n<p class=\"\">Bueno, no estoy mal, dentro de lo que cabe.<\/p>\n<p class=\"\"><b>\u00bfQu\u00e9 es lo que cabe?<\/b> <\/p>\n<p class=\"\">A ver, es que estar bien es una obligaci\u00f3n en estos tiempos. Por c\u00f3mo est\u00e1 el mundo y, bueno, mi situaci\u00f3n personal: me pillas con una edad, tengo 53 a\u00f1os y siento que estoy en un cambio de etapa. Nos pasa a todas y todos, pero cuando eres m\u00e1s joven eres m\u00e1s inconsciente. Con los a\u00f1os, tomas conciencia. Eso me da lucidez, y a m\u00ed a veces la lucidez me asusta, porque el mundo, tal y como est\u00e1, no me gusta. Por otro lado, amo la vida. Pero la realidad est\u00e1 llena de falsedad. Para m\u00ed, el teatro es donde hay m\u00e1s verdad. Creo que quienes nos dedicamos a esto es por una inquietud que nos hace insoportable la existencia cotidiana.<\/p>\n<p class=\"\"><b>\u00bfSomatiza ese malestar?<\/b> <\/p>\n<p class=\"\">Bueno, soy una privilegiada con problemas del primer mundo, pero es cierto que esto que vivimos, un <a href=\"https:\/\/elpais.com\/espana\/2025-09-09\/sanchez-habla-ya-de-genocidio-sobre-gaza-de-las-discrepancias-entre-politicos-al-casi-consenso-entre-los-expertos.html\" target=\"_self\" rel=\"nofollow noopener\" title=\"https:\/\/elpais.com\/espana\/2025-09-09\/sanchez-habla-ya-de-genocidio-sobre-gaza-de-las-discrepancias-entre-politicos-al-casi-consenso-entre-los-expertos.html\">genocidio en directo<\/a>, atrocidades que antes no ve\u00edamos de una manera tan brutal y obscena, me afecta. <\/p>\n<p class=\"\"><b>Pensaba preguntarle por la edad y las mujeres, pero ha empezado usted. \u00bfHabla de la menopausia, de la mediana edad?<\/b><\/p>\n<p class=\"\">Claro, pero va m\u00e1s all\u00e1. Hay algo no discutible: el cuerpo te cambia. No hablo solo de lo obvio; la belleza, lo que sea. Es, sobre todo, lo que te pasa por dentro: hormonalmente, sexualmente. Luego, tambi\u00e9n, depende del d\u00eda. Ayer estaba m\u00e1s bajita, hoy tengo otro \u00e1nimo. Para m\u00ed, es un trabajo. Tengo que trabajarme mucho el estar bien. Tiene que ver con recogerse, sentarse cada d\u00eda y ver c\u00f3mo est\u00e1s, c\u00f3mo quieres presentarte al mundo. Tengo cierta tendencia a aislarme y, a la vez, cuanto m\u00e1s te a\u00edslas, m\u00e1s te das cuenta de que necesitas al otro. Yo me dedico al teatro para m\u00ed, porque lo gozo, pero sobre todo para conectar con el otro y sentir que formo parte de \u00e9l. Por eso no tengo miedo del escenario. Lo paso peor en los periodos antes del trasplante.<\/p>\n<p class=\"\"><b>\u00bfTrasplante? \u00bfDel personaje?<\/b> <\/p>\n<p class=\"\">S\u00ed, le\u00ed en un libro de Anne Greenberg que me regal\u00f3 <a href=\"https:\/\/elpais.com\/noticias\/isabel-coixet\/\" target=\"_self\" rel=\"nofollow noopener\" title=\"https:\/\/elpais.com\/noticias\/isabel-coixet\/\">Isabel Coixet<\/a> sobre c\u00f3mo funciona el cerebro de los actores que, durante el proceso creativo, cuando te pones en pie con el personaje, hay como un momento de rechazo, como que hay una parte de ti que no se lo cree. Hasta que se produce el trasplante, cuando entras por fin en ese juego maravilloso y te habita el personaje. Por eso no me da miedo el escenario: porque ah\u00ed no me siento sola. Hay cientos de personas contigo esperando que les pase algo. Ojal\u00e1 pudi\u00e9ramos salir a la calle y que nos pasara lo mismo.<\/p>\n<p class=\"\"><b>Pero usted es una actriz de \u00e9xito. Lleva 30 a\u00f1os viviendo de esto. Tiene dos Goya en casa.<\/b> <\/p>\n<p class=\"\">Me gusta que me lo recuerdes, porque se me olvida. Hay una parte sana, que es que cada d\u00eda es nuevo. Pero a veces&#8230; Ahora vivo sola, pero cuando viv\u00eda en pareja, hace relativamente poco, ten\u00eda el Goya en el sal\u00f3n precisamente para eso. Mi expareja me dec\u00eda: \u201cAs\u00ed te acuerdas de que lo haces bien\u201d. <\/p>\n<p class=\"\"><b>\u00bfDe verdad se le olvida?<\/b> <\/p>\n<p class=\"\">S\u00ed. A veces me castigo, cuando estoy en determinados procesos, y me lo como todo. Intento no molestar a nadie. Despu\u00e9s, cuando voy a trabajar, intento ser generosa y alegre. <\/p>\n<p class=\"\"><b>En <\/b><b>Furia<\/b><b> y en <\/b><b>Un tranv\u00eda llamado deseo,<\/b><b> las cr\u00edticas han sido buenas y el p\u00fablico la aplaude en pie. \u00bfEso no la convence?<\/b><\/p>\n<p class=\"\">Han sido dos trabajos gloriosos en mi experiencia, y esa sensaci\u00f3n de hacer algo \u00fatil es importante para m\u00ed.<\/p>\n<p class=\"\"><b>La Adela de <\/b><b>Furia <\/b><b>y la Blanche de <\/b><b>Un tranv\u00eda..<\/b><b>. son dos mujeres fr\u00e1giles. \u00bfCu\u00e1nto se parecen a usted?<\/b><\/p>\n<p class=\"\">Adela es la Blanche Dubois de Usera. Cuando me la ofrecieron, yo estaba incubando a la otra, y dije, \u201chostias, tienen mucho en com\u00fan\u201d. Han bebido mucho la una de la otra. Ambas obras ponen en el centro a la mujer fracturada. Ya est\u00e1 bien de hablar de empoderamiento como si fuera un objetivo. Empoderarse es muy complicado para la mujer normal. Se empoderan pocas.<\/p>\n<p class=\"\"><b>Hay que seguir tirando del carro.<\/b> <\/p>\n<p class=\"\">Claro, tenemos que tirar del carro porque, adem\u00e1s, se nos exige mucho m\u00e1s que a ellos. Hay algo fascinante en los textos de Furia y Un tranv\u00eda&#8230;, escritos ambos por hombres: para vivir hay hacerse cargo de lo que deseas, de lo que necesitas, de lo que tienes que dejar atr\u00e1s. Por eso te hablaba de mi propia etapa, cuando me preguntabas si estoy bien. Bueno, he tomado decisiones. Y cuesta mucho. Ahora esa es mi gran palabra: decisi\u00f3n.<\/p>\n<p><img alt=\"Nathalie Poza, descalza en un sof\u00e1 del caf\u00e9 La Divina Bohemia, en Madrid.\" decoding=\"auto\" class=\"_re lazyload a_m-h\" height=\"268\"  width=\"414\"  src=\"https:\/\/www.europesays.com\/es\/wp-content\/uploads\/2025\/09\/LFXYAPBT2FH4LEF7FMF3L5PUE4.jpg\" loading=\"lazy\"\/>Nathalie Poza, descalza en un sof\u00e1 del caf\u00e9 La Divina Bohemia, en Madrid.Bernardo P\u00e9rez<\/p>\n<p class=\"\"><b>Ha hablado de su ruptura. \u00bfCu\u00e1nto duele el duelo?<\/b> <\/p>\n<p class=\"\">Hay que sentarse con \u00e9l. Hay que retirarse. Hay que sentarse con el dolor que te produce algo, y atravesarlo hasta que se pueda diluir. Es imposible anestesiar lo que duele. Eso nos lleva al mal, a ser violento con el otro. Y yo, despu\u00e9s de una etapa de mucho duelo, tengo momentos de mucha tristeza, pero por lo menos ya no estoy violenta.<\/p>\n<p class=\"\"><b>\u00bfLo ha estado? <\/b> <\/p>\n<p class=\"\">En cierto modo. Antes, hace dos a\u00f1os, ten\u00eda ataques de rabia, pero de babear. Pero tambi\u00e9n es lo bueno de este oficio, que reconocemos muy r\u00e1pido en el cuerpo lo que nos pasa y, cuando lo reconoces, puedes ver qu\u00e9 hacer con eso. Y ah\u00ed empez\u00f3 mi toma de decisi\u00f3n. Eso me oblig\u00f3 a pensar qu\u00e9 quiero para m\u00ed, que me tocaba soltar y aceptar. Y eso, s\u00ed, es quedarse en un lugar muy inc\u00f3modo, muy doloroso. Pero no queda otra que pasar por ah\u00ed. Las decisiones no son siempre buenas para ti ni para el otro. Y lo que puede parecer ego\u00edsmo despu\u00e9s se convierte en generosidad.<\/p>\n<p class=\"\"><b>Imagino que todo eso, luego le sale en la mirada de sus personajes.<\/b> <\/p>\n<p class=\"\">Te cuento una intimidad. Le dec\u00eda a un terapeuta de muchos a\u00f1os: \u00bfc\u00f3mo puede ser que me haya equivocado tantas veces, haya tropezado en la misma piedra, que me haya hecho tanto da\u00f1o? Me respondi\u00f3: si no hubieras pasado por ah\u00ed, no ser\u00edas ni la mujer ni la actriz que eres. Y eso hay que abrazarlo. De hecho, empiezo a llevarme mejor con la mujer que soy. <\/p>\n<p class=\"\"><b>\u00bfPara actuar bien hay que haber sufrido?<\/b><\/p>\n<p class=\"\">Mira, no s\u00e9. Pero el otro d\u00eda, vinieron a verme al teatro Luis Bermejo y Antonio de la Torre, que hemos crecido juntos como actores y amigos, y nos re\u00edamos. \u201cEsto ni lo hab\u00edamos olido\u201d. Y claro. Con 22 a\u00f1os qu\u00e9 vas a saber lo que es la soledad, el feminismo, yo es que ni lo ol\u00eda. Yo he llegado tarde a muchas cosas, pero la vida me ha tra\u00eddo. Cre\u00eda que no ten\u00eda nada que ver con Blanche, con esa se\u00f1ora, con su fragilidad, con su af\u00e1n de complacer a los dem\u00e1s, con su necesidad de que no pase el tiempo. Mentira. Cuando me he quitado los disfraces que nos ponemos para satisfacer a nuestros falsos enemigos y nuestros falsos amigos, ah\u00ed estaban. La cosa es: \u00bfahora, qu\u00e9? Hay algo abismal y al mismo tiempo excitante, da v\u00e9rtigo. <\/p>\n<p class=\"\"><b>Ha venido sin maquillaje para una foto en primer\u00edsimo plano. Hay que tener ovarios.<\/b> <\/p>\n<p class=\"\">Me siento mejor con esta cara que con la que ten\u00eda a los 20 a\u00f1os, tambi\u00e9n porque entonces me miraba al espejo y me odiaba. He sufrido trastornos alimenticios y ahora veo fotos o cosas de tele y me doy contra la pared pensando: si no estaba gorda, si estaba preciosa, si no ten\u00eda ning\u00fan problema, pero lo que yo ve\u00eda era monstruoso. Me ha costado mucho volver al cuerpo, volver de mi trastorno alimentario. <\/p>\n<p class=\"\"><b>Gracias por la confianza.<\/b><\/p>\n<p class=\"\">No me importa verbalizarlo. No me permito entrar en determinados t\u00faneles mentales oscuros. Pero para eso hay que hacer pr\u00e1cticas diarias. Por eso medito: a quien quiera ver la meditaci\u00f3n como un tranquilizante, no, para eso no sirve. Son pr\u00e1cticas que sirven para estar en la vida, no para anestesiarse. Uno no medita para no sentir y no pensar y calmar la mente. Eso es una gilipollez. Uno tiene que estar en su centro hasta en medio de un incendio para poder apagarlo.<\/p>\n<p class=\"\"><b>Siendo respetada, no es usted una actriz muy popular. \u00bfDecisi\u00f3n o consecuencia?<\/b> <\/p>\n<p class=\"\">Es cierto. Yo no he estructurado una carrera, ni s\u00e9 lo que es eso. De hecho, a veces, me pregunto c\u00f3mo he llegado hasta aqu\u00ed. Sinceramente, me gustar\u00eda trabajar m\u00e1s. Hacer m\u00e1s cine. Pero, bueno, bendito sea el trabajo. Igual es que trabajo de una manera particular, pero es la \u00fanica que conozco. Tienes que ser fiel a ti mismo y eso a veces es pagar el precio de no estar en el mainstream. No me quejo. <\/p>\n<p>FURIA Y DESEO<\/p>\n<p>Nathalie Poza (Madrid, 53 a\u00f1os) nunca quiso ser otra cosa que actriz, aunque por el camino tambi\u00e9n estudi\u00f3 ballet y piano. Hija de madre francesa -Nicole, una elegant\u00edsima octogenaria que acudi\u00f3 a recogerla para pasear despu\u00e9s de esta entrevista- y padre espa\u00f1ol, Poza forma parte desde sus inicios del colectivo art\u00edstico Animalario, donde conoci\u00f3 a algunos de sus mejores amigos y compa\u00f1eros de oficio. Presencia habitual en algunas de las series emblem\u00e1ticas y ganadora de dos Goya, uno a actriz de reparto y otro a actriz protagonista, Poza lleva m\u00e1s de 30 a\u00f1os en el oficio y, aun as\u00ed, dice, se le olvida que sabe hacerlo. Si quieren recordarlo, pueden ir a verla en la gira teatral de\u00a0Un tranv\u00eda llamado deseo, que inicia el pr\u00f3ximo fin de semana en M\u00e1laga o sintonizar la serie Furia en HBO.<\/p>\n","protected":false},"excerpt":{"rendered":"A veces, pocas, sucede. El personaje, perd\u00f3n, la persona a entrevistar entra de plano a la entrevista y&hellip;\n","protected":false},"author":2,"featured_media":113743,"comment_status":"","ping_status":"","sticky":false,"template":"","format":"standard","meta":{"footnotes":""},"categories":[91],"tags":[1015,209,146,147,25,24,38466,8190,23,1651,807],"class_list":{"0":"post-113742","1":"post","2":"type-post","3":"status-publish","4":"format-standard","5":"has-post-thumbnail","7":"category-entretenimiento","8":"tag-actrices","9":"tag-cultura","10":"tag-entertainment","11":"tag-entretenimiento","12":"tag-es","13":"tag-espana","14":"tag-nathalie-poza","15":"tag-series-espanolas","16":"tag-spain","17":"tag-teatro","18":"tag-television"},"share_on_mastodon":{"url":"","error":""},"_links":{"self":[{"href":"https:\/\/www.europesays.com\/es\/wp-json\/wp\/v2\/posts\/113742","targetHints":{"allow":["GET"]}}],"collection":[{"href":"https:\/\/www.europesays.com\/es\/wp-json\/wp\/v2\/posts"}],"about":[{"href":"https:\/\/www.europesays.com\/es\/wp-json\/wp\/v2\/types\/post"}],"author":[{"embeddable":true,"href":"https:\/\/www.europesays.com\/es\/wp-json\/wp\/v2\/users\/2"}],"replies":[{"embeddable":true,"href":"https:\/\/www.europesays.com\/es\/wp-json\/wp\/v2\/comments?post=113742"}],"version-history":[{"count":0,"href":"https:\/\/www.europesays.com\/es\/wp-json\/wp\/v2\/posts\/113742\/revisions"}],"wp:featuredmedia":[{"embeddable":true,"href":"https:\/\/www.europesays.com\/es\/wp-json\/wp\/v2\/media\/113743"}],"wp:attachment":[{"href":"https:\/\/www.europesays.com\/es\/wp-json\/wp\/v2\/media?parent=113742"}],"wp:term":[{"taxonomy":"category","embeddable":true,"href":"https:\/\/www.europesays.com\/es\/wp-json\/wp\/v2\/categories?post=113742"},{"taxonomy":"post_tag","embeddable":true,"href":"https:\/\/www.europesays.com\/es\/wp-json\/wp\/v2\/tags?post=113742"}],"curies":[{"name":"wp","href":"https:\/\/api.w.org\/{rel}","templated":true}]}}