{"id":113748,"date":"2025-09-14T05:58:09","date_gmt":"2025-09-14T05:58:09","guid":{"rendered":"https:\/\/www.europesays.com\/es\/113748\/"},"modified":"2025-09-14T05:58:09","modified_gmt":"2025-09-14T05:58:09","slug":"varios-ataques-con-drones-rusos-a-ucrania-violan-el-espacio-aereo-rumano-y-fuerzan-el-cierre-de-un-aeropuerto-en-polonia","status":"publish","type":"post","link":"https:\/\/www.europesays.com\/es\/113748\/","title":{"rendered":"Varios ataques con drones rusos a Ucrania violan el espacio a\u00e9reo rumano y fuerzan el cierre de un aeropuerto en Polonia"},"content":{"rendered":"<p>Ocurre tres d\u00edas despu\u00e9s de que Varsovia derribara drones rusos en su espacio a\u00e9reo<\/p>\n<p><img fetchpriority=\"high\" class=\"voc-img\" src=\"https:\/\/www.europesays.com\/es\/wp-content\/uploads\/2025\/09\/lublin-kEh-U701536223207FZF-1200x840@diario_abc.jpg\" loading=\"eager\" decoding=\"async\" alt=\"Un polic\u00eda polaco junto a un fragmento de un veh\u00edculo a\u00e9reo no tripulado (UAV), despu\u00e9s de que drones rusos violaran el espacio a\u00e9reo polaco\" width=\"1200\" height=\"840\"\/><\/p>\n<p>Un polic\u00eda polaco junto a un fragmento de un veh\u00edculo a\u00e9reo no tripulado (UAV), despu\u00e9s de que drones rusos violaran el espacio a\u00e9reo polaco    REUTERS  <\/p>\n<p>13\/09\/2025<br \/>\n<br \/><strong><br \/>\nActualizado 14\/09\/2025 a las 04:53h.<br \/>\n<\/strong><\/p>\n<p class=\"voc-p\" style=\"\">Ruman\u00eda ha desplegado aviones de combate este s\u00e1bado cuando un dron ha violado su <a href=\"https:\/\/www.abc.es\/internacional\/gobierno-polaco-responde-presidente-eeuu-sobre-incursion-20250912112940-nt.html\" title=\"www.abc.es\" data-voc-vtm-id=\"in-text-traffic\" data-mrf-link=\"www.abc.es\" rel=\"nofollow noopener\" target=\"_blank\">espacio a\u00e9reo durante un ataque ruso<\/a> contra infraestructura ucraniana cerca de la frontera, seg\u00fan ha informado el Ministerio de Defensa. La amenaza de ataques con drones tambi\u00e9n ha llevado a Polonia a desplegar aeronaves polacas y aliadas y a cerrar un aeropuerto en la ciudad oriental de Lublin, tres d\u00edas despu\u00e9s de derribar drones rusos en su espacio a\u00e9reo con el apoyo de aeronaves de sus aliados de la OTAN.<\/p>\n<p class=\"voc-p\" style=\"\">Ruman\u00eda, un estado miembro de la Uni\u00f3n Europea y la OTAN que comparte una frontera de 650 kil\u00f3metros con Ucrania, ha sufrido la ca\u00edda repetida de fragmentos de drones rusos en su territorio desde que Rusia declar\u00f3 la guerra a su vecino. Este s\u00e1bado, ha desplegado dos aviones de combate F-16 y ha advertido a los ciudadanos del condado suroriental de Tulcea, cerca del Danubio y su frontera con Ucrania, que se refugiaran, seg\u00fan inform\u00f3 el Ministerio de Defensa en un comunicado. A\u00f1ade que los aviones detectaron un dron en el espacio a\u00e9reo nacional, al que siguieron hasta que desapareci\u00f3 del radar a 20 kil\u00f3metros al suroeste de la localidad de Chilia Veche. \u00abEl dron no sobrevol\u00f3 zonas habitadas ni represent\u00f3 un peligro inmediato para la poblaci\u00f3n\u00bb, afirma el comunicado.<\/p>\n<p class=\"voc-p\" style=\"\">El <a href=\"https:\/\/www.abc.es\/internacional\/putin-viola-territorio-otan-drones-guerra-sobre-20250910194108-nt.html\" title=\"www.abc.es\" data-voc-vtm-id=\"in-text-traffic\" data-mrf-link=\"www.abc.es\" rel=\"nofollow noopener\" target=\"_blank\">Mando Operativo de las Fuerzas Armadas <\/a>polacas ha afirmado que los aviones participaron en una operaci\u00f3n cerca de la frontera con Ucrania \u00abpara garantizar la seguridad de nuestro espacio a\u00e9reo\u00bb, tres d\u00edas despu\u00e9s de que Polonia derribara drones rusos en su espacio a\u00e9reo con el apoyo de aeronaves militares de sus aliados de la OTAN. \u00abEstas acciones son de car\u00e1cter preventivo y tienen como objetivo asegurar el espacio a\u00e9reo y proteger a los ciudadanos, especialmente en las zonas adyacentes a la zona amenazada\u00bb, ha declarado el Mando en el comunicado. El comunicado no menciona ninguna violaci\u00f3n del espacio a\u00e9reo polaco.<\/p>\n<p class=\"voc-p\" style=\"\">Polonia afirm\u00f3 que su espacio a\u00e9reo <a href=\"https:\/\/www.abc.es\/internacional\/polonia-derriba-drones-rusos-sobre-espacio-aereo-20250910054738-nt.html\" title=\"www.abc.es\" data-voc-vtm-id=\"in-text-traffic\" data-mrf-link=\"www.abc.es\" rel=\"nofollow noopener\" target=\"_blank\">fue violado por drones rusos<\/a> durante la noche del martes al mi\u00e9rcoles, cuando Rusia atac\u00f3 Ucrania, donde libra una guerra desde febrero de 2022. Rusia afirm\u00f3 que no hab\u00eda atacado a Polonia. La Agencia Polaca de Navegaci\u00f3n A\u00e9rea ha informado de que el aeropuerto de Lublin y una zona controlada alrededor del aeropuerto han sido cerrados a las operaciones de vuelo este s\u00e1bado.<\/p>\n<p>Reportar un error<\/p>\n","protected":false},"excerpt":{"rendered":"Ocurre tres d\u00edas despu\u00e9s de que Varsovia derribara drones rusos en su espacio a\u00e9reo Un polic\u00eda polaco junto&hellip;\n","protected":false},"author":2,"featured_media":113749,"comment_status":"","ping_status":"","sticky":false,"template":"","format":"standard","meta":{"footnotes":""},"categories":[42],"tags":[7351,4483,17,18,500,19290,13,14,11,61,62,63,64,19,20,15276,5516,9,10,15,16,7027,29087,12,21,22,65,66,67],"class_list":{"0":"post-113748","1":"post","2":"type-post","3":"status-publish","4":"format-standard","5":"has-post-thumbnail","7":"category-internacional","8":"tag-aeropuerto","9":"tag-aviones","10":"tag-breaking-news","11":"tag-breakingnews","12":"tag-cierra","13":"tag-despliega","14":"tag-featured-news","15":"tag-featurednews","16":"tag-headlines","17":"tag-internacional","18":"tag-international","19":"tag-international-news","20":"tag-internationalnews","21":"tag-latest-news","22":"tag-latestnews","23":"tag-lublin","24":"tag-medida","25":"tag-news","26":"tag-noticias","27":"tag-noticias-destacadas","28":"tag-noticiasdestacadas","29":"tag-polonia","30":"tag-preventiva","31":"tag-titulares","32":"tag-ultimas-noticias","33":"tag-ultimasnoticias","34":"tag-world","35":"tag-world-news","36":"tag-worldnews"},"share_on_mastodon":{"url":"","error":""},"_links":{"self":[{"href":"https:\/\/www.europesays.com\/es\/wp-json\/wp\/v2\/posts\/113748","targetHints":{"allow":["GET"]}}],"collection":[{"href":"https:\/\/www.europesays.com\/es\/wp-json\/wp\/v2\/posts"}],"about":[{"href":"https:\/\/www.europesays.com\/es\/wp-json\/wp\/v2\/types\/post"}],"author":[{"embeddable":true,"href":"https:\/\/www.europesays.com\/es\/wp-json\/wp\/v2\/users\/2"}],"replies":[{"embeddable":true,"href":"https:\/\/www.europesays.com\/es\/wp-json\/wp\/v2\/comments?post=113748"}],"version-history":[{"count":0,"href":"https:\/\/www.europesays.com\/es\/wp-json\/wp\/v2\/posts\/113748\/revisions"}],"wp:featuredmedia":[{"embeddable":true,"href":"https:\/\/www.europesays.com\/es\/wp-json\/wp\/v2\/media\/113749"}],"wp:attachment":[{"href":"https:\/\/www.europesays.com\/es\/wp-json\/wp\/v2\/media?parent=113748"}],"wp:term":[{"taxonomy":"category","embeddable":true,"href":"https:\/\/www.europesays.com\/es\/wp-json\/wp\/v2\/categories?post=113748"},{"taxonomy":"post_tag","embeddable":true,"href":"https:\/\/www.europesays.com\/es\/wp-json\/wp\/v2\/tags?post=113748"}],"curies":[{"name":"wp","href":"https:\/\/api.w.org\/{rel}","templated":true}]}}