{"id":113760,"date":"2025-09-14T06:06:08","date_gmt":"2025-09-14T06:06:08","guid":{"rendered":"https:\/\/www.europesays.com\/es\/113760\/"},"modified":"2025-09-14T06:06:08","modified_gmt":"2025-09-14T06:06:08","slug":"vingegaard-reina-en-la-bola-del-mundo-y-sentencia-la-vuelta","status":"publish","type":"post","link":"https:\/\/www.europesays.com\/es\/113760\/","title":{"rendered":"Vingegaard reina en la Bola del Mundo y sentencia la Vuelta"},"content":{"rendered":"<p data-gtm-element-container=\"modulo-texto-link\" class=\"paragraph\">No hubo vuelco. El rojo no cambi\u00f3 de manos. No se produjo el sorpasso. El dan\u00e9s Jonas Vingegaard (Visma), m\u00e1ximo favorito para la carrera cuando arranc\u00f3 en tierras italianas, se coronar\u00e1 hoy en Madrid como campe\u00f3n de la Vuelta a Espa\u00f1a tras imponerse con grandeza en la terrible cima de la Bola del Mundo. El portugu\u00e9s Jo\u00e3o Almeida (UAE) no pudo con \u00e9l en ning\u00fan momento de la subida definitiva. Vingegaard, corredor peque\u00f1o con motor superlativo, sumar\u00e1 as\u00ed en su historial su tercera grande tras los dos Tours que lucen en sus vitrinas. No ha necesitado su mejor versi\u00f3n en muchos d\u00edas para imponerse pero su victoria, entre incidentes, cambios de ruta y un resfriado cabe calificarla de brillante. Sin mostrar su cara m\u00e1s ofensiva venci\u00f3 en tres etapas y en las dem\u00e1s supo manejar la calculadora.<\/p>\n<p data-gtm-element-container=\"modulo-texto-link\" class=\"paragraph\">Solo necesitaba resistir pero decidi\u00f3 darse un homenaje para llevarse la \u00faltima etapa dura. No se conform\u00f3 con ir a la rueda de Almeida hasta el final y cuando restaba un kil\u00f3metro demarr\u00f3 y dej\u00f3 clavados al resto de favoritos. Con un pavimento de los que se agarran al l\u00edmite, cemento y no asfalto, con rampas de hasta el 20%, Vingeggard puso su sello de calidad. Almeida terminar\u00e1 segundo en la general y completar\u00e1 el podio el brit\u00e1nico Tom Pidcock (Q36.5)<\/p>\n<p data-gtm-element-container=\"modulo-texto-link\" class=\"paragraph\">Y eso que el UAE, el equipo m\u00e1s poderoso del pelot\u00f3n, intent\u00f3 endurecer la carrera a falta de 60 kil\u00f3metros, coincidiendo con la pen\u00faltima ascensi\u00f3n en el Puerto de Navacerrada, un cl\u00e1sico de la competici\u00f3n pues se ha subido en 34 ocasiones. Ritmo veloz que no daba tregua a una numerosa fuga de 36 integrantes, con Landa (Soudal), Ciccone (Lidl-Trek) o Bernal (Ineos) como elementos de post\u00edn. Pero la renta no llegaba a los dos minutos y todo hac\u00eda indicar que la pomada de la etapa se pod\u00eda cocinar detr\u00e1s, como as\u00ed fue.<\/p>\n<p>Madrid se blinda hoy con 1.100 agentes del orden para evitar incidentes en la \u00faltima etapa<\/p>\n<p data-gtm-element-container=\"modulo-texto-link\" class=\"paragraph\">Mientras la organizaci\u00f3n hac\u00eda una nueva modificaci\u00f3n del trazado, a su paso por Cercedilla por la presencia de manifestantes propalestinos que pod\u00edan para la etapa, el UAE met\u00eda m\u00e1s madera al frente del gran grupo, con hasta Juan Ayuso colaborando con los dem\u00e1s. El objetivo, que las piernas le pesaran a Vingeggard. No lo consiguieron.<\/p>\n<p data-gtm-element-container=\"modulo-texto-link\" class=\"paragraph\">Lo que no pudo evitar la organizaci\u00f3n fue que un grupito de protestantes invadiera la calzada y frenara a los que se hab\u00edan descolgado de la fuga. Por delante, Landa, perseguido por Ciccone, Bernal y Van der Lee (Education First), sortearon el asunto. Las fuerzas de seguridad consiguieron abrir un pasillo para que pasara despu\u00e9s el pelot\u00f3n principal, mientra los coches de los directores quedaban atrapados durante unos minutos. Tremendo y rocambolesco. A\u00fan restaban 19 kil\u00f3metros, que ya se recorrieron sin m\u00e1s incidencias.<\/p>\n<p data-gtm-element-container=\"modulo-texto-link\" class=\"paragraph\">En el ascenso final a la Bola del Mundo, con los escapados ya neutralizados, y por encima de los 2.000 metros de altura, 400 guardias civiles se sumaron al operativo habitual para que los corredores pudieran alcanzar la meta con normalidad. A eso ayud\u00f3 que el \u00faltimo kil\u00f3metro estaba cerrado al p\u00fablico para proteger la fauna y flora.<\/p>\n<p>Un grupo de manifestantes invadi\u00f3 la calzada y fren\u00f3 a algunos corredores, con riesgo para todos<\/p>\n<p data-gtm-element-container=\"modulo-texto-link\" class=\"paragraph\">Porque la azarosa Vuelta, repleta de vicisitudes a cuenta de las protestas propalestinas contra lo que denominan como genocidio israel\u00ed en Gaza toca este domingo a su fin en Madrid. La carrera doblar\u00e1 las campanas en el circuito cl\u00e1sico de la capital de Espa\u00f1a. Ser\u00e1 la urbe una ciudad blindada, con hasta 1.100 agentes de las fuerzas del orden, en lo que se considera el mayor despliegue all\u00ed desde la cumbre de la OTAN del 2022. El tr\u00e1fico del centro quedar\u00e1 cerrado desde este s\u00e1bado por la noche y la organizaci\u00f3n cruza los dedos para que la carrera pueda terminar sin tener que lamentar incidentes que la vuelvan a cercenar. El recorrido para este domingo ha sido recortado en cinco kil\u00f3metros por \u201cmotivos de circulaci\u00f3n\u201d. Los primeros que tienen ganas de llegar son los corredores, como el corredor estadounidense del equipo Israel Matthew Riccitello. Subir\u00e1 al podio como ganador del maillot blanco al mejor joven. Han vivido en un estado de alta tensi\u00f3n.<\/p>\n","protected":false},"excerpt":{"rendered":"No hubo vuelco. El rojo no cambi\u00f3 de manos. No se produjo el sorpasso. El dan\u00e9s Jonas Vingegaard&hellip;\n","protected":false},"author":2,"featured_media":113761,"comment_status":"","ping_status":"","sticky":false,"template":"","format":"standard","meta":{"footnotes":""},"categories":[273],"tags":[313,312,168,25,24,23,167],"class_list":{"0":"post-113760","1":"post","2":"type-post","3":"status-publish","4":"format-standard","5":"has-post-thumbnail","7":"category-ciclismo","8":"tag-ciclismo","9":"tag-cycling","10":"tag-deportes","11":"tag-es","12":"tag-espana","13":"tag-spain","14":"tag-sports"},"share_on_mastodon":{"url":"","error":""},"_links":{"self":[{"href":"https:\/\/www.europesays.com\/es\/wp-json\/wp\/v2\/posts\/113760","targetHints":{"allow":["GET"]}}],"collection":[{"href":"https:\/\/www.europesays.com\/es\/wp-json\/wp\/v2\/posts"}],"about":[{"href":"https:\/\/www.europesays.com\/es\/wp-json\/wp\/v2\/types\/post"}],"author":[{"embeddable":true,"href":"https:\/\/www.europesays.com\/es\/wp-json\/wp\/v2\/users\/2"}],"replies":[{"embeddable":true,"href":"https:\/\/www.europesays.com\/es\/wp-json\/wp\/v2\/comments?post=113760"}],"version-history":[{"count":0,"href":"https:\/\/www.europesays.com\/es\/wp-json\/wp\/v2\/posts\/113760\/revisions"}],"wp:featuredmedia":[{"embeddable":true,"href":"https:\/\/www.europesays.com\/es\/wp-json\/wp\/v2\/media\/113761"}],"wp:attachment":[{"href":"https:\/\/www.europesays.com\/es\/wp-json\/wp\/v2\/media?parent=113760"}],"wp:term":[{"taxonomy":"category","embeddable":true,"href":"https:\/\/www.europesays.com\/es\/wp-json\/wp\/v2\/categories?post=113760"},{"taxonomy":"post_tag","embeddable":true,"href":"https:\/\/www.europesays.com\/es\/wp-json\/wp\/v2\/tags?post=113760"}],"curies":[{"name":"wp","href":"https:\/\/api.w.org\/{rel}","templated":true}]}}