{"id":113768,"date":"2025-09-14T06:11:12","date_gmt":"2025-09-14T06:11:12","guid":{"rendered":"https:\/\/www.europesays.com\/es\/113768\/"},"modified":"2025-09-14T06:11:12","modified_gmt":"2025-09-14T06:11:12","slug":"barcelona-se-asoma-al-abismo-de-dejar-caer-el-gran-tesoro-fotografico-del-iefc","status":"publish","type":"post","link":"https:\/\/www.europesays.com\/es\/113768\/","title":{"rendered":"Barcelona se asoma al abismo de dejar caer el gran tesoro fotogr\u00e1fico del IEFC"},"content":{"rendered":"<p class=\"ft-text ft-helper-closenews\">Una gran desdicha amenaza a Barcelona si antes de un a\u00f1o, porque la fecha l\u00edmite es septiembre de 2026, no encuentra un nuevo hogar el <strong>Institut d\u2019Estudis Fotogr\u00e0fics de Catalunya<\/strong> (IEFC). Las obras de puesta al d\u00eda del recinto de la Escola Industrial de Barcelona, un proyecto encomiable a poco que se sepa la positiva transformaci\u00f3n que comportar\u00e1 para la Esquerra del Eixample, tiene lo que en los prospectos de los medicamentos se suele advertir como un efecto adverso. El IEFC, que ocupa una peque\u00f1a porci\u00f3n de uno de los edificios, tiene que mudarse y, ya se sabe, si en esta ciudad no es sencillo para sus vecinos encontrar piso, mucho menos lo es a\u00fan para una escuela como esta, que <strong>naci\u00f3 hace medio siglo sin \u00e1nimo de lucro<\/strong> y que, por lo tanto, un alquiler podr\u00eda dentro de un a\u00f1o forzar su desaparici\u00f3n. Lo dicho, ser\u00eda una desdicha. \u00bfPor qu\u00e9? Quiz\u00e1 con alg\u00fan ejemplo se puede comprender mejor.<\/p>\n<p class=\"ft-text\">Del IEFC salen cada a\u00f1o graduados en toda esa variedad de oficios que de un modo u otro est\u00e1n vinculados a la fotograf\u00eda. Con 15 personas de plantilla fija y <strong>medio centenar de profesores que imparten clases a unos 400 estudiantes<\/strong>, el instituto ofrece tambi\u00e9n cursos de iniciaci\u00f3n, talleres de fin de semana, estudios \u2018on-line\u2019\u2026 El abanico de lecciones con las que salir titulado del IEFC es ampl\u00edsimo. Y no se limita solo a las distintas especialidades que se pueden llevar a cabo tras el visor de una c\u00e1mara (publicitaria, experimental, anal\u00f3gica\u2026), sino que tambi\u00e9n se forman ah\u00ed los expertos en trabajo de laboratorio y en el dominio de los distintos programas de edici\u00f3n por ordenador. Y, adem\u00e1s, el IEFC es <strong>un centro maestro en un aspecto nunca suficientemente aplaudido<\/strong>, el de las labores de archivo, o, dicho de otro modo, la lucha contra la desmemoria. Es ese \u00faltimo cap\u00edtulo el que sirve en bandeja el ejemplo antes prometido.<\/p>\n<p class=\"ft-text\">Hace tres a\u00f1os fue noticia el IEFC porque all\u00ed se present\u00f3 el resultado de los siete a\u00f1os de trabajo que una fundaci\u00f3n llev\u00f3 a cabo para rescatar los fondos de la Fototipia Thomas, una empresa que en 1889 se instal\u00f3 en los bajos del 293 de la calle de Mallorca (es imposible no reparar en esa finca cuando se pasa frente a ella), porque se estaban disgregando y vendiendo al mejor postor en todo tipo de subastas. Los m\u00e1s de 25.000 negativos de la colecci\u00f3n Thomas eran un retrato formidable del pasado colectivo y su venta al por menor ser\u00eda poco menos que trocear una obra maestra de El Prado y que cada comprador se llevara un cent\u00edmetro cuadrado a su casa. Merece la pena adentrarse, pues, en <a class=\"ft-link ft-link--decoration\" href=\"https:\/\/www.iefc.cat\/es\/documentacion\/archivo-historico-fotografico\/fondo-archivo\/\" target=\"_blank\" rel=\"nofollow noopener\">el apartado de colecciones de la web del IEFC<\/a>, porque es <strong>una de las maneras de comprender la magnitud de la cat\u00e1strofe que puede ocurrir dentro de un a\u00f1o<\/strong>, es decir, la posibilidad de que se interrumpa la brillante trayectoria de ese instituto y todo cuanto ha hecho desde 1972 por esta ciudad.<\/p>\n<p><img decoding=\"async\" src=\"https:\/\/www.europesays.com\/es\/wp-content\/uploads\/2025\/09\/32b3c175-ee2b-471c-97fa-2c73256f17d6_alta-libre-aspect-ratio_default_0.jpg\" width=\"1200\" height=\"806\" alt=\"Uno de los \u00e1lbumes de fotograf\u00eda antigua depositados en los archivos del IEFC.\" class=\"ft-helper-img-rd\" loading=\"lazy\" hasdataaida=\"true\"\/><\/p>\n<p class=\"ft-helper-fontColor-quaternary ft-helper-fontSize-body-S ft-helper-spacer-t-xxs\">Uno de los \u00e1lbumes de fotograf\u00eda antigua depositados en los archivos del IEFC.  \/ IEFC<\/p>\n<p class=\"ft-text\">Ah\u00ed, en la web, a disposici\u00f3n de la curiosidad de cualquiera, est\u00e1 un aperitivo de la colecci\u00f3n Thomas, y de la Esteve Terradas (1883-1950), y de la de Francesc Boada (1885-1969), y de la de Rafael Are\u00f1as (1883-1938), y de la de Antoni Arissa (1900-1980), y el de la de\u2026 La lista es larga. Vaya y vean. Los fondos que atesora el IEFC quitan el hipo por su volumen, m\u00e1s de 800.000 im\u00e1genes, vamos, un retrato en alta definici\u00f3n del pasado. Hay que sumar a eso una colecci\u00f3n de m\u00e1s de 7.000 libros de fotograf\u00eda, que se dice pronto, y, por supuesto, hay que hacer una menci\u00f3n especial al legado que dej\u00f3 <strong>Miquel Galmes<\/strong> (1937-2015), fundador del IEFC hace 53 a\u00f1os, que dej\u00f3 en herencia un conjunto de piezas con las que, seg\u00fan el actual director del instituto, Josep Maria de Llobet, <strong>hasta se podr\u00eda armar un museo de a\u00fapa<\/strong>.<\/p>\n<p class=\"ft-text\">Lo que menos pod\u00eda esperar De Llobet hace dos a\u00f1os cuando accedi\u00f3 al cargo era tener que lidiar con el conflicto inmobiliario que ahora le quita el sue\u00f1o, y que le sucediera precisamente a \u00e9l, que como fot\u00f3grafo tiene en su curr\u00edculum dos magn\u00edficas aproximaciones a <a class=\"ft-link ft-link--decoration\" href=\"https:\/\/www.elperiodico.com\/es\/barcelona\/20160609\/barceloneando-en-la-estetica-de-los-bancos-cerrados-5192251\" target=\"_blank\" rel=\"nofollow noopener\">la crisis de la vivienda<\/a> y al <a class=\"ft-link ft-link--decoration\" href=\"https:\/\/www.elperiodico.com\/es\/barcelona\/eixample\/20231129\/patinsky-barcelona-gentrificacion-bellas-artes-95240133\" target=\"_blank\" rel=\"nofollow noopener\">c\u00e1ncer de la gentrificaci\u00f3n<\/a> que padece Barcelona.<\/p>\n<p><img decoding=\"async\" src=\"https:\/\/www.europesays.com\/es\/wp-content\/uploads\/2025\/09\/d84e07f0-1a60-47f9-9210-3850854cd469_alta-libre-aspect-ratio_default_0.jpg\" width=\"1200\" height=\"800\" alt=\"El laboratorio de revelado anal\u00f3gico del instituto, un equipamiento en peligro de extinci\u00f3n.\" class=\"ft-helper-img-rd\" loading=\"lazy\" hasdataaida=\"true\"\/><\/p>\n<p class=\"ft-helper-fontColor-quaternary ft-helper-fontSize-body-S ft-helper-spacer-t-xxs\">El laboratorio de revelado anal\u00f3gico del instituto, un equipamiento en peligro de extinci\u00f3n.  \/ IEFC<\/p>\n<p class=\"ft-text\">\u00bfHay alguna soluci\u00f3n en el horizonte? La Escola Industrial dio cobijo al IEFC cuando naci\u00f3 como proyecto, en 1972 y, adem\u00e1s lo hizo de una manera altruista que nunca se ha interrumpido. Jam\u00e1s le ha cobrado alquiler por el espacio que ocupa en una puerta lateral de la antigua residencia de estudiantes. De Llobet es muy consciente de ello. Tambi\u00e9n lo es de que el proyecto de reforma de ese recinto de la calle de Urgell es, como se dice a veces, un proyecto de ciudad, que en este caso corre a cargo de la <strong>Diputaci\u00f3 de Barcelona, due\u00f1a y gestora de ese inmenso espacio<\/strong>. El problema es que las obras previstas no dejan margen para que el IEFC mantenga su labor educativa y cultural en esa direcci\u00f3n postal y el problema a\u00fan mayor es que no es sencillo encontrar en el mercado de alquiler los casi 1.000 metros cuadrados que necesita para sobrevivir, con la condici\u00f3n, adem\u00e1s, de que necesita al menos un techo alto para montar el estudio de trabajo y una sala adecuada para reacomodar el laboratorio de revelado. Por competir, el IEFC no puede hacerlo ni con lo que pagan los supermercados de 24 horas. Por eso reclama ayuda a la Diputaci\u00f3n, que ha recogido en parte el guante y <strong>se ha puesto en contacto con el Ayuntamiento de Barcelona<\/strong>. A fin de cuentas (conviene subrayarlo), el IEFC, aunque sea un centro privado, no es un negocio. Lo que s\u00ed es, es una constante vital de la salud de la ciudad. Hay muchas m\u00e1s, por supuesto, pero coinciden en decir quienes por ah\u00ed han pasado que Barcelona ser\u00eda algo menos interesante en su ausencia.<\/p>\n<p data-close=\"closedContent\" class=\"subscribeHideForDisplay\">Suscr\u00edbete para seguir leyendo<\/p>\n","protected":false},"excerpt":{"rendered":"Una gran desdicha amenaza a Barcelona si antes de un a\u00f1o, porque la fecha l\u00edmite es septiembre de&hellip;\n","protected":false},"author":2,"featured_media":113769,"comment_status":"","ping_status":"","sticky":false,"template":"","format":"standard","meta":{"footnotes":""},"categories":[173],"tags":[38469,229,233,231,230,23324,210,1637,232,234,146,147,25,24,244,3956,23],"class_list":{"0":"post-113768","1":"post","2":"type-post","3":"status-publish","4":"format-standard","5":"has-post-thumbnail","7":"category-arte-y-diseno","8":"tag-abismo","9":"tag-arte","10":"tag-arte-y-diseno","11":"tag-arts","12":"tag-arts-and-design","13":"tag-asoma","14":"tag-barcelona","15":"tag-caer","16":"tag-design","17":"tag-diseno","18":"tag-entertainment","19":"tag-entretenimiento","20":"tag-es","21":"tag-espana","22":"tag-fotografia","23":"tag-gran","24":"tag-spain"},"share_on_mastodon":{"url":"","error":""},"_links":{"self":[{"href":"https:\/\/www.europesays.com\/es\/wp-json\/wp\/v2\/posts\/113768","targetHints":{"allow":["GET"]}}],"collection":[{"href":"https:\/\/www.europesays.com\/es\/wp-json\/wp\/v2\/posts"}],"about":[{"href":"https:\/\/www.europesays.com\/es\/wp-json\/wp\/v2\/types\/post"}],"author":[{"embeddable":true,"href":"https:\/\/www.europesays.com\/es\/wp-json\/wp\/v2\/users\/2"}],"replies":[{"embeddable":true,"href":"https:\/\/www.europesays.com\/es\/wp-json\/wp\/v2\/comments?post=113768"}],"version-history":[{"count":0,"href":"https:\/\/www.europesays.com\/es\/wp-json\/wp\/v2\/posts\/113768\/revisions"}],"wp:featuredmedia":[{"embeddable":true,"href":"https:\/\/www.europesays.com\/es\/wp-json\/wp\/v2\/media\/113769"}],"wp:attachment":[{"href":"https:\/\/www.europesays.com\/es\/wp-json\/wp\/v2\/media?parent=113768"}],"wp:term":[{"taxonomy":"category","embeddable":true,"href":"https:\/\/www.europesays.com\/es\/wp-json\/wp\/v2\/categories?post=113768"},{"taxonomy":"post_tag","embeddable":true,"href":"https:\/\/www.europesays.com\/es\/wp-json\/wp\/v2\/tags?post=113768"}],"curies":[{"name":"wp","href":"https:\/\/api.w.org\/{rel}","templated":true}]}}