{"id":113780,"date":"2025-09-14T06:23:10","date_gmt":"2025-09-14T06:23:10","guid":{"rendered":"https:\/\/www.europesays.com\/es\/113780\/"},"modified":"2025-09-14T06:23:10","modified_gmt":"2025-09-14T06:23:10","slug":"hoy-celebramos-la-fiesta-de-la-exaltacion-de-la-cruz","status":"publish","type":"post","link":"https:\/\/www.europesays.com\/es\/113780\/","title":{"rendered":"HOY CELEBRAMOS LA FIESTA DE LA EXALTACI\u00d3N DE LA CRUZ"},"content":{"rendered":"<p>Cada 14 de septiembre se celebra la fiesta de la Exaltaci\u00f3n de la Santa Cruz, d\u00eda en que recordamos y honramos la cruz en la que muri\u00f3 nuestro Se\u00f1or Jesucristo. <\/p>\n<p>La cruz de Cristo, ense\u00f1aba el Papa San Juan Pablo II, es la cruz \u201cen la que se muere para vivir; para vivir en Dios y con Dios, para vivir en la verdad, en la libertad y en el amor, para vivir eternamente\u201d.<\/p>\n<p><img fetchpriority=\"high\" decoding=\"async\" width=\"768\" height=\"1024\" src=\"data:image\/svg+xml,%3Csvg%20xmlns=\" http:=\"\" alt=\"\" class=\"wp-image-68293\" data-lazy- data-lazy- data-lazy-src=\"https:\/\/www.europesays.com\/es\/wp-content\/uploads\/2025\/09\/CRISTO-CATEDRAL-768x1024.jpg\"\/><\/p>\n","protected":false},"excerpt":{"rendered":"Cada 14 de septiembre se celebra la fiesta de la Exaltaci\u00f3n de la Santa Cruz, d\u00eda en que&hellip;\n","protected":false},"author":2,"featured_media":113781,"comment_status":"","ping_status":"","sticky":false,"template":"","format":"standard","meta":{"footnotes":""},"categories":[5],"tags":[17,18,3860,3861,3862,3863,25,24,13,14,11,19,20,9,10,15,16,23,12,21,22],"class_list":{"0":"post-113780","1":"post","2":"type-post","3":"status-publish","4":"format-standard","5":"has-post-thumbnail","7":"category-titulares","8":"tag-breaking-news","9":"tag-breakingnews","10":"tag-cabildo-catedral","11":"tag-cabildo-catedral-de-sevilla","12":"tag-cabildo-metropolitano","13":"tag-catedral-de-sevilla","14":"tag-es","15":"tag-espana","16":"tag-featured-news","17":"tag-featurednews","18":"tag-headlines","19":"tag-latest-news","20":"tag-latestnews","21":"tag-news","22":"tag-noticias","23":"tag-noticias-destacadas","24":"tag-noticiasdestacadas","25":"tag-spain","26":"tag-titulares","27":"tag-ultimas-noticias","28":"tag-ultimasnoticias"},"share_on_mastodon":{"url":"","error":""},"_links":{"self":[{"href":"https:\/\/www.europesays.com\/es\/wp-json\/wp\/v2\/posts\/113780","targetHints":{"allow":["GET"]}}],"collection":[{"href":"https:\/\/www.europesays.com\/es\/wp-json\/wp\/v2\/posts"}],"about":[{"href":"https:\/\/www.europesays.com\/es\/wp-json\/wp\/v2\/types\/post"}],"author":[{"embeddable":true,"href":"https:\/\/www.europesays.com\/es\/wp-json\/wp\/v2\/users\/2"}],"replies":[{"embeddable":true,"href":"https:\/\/www.europesays.com\/es\/wp-json\/wp\/v2\/comments?post=113780"}],"version-history":[{"count":0,"href":"https:\/\/www.europesays.com\/es\/wp-json\/wp\/v2\/posts\/113780\/revisions"}],"wp:featuredmedia":[{"embeddable":true,"href":"https:\/\/www.europesays.com\/es\/wp-json\/wp\/v2\/media\/113781"}],"wp:attachment":[{"href":"https:\/\/www.europesays.com\/es\/wp-json\/wp\/v2\/media?parent=113780"}],"wp:term":[{"taxonomy":"category","embeddable":true,"href":"https:\/\/www.europesays.com\/es\/wp-json\/wp\/v2\/categories?post=113780"},{"taxonomy":"post_tag","embeddable":true,"href":"https:\/\/www.europesays.com\/es\/wp-json\/wp\/v2\/tags?post=113780"}],"curies":[{"name":"wp","href":"https:\/\/api.w.org\/{rel}","templated":true}]}}