{"id":113782,"date":"2025-09-14T06:24:10","date_gmt":"2025-09-14T06:24:10","guid":{"rendered":"https:\/\/www.europesays.com\/es\/113782\/"},"modified":"2025-09-14T06:24:10","modified_gmt":"2025-09-14T06:24:10","slug":"ayudas-al-atletico-bueu-alondras-y-luceros","status":"publish","type":"post","link":"https:\/\/www.europesays.com\/es\/113782\/","title":{"rendered":"Ayudas al Atl\u00e9tico Bueu, Alondras y Luceros"},"content":{"rendered":"<p class=\"ft-text\">La Diputaci\u00f3n de Pontevedra destina ayudas al Club Atl\u00e9tico Balonmano de Bueu , al club de f\u00fatbol Alondras y al club de balonmano Luceros de Cangas de Morrazo. Las cuant\u00edas oscilan entre los 15.000 y los 25.000 euros.<\/p>\n<p class=\"ft-text\">Esta semana, la Diputaci\u00f3n de Pontevedra aprob\u00f3 ayudas para el deporte por un valor de 1,5 millones de euros, dirigidas tanto a los clubes q ue participan en competiciones oficiales de \u00e1mbito estatal como a aquellas entidades deportivas que organizan eventos y competiciones, se\u00f1ala la entidad provincial.<\/p>\n","protected":false},"excerpt":{"rendered":"La Diputaci\u00f3n de Pontevedra destina ayudas al Club Atl\u00e9tico Balonmano de Bueu , al club de f\u00fatbol Alondras&hellip;\n","protected":false},"author":2,"featured_media":1454,"comment_status":"","ping_status":"","sticky":false,"template":"","format":"standard","meta":{"footnotes":""},"categories":[278],"tags":[38471,1517,249,376,15475,1798,168,38472,25,24,375,11328,23,167],"class_list":{"0":"post-113782","1":"post","2":"type-post","3":"status-publish","4":"format-standard","5":"has-post-thumbnail","7":"category-balonmano","8":"tag-alondras","9":"tag-atletico","10":"tag-ayudas","11":"tag-balonmano","12":"tag-bueu","13":"tag-club","14":"tag-deportes","15":"tag-diputacion-de-pontevedra","16":"tag-es","17":"tag-espana","18":"tag-handball","19":"tag-luceros","20":"tag-spain","21":"tag-sports"},"share_on_mastodon":{"url":"","error":""},"_links":{"self":[{"href":"https:\/\/www.europesays.com\/es\/wp-json\/wp\/v2\/posts\/113782","targetHints":{"allow":["GET"]}}],"collection":[{"href":"https:\/\/www.europesays.com\/es\/wp-json\/wp\/v2\/posts"}],"about":[{"href":"https:\/\/www.europesays.com\/es\/wp-json\/wp\/v2\/types\/post"}],"author":[{"embeddable":true,"href":"https:\/\/www.europesays.com\/es\/wp-json\/wp\/v2\/users\/2"}],"replies":[{"embeddable":true,"href":"https:\/\/www.europesays.com\/es\/wp-json\/wp\/v2\/comments?post=113782"}],"version-history":[{"count":0,"href":"https:\/\/www.europesays.com\/es\/wp-json\/wp\/v2\/posts\/113782\/revisions"}],"wp:featuredmedia":[{"embeddable":true,"href":"https:\/\/www.europesays.com\/es\/wp-json\/wp\/v2\/media\/1454"}],"wp:attachment":[{"href":"https:\/\/www.europesays.com\/es\/wp-json\/wp\/v2\/media?parent=113782"}],"wp:term":[{"taxonomy":"category","embeddable":true,"href":"https:\/\/www.europesays.com\/es\/wp-json\/wp\/v2\/categories?post=113782"},{"taxonomy":"post_tag","embeddable":true,"href":"https:\/\/www.europesays.com\/es\/wp-json\/wp\/v2\/tags?post=113782"}],"curies":[{"name":"wp","href":"https:\/\/api.w.org\/{rel}","templated":true}]}}