{"id":113801,"date":"2025-09-14T06:37:09","date_gmt":"2025-09-14T06:37:09","guid":{"rendered":"https:\/\/www.europesays.com\/es\/113801\/"},"modified":"2025-09-14T06:37:09","modified_gmt":"2025-09-14T06:37:09","slug":"colores-musica-y-tradicion-asi-se-vivio-la-k-pop-party-gran-canaria-en-schamann-canarias7","status":"publish","type":"post","link":"https:\/\/www.europesays.com\/es\/113801\/","title":{"rendered":"Colores, m\u00fasica y tradici\u00f3n: as\u00ed se vivi\u00f3 la K-Pop Party Gran Canaria en Schamann &#8211; Canarias7"},"content":{"rendered":"<ol>\n<li><a href=\"https:\/\/news.google.com\/rss\/articles\/CBMi2wFBVV95cUxQYndvLUM2OG82N1Qzako1SThqMGYzMFpNeEx6ajNLU2RiaWxfWlplLVpPRlYxVEhsTGowel9NeVNOdzY5ZW1BWXVubkl3eDlNRHBEbGdSOFBqUWwwVmpPWEUxeWdDbU8tTzJCQS1Jb3VHVzJKYWNaekxuSVNBZ2FMZXl4QTBCOUswTGR1ajFuN0hzaDlleFFDUjctcUlqRHZwdnQ4V3F3OTNYaTdPc2dtT2ZzUjRGMWVpSFpsR0pwR2EweGdzWEw5VHZ2UzRBZEMzV2lLWnl0dVd1SGfSAeABQVVfeXFMUF9hY2tGbVZGdHMyQjQ4TGlvcTJScUkxaEk5MUlNUjRQeDdoN3hPcG90RkRvSHFaS19VRWEzNzNHdGRLMjFNX3pjamkyc2wtLUpYZWY3U1NxQVF3RFdMZmplUWFyaEMwajNJSVZESkFLR3gxX1JjR3BqRGpXTnVveUZ1eXNFemlLeEhYOUVCSWRjV0cxem5KdlBFLWZaV2thbk4xV3haMG1jTkN0NGFFRFlZaTNKeVNfbWVZYkFpYjMzRXdaNE5TVHVEYkszX19nT0hlUEppRURTaFVlcXhlNWs?oc=5\" target=\"_blank\" rel=\"nofollow noopener\">Colores, m\u00fasica y tradici\u00f3n: as\u00ed se vivi\u00f3 la K-Pop Party Gran Canaria en Schamann<\/a>&nbsp;&nbsp;Canarias7<\/li>\n<li><a href=\"https:\/\/news.google.com\/rss\/articles\/CBMivgFBVV95cUxQTDZuTDZsSXVKT05icW5pV242Y0Zmb2xja2x0ZmRxZENvcXZXTHNCYXgyRVU4dDF4N09ScWtTTHVZUy1JMHJfY2tHU2NPZHJLRlVnM0F0VWM3TFVuNVo1aWN6WGZyb3NseGRVZlZ2Z3ZhdnNqLXhMbEdDUXBpWGk2ZDhhYkROMXB5YVBBUm1oZkxvTjFqdk5pVzlaRE5xMVBhdF9BaUpFaEdVNmcyR0VueFpVcFRXMEZ3RmFDcUV3?oc=5\" target=\"_blank\" rel=\"nofollow noopener\">El &#8216;hanbok&#8217; conquista Schamann<\/a>&nbsp;&nbsp;Canarias7<\/li>\n<li><a href=\"https:\/\/news.google.com\/rss\/articles\/CBMingFBVV95cUxQTXo5WVptVnZENm9DSFJlVHc1UndPamFwTl8wU2JoUVc2YkVfV1Zpc2NjMTE3YTB2WjVrMkEyVHRURFB4dlczNGVBalU1UGExSGdnbUp1Vm9qcTJ6WmE0RUlpbkJjYW53d2tqQS1FNUdJMXpSdko1eG9vSDdTa0RNR1RVdTQ2VUhOcFVidnFNS2JSRkwtMGFTMnJ2REhVQQ?oc=5\" target=\"_blank\" rel=\"nofollow noopener\">VIDEO: Festival Cultural Coreano Eoulrim 2025 (K-POP Party Gran Canaria)<\/a>&nbsp;&nbsp;La Provincia<\/li>\n<li><a href=\"https:\/\/news.google.com\/rss\/articles\/CBMiywFBVV95cUxQTlhDNFBSM1BCVEV1VUZxSFVBM1JvYVVNN1ZOcFhJbDEzOTFhbG13RmR2bXZnMUw4OEh0MEI0bUMtRHBMNS1SUFFHRjdKZlRRc241bXprU3NoRUhkRVJCM1FKS2I1ZTRnanRxT3pfU1NPRi1PZ25RZnRURlVxOERKeEJmU2o5SThLVjk3TkVfa1RmSXhrM1Jvak90cmp3WmRzNnRhbnhHVkRWZmQ3NVM5ZDhaU1gwcU5aRGVZdnc0Y1ZEN3kyVDdqUEpqTQ?oc=5\" target=\"_blank\" rel=\"nofollow noopener\">Schamann se convirti\u00f3 este s\u00e1bado en el epicentro de la cultura pop coreana en Canarias<\/a>&nbsp;&nbsp;Atl\u00e1ntico Hoy<\/li>\n<li><a href=\"https:\/\/news.google.com\/rss\/articles\/CBMi3wFBVV95cUxPaWNnYkowMkNtUm5lRndpYmFISDRLU2gxbzFkY3o0WnZSeFE4MlNObDA2dkc0emEtTU5qRjEyLXZSR2p2eF92RGU5ZjJYYUlHa1BxSjZ1MUtOMWJud21SY0Zyak5MVm44TEEwRnRZTUlON2wwY2daMVFEbmNUS3VVLUtpdGdOZ2x3SUhfekNEdUdTYlBXbmVfZWlWQXg0MUgzTnZRd1dVc0VHWWVyZ0tMUUxMRUVpVXU4Ym9xRnRZR0g5SHJUSWJRc2puOUFNWmkyeWRYRjlPOUhKOWpoODlB?oc=5\" target=\"_blank\" rel=\"nofollow noopener\">El Ayuntamiento organiza una jornada de cultura coreana con talleres, espect\u00e1culos y un concurso coreogr\u00e1fico<\/a>&nbsp;&nbsp;El Peri\u00f3dico de Canarias<\/li>\n<\/ol>\n","protected":false},"excerpt":{"rendered":"Colores, m\u00fasica y tradici\u00f3n: as\u00ed se vivi\u00f3 la K-Pop Party Gran Canaria en Schamann&nbsp;&nbsp;Canarias7 El &#8216;hanbok&#8217; conquista Schamann&nbsp;&nbsp;Canarias7&hellip;\n","protected":false},"author":2,"featured_media":113802,"comment_status":"","ping_status":"","sticky":false,"template":"","format":"standard","meta":{"footnotes":""},"categories":[170],"tags":[7221,8045,146,147,25,24,3956,194,184,185,7827,22873,23,8595,19678],"class_list":{"0":"post-113801","1":"post","2":"type-post","3":"status-publish","4":"format-standard","5":"has-post-thumbnail","7":"category-musica","8":"tag-canaria","9":"tag-colores","10":"tag-entertainment","11":"tag-entretenimiento","12":"tag-es","13":"tag-espana","14":"tag-gran","15":"tag-kpop","16":"tag-music","17":"tag-musica","18":"tag-party","19":"tag-schamann","20":"tag-spain","21":"tag-tradicion","22":"tag-vivio"},"share_on_mastodon":{"url":"","error":""},"_links":{"self":[{"href":"https:\/\/www.europesays.com\/es\/wp-json\/wp\/v2\/posts\/113801","targetHints":{"allow":["GET"]}}],"collection":[{"href":"https:\/\/www.europesays.com\/es\/wp-json\/wp\/v2\/posts"}],"about":[{"href":"https:\/\/www.europesays.com\/es\/wp-json\/wp\/v2\/types\/post"}],"author":[{"embeddable":true,"href":"https:\/\/www.europesays.com\/es\/wp-json\/wp\/v2\/users\/2"}],"replies":[{"embeddable":true,"href":"https:\/\/www.europesays.com\/es\/wp-json\/wp\/v2\/comments?post=113801"}],"version-history":[{"count":0,"href":"https:\/\/www.europesays.com\/es\/wp-json\/wp\/v2\/posts\/113801\/revisions"}],"wp:featuredmedia":[{"embeddable":true,"href":"https:\/\/www.europesays.com\/es\/wp-json\/wp\/v2\/media\/113802"}],"wp:attachment":[{"href":"https:\/\/www.europesays.com\/es\/wp-json\/wp\/v2\/media?parent=113801"}],"wp:term":[{"taxonomy":"category","embeddable":true,"href":"https:\/\/www.europesays.com\/es\/wp-json\/wp\/v2\/categories?post=113801"},{"taxonomy":"post_tag","embeddable":true,"href":"https:\/\/www.europesays.com\/es\/wp-json\/wp\/v2\/tags?post=113801"}],"curies":[{"name":"wp","href":"https:\/\/api.w.org\/{rel}","templated":true}]}}