{"id":11381,"date":"2025-07-29T09:50:11","date_gmt":"2025-07-29T09:50:11","guid":{"rendered":"https:\/\/www.europesays.com\/es\/11381\/"},"modified":"2025-07-29T09:50:11","modified_gmt":"2025-07-29T09:50:11","slug":"justin-bieber-y-swag-asi-ha-funcionado-su-no-campana-de-lanzamiento","status":"publish","type":"post","link":"https:\/\/www.europesays.com\/es\/11381\/","title":{"rendered":"Justin Bieber y &#8216;SWAG&#8217;: as\u00ed ha funcionado su (no) campa\u00f1a de lanzamiento"},"content":{"rendered":"<p>Tras haber sido anunciado escasas horas antes, el \u00faltimo \u00e1lbum de <a href=\"https:\/\/los40.com\/tag\/justin_bieber\/a\/\" target=\"_blank\" rel=\"nofollow noopener\" title=\"https:\/\/los40.com\/tag\/justin_bieber\/a\/\"><b>Justin Bieber<\/b><\/a> desde Justice (2021), ve\u00eda la luz el pasado 11 de julio a medianoche. <b>SWAG <\/b>se lanzaba en plataformas digitales <b>sin apenas campa\u00f1a de lanzamiento<\/b>; algo sorprendente, pues este LP supone el regreso del artista a la primera l\u00ednea de la industria musical tras <b>cuatro a\u00f1os retirado de los focos<\/b>. <\/p>\n<p>El t\u00edtulo del disco, alude al pasado de Bieber, a su estilo, a su esencia. Con este nuevo enfoque, la estrella canadiense <b>deja de lado el pop <\/b>que lo catapult\u00f3 al \u00e9xito y compone <b>21 piezas enfocadas en <\/b><a href=\"https:\/\/los40.com\/los40\/2020\/11\/07\/musica\/1604741784_078254.html\" target=\"_blank\" rel=\"nofollow noopener\" title=\"https:\/\/los40.com\/los40\/2020\/11\/07\/musica\/1604741784_078254.html\"><b>un R&amp;B m\u00e1s alternativo<\/b><\/a><b>.<\/b> Aunque <a href=\"https:\/\/los40.com\/2025\/07\/14\/justin-bieber-desata-la-locura-con-swag-el-record-estratosferico-que-ha-alcanzado-en-solo-un-dia\/\" target=\"_blank\" rel=\"nofollow noopener\" title=\"https:\/\/los40.com\/2025\/07\/14\/justin-bieber-desata-la-locura-con-swag-el-record-estratosferico-que-ha-alcanzado-en-solo-un-dia\/\">el \u00e1lbum cosech\u00f3 m\u00e1s de <b>74 millones<\/b> de reproducciones en plataformas como Spotify <b>solo en su primer d\u00eda<\/b><\/a>, pasadas casi dos semanas, se ha de comprobar si<b> la no estrategia de promoci\u00f3n ha surtido efecto a medio\/largo plazo<\/b>. <\/p>\n<p>Un segundo puesto para Justin Bieber<\/p>\n<p>SWAG puso en alerta las redes sociales, eso es innegable. El lanzamiento del LP pill\u00f3 de imprevisto tanto a los seguidores del cantante como a la industria en su conjunto; la sorpresa hizo que el \u00e1lbum alcanzase el <b>r\u00e9cord de escuchas en apenas unas horas<\/b>. Seg\u00fan El Mundo, <b>cuatro d\u00edas despu\u00e9s<\/b> de su publicaci\u00f3n la cifra se situaba en m\u00e1s de <b>121 millones de &#8216;streams&#8217; en Spotify<\/b>. As\u00ed, la industria se mostraba favorable, prediciendo unas 175 millones de escuchas en su primera y <b>un posible N\u00ba1 en la lista Billboard 200<\/b>. <\/p>\n<p><img decoding=\"async\" src=\"https:\/\/los40.com\/pf\/resources\/img\/logo-40-v-c.svg?d=845\" alt=\"LOS40\" class=\"i-pro\" width=\"68\" height=\"68\" loading=\"lazy\"\/><\/p>\n<p>A\u00fan habiendo desbancado a I&#8217;m The Problem, de Morgan Wallen, SWAG <b>termin\u00f3 su primera semana con 163 millones de escuchas<\/b>, coloc\u00e1ndose en un merecido <b>segundo puesto de la lista<\/b> tras Jackboys 2, de Jackboys &amp; Travis Scott. Sin embargo, <b>m\u00e1s de la mitad de las canciones<\/b> que componen el proyecto consegu\u00edan colarse tambi\u00e9n en la <b>lista Hot 100<\/b> de la revista. Por tanto, los n\u00fameros no mienten: el nuevo \u00e1lbum de Justin Bieber ha sido un <b>\u00e9xito rotundo<\/b>; aunque algunos se preguntan si SWAG podr\u00eda haber alcanzado el primer puesto de las listas con una previa y planificada campa\u00f1a de lanzamiento.<\/p>\n<p><img loading=\"lazy\" decoding=\"async\" src=\"https:\/\/www.europesays.com\/es\/wp-content\/uploads\/2025\/07\/1753782611_213_maxresdefault.jpg\" width=\"16\" height=\"9\"\/>El artista y sus rumores en el punto de mira <\/p>\n<p>Sea como fuere, el proyecto ha vuelto a colocar a Justin Bieber en el <b>punto de mira de la industria<\/b>. A pesar de que el artista se encontraba en un \u00abproceso de recuperaci\u00f3n\u00bb escasos d\u00edas antes de la publicaci\u00f3n del disco, los <b>rumores acerca de su salud mental <\/b>han vuelto a aflorar en los \u00faltimos d\u00edas; rumores que, esperemos, no frenen al artista a la hora de trabajar en <b>nuevos proyectos a corto plazo<\/b> ni dificulten su <a href=\"https:\/\/los40.com\/2025\/07\/18\/billboard-adelanta-su-prediccion-para-los-grammys-2026-bad-bunny-kendrick-lamar-y-elton-john-podrian-batir-nuevos-records\/\" target=\"_blank\" rel=\"nofollow noopener\" title=\"https:\/\/los40.com\/2025\/07\/18\/billboard-adelanta-su-prediccion-para-los-grammys-2026-bad-bunny-kendrick-lamar-y-elton-john-podrian-batir-nuevos-records\/\"><b>posible nominaci\u00f3n al Grammy<\/b><\/a>. Hasta que cualquiera de estos supuestos se haga realidad, <b>SWAG est\u00e1 disponible en plataformas digitales<\/b>. <\/p>\n","protected":false},"excerpt":{"rendered":"Tras haber sido anunciado escasas horas antes, el \u00faltimo \u00e1lbum de Justin Bieber desde Justice (2021), ve\u00eda la&hellip;\n","protected":false},"author":2,"featured_media":11382,"comment_status":"","ping_status":"","sticky":false,"template":"","format":"standard","meta":{"footnotes":""},"categories":[170],"tags":[1765,146,147,25,24,184,185,23,1766],"class_list":{"0":"post-11381","1":"post","2":"type-post","3":"status-publish","4":"format-standard","5":"has-post-thumbnail","7":"category-musica","8":"tag-bestof","9":"tag-entertainment","10":"tag-entretenimiento","11":"tag-es","12":"tag-espana","13":"tag-music","14":"tag-musica","15":"tag-spain","16":"tag-topix"},"share_on_mastodon":{"url":"","error":""},"_links":{"self":[{"href":"https:\/\/www.europesays.com\/es\/wp-json\/wp\/v2\/posts\/11381","targetHints":{"allow":["GET"]}}],"collection":[{"href":"https:\/\/www.europesays.com\/es\/wp-json\/wp\/v2\/posts"}],"about":[{"href":"https:\/\/www.europesays.com\/es\/wp-json\/wp\/v2\/types\/post"}],"author":[{"embeddable":true,"href":"https:\/\/www.europesays.com\/es\/wp-json\/wp\/v2\/users\/2"}],"replies":[{"embeddable":true,"href":"https:\/\/www.europesays.com\/es\/wp-json\/wp\/v2\/comments?post=11381"}],"version-history":[{"count":0,"href":"https:\/\/www.europesays.com\/es\/wp-json\/wp\/v2\/posts\/11381\/revisions"}],"wp:featuredmedia":[{"embeddable":true,"href":"https:\/\/www.europesays.com\/es\/wp-json\/wp\/v2\/media\/11382"}],"wp:attachment":[{"href":"https:\/\/www.europesays.com\/es\/wp-json\/wp\/v2\/media?parent=11381"}],"wp:term":[{"taxonomy":"category","embeddable":true,"href":"https:\/\/www.europesays.com\/es\/wp-json\/wp\/v2\/categories?post=11381"},{"taxonomy":"post_tag","embeddable":true,"href":"https:\/\/www.europesays.com\/es\/wp-json\/wp\/v2\/tags?post=11381"}],"curies":[{"name":"wp","href":"https:\/\/api.w.org\/{rel}","templated":true}]}}