{"id":113817,"date":"2025-09-14T06:48:14","date_gmt":"2025-09-14T06:48:14","guid":{"rendered":"https:\/\/www.europesays.com\/es\/113817\/"},"modified":"2025-09-14T06:48:14","modified_gmt":"2025-09-14T06:48:14","slug":"toros-en-albacete-2025-samuel-navalon-un-torero-en-la-intimidad-el-miedo-no-se-vence","status":"publish","type":"post","link":"https:\/\/www.europesays.com\/es\/113817\/","title":{"rendered":"Toros en Albacete 2025 | Samuel Naval\u00f3n, un torero en la intimidad: \u00abEl miedo no se vence\u00bb"},"content":{"rendered":"<p class=\"ft-text ft-helper-closenews\">Samuel Naval\u00f3n no atina a poner la tarjeta en la cerradura para acceder a la habitaci\u00f3n. Es la 101 del Hotel Palacio de <a class=\"ft-link ft-link--decoration\" href=\"https:\/\/www.levante-emv.com\/tags\/albacete\/\" target=\"_blank\" rel=\"nofollow noopener\"><strong>Albacete<\/strong><\/a>, donde ahora se cambian los toreros antes de ir a la plaza. Son las 12.30 horas de una ma\u00f1ana en la que el torero de <a class=\"ft-link ft-link--decoration\" href=\"https:\/\/www.levante-emv.com\/tags\/el-valle-de-ayora\/\" target=\"_blank\" rel=\"nofollow noopener\"><strong>Ayora<\/strong><\/a><strong> <\/strong>pisar\u00e1 el mismo ruedo que lo hizo matador de toros hace ya un a\u00f1o. Un tiempo en el que todav\u00eda no ha debutado como torero de alternativa en la <a class=\"ft-link ft-link--decoration\" href=\"https:\/\/plazadevalencia.es\/\" target=\"_blank\" rel=\"nofollow noopener\"><strong>plaza de toros de Val\u00e8ncia<\/strong><\/a> -su tierra-, pero s\u00ed ha destacado en ferias tan importantes como la<strong> <\/strong><a class=\"ft-link ft-link--decoration\" href=\"https:\/\/www.levante-emv.com\/cultura\/toros\/2025\/04\/30\/toros-en-sevilla-2025-roman-collado-samuel-navalon-toreros-valencianos-destacan-feria-de-abril-116923731.html\" target=\"_blank\" rel=\"nofollow noopener\"><strong>Feria de Abril de Sevilla<\/strong><\/a> o la Feria de San Isidro de <a class=\"ft-link ft-link--decoration\" href=\"https:\/\/www.las-ventas.com\/\" target=\"_blank\" rel=\"nofollow noopener\"><strong>Las Ventas<\/strong><\/a>, entre otras, como Alicante, Ciudad Real o la propia Albacete, donde este mismo lunes tambi\u00e9n sali\u00f3 por la puerta grande.<\/p>\n<p class=\"ft-text\">Nada m\u00e1s entrar a la suite, Naval\u00f3n despeja las cortinas para que la luz entre de lleno: \u00abEs la misma que la del d\u00eda de la alternativa, me trae muy buenos recuerdos\u00bb. \u00abLo que m\u00e1s me gusta en un d\u00eda de toros es el orden en la habitaci\u00f3n, que me sienta como en casa\u00bb, se\u00f1ala. De un valor incalculable estas palabras del joven valenciano de tan solo 20 a\u00f1os y que lo sit\u00faan en una encrucijada que no se puede soslayar a horas de jugarse la vida.<\/p>\n<p class=\"ft-text\">En el sal\u00f3n del dormitorio descansan un fardo de capotes y muletas y <strong>el fund\u00f3n de estoques con el nombre de &#8216;A. Corbacho&#8217;<\/strong> escrito con letras de oro y que perteneci\u00f3, posiblemente, al mejor y m\u00e1s completo mentor del toreo por el papel clave que ejerci\u00f3 en las carreras de <a class=\"ft-link ft-link--decoration\" href=\"https:\/\/www.levante-emv.com\/tags\/jose-tomas\/\" target=\"_blank\" rel=\"nofollow noopener\"><strong>Jos\u00e9 Tom\u00e1s<\/strong><\/a> y <strong>Alejandro Talavante<\/strong>. \u00abAntonio Corbacho era \u00edntimo amigo de mi apoderado, Nemesio Mat\u00edas, y se lo regal\u00f3\u00bb, destaca.<\/p>\n<p class=\"ft-text\">Ahora, mientras la cuadrilla regresa del sorteo, arranca una vocaci\u00f3n de espera, unas horas con un c\u00f3smico sentido de la calma, <strong>el aguante del miedo y la paciencia hasta que su cuerpo se mimetice en torero definitivamente<\/strong> una vez se ponga el traje de luces. No es un tr\u00e1nsito f\u00e1cil por esa hond\u00edsima quemaz\u00f3n que puja entre el miedo y la tensi\u00f3n que se siente a golpes con la responsabilidad con uno mismo, s\u00edmbolo de una soterrada identidad de lo que significa ser torero.<\/p>\n<p class=\"ft-text\"><strong>\u00bfC\u00f3mo pasa estas horas?<\/strong><\/p>\n<p class=\"ft-text\">Cada d\u00eda se viven sensaciones diferentes, pero hoy me encuentro tranquilo y muy feliz porque es una tarde especial, un d\u00eda marcado en mi temporada y un acontecimiento para m\u00ed.<\/p>\n<p class=\"ft-text\"><strong>\u00bfQu\u00e9 hace un d\u00eda de festejo?<\/strong><\/p>\n<p class=\"ft-text\">Intentar estar lo m\u00e1s tranquilo posible dentro de lo tranquilo que puede estar uno sabiendo que va a estar dispuesto a jugarse la vida.<\/p>\n<p class=\"ft-text\"><strong>Entiendo<\/strong>.<\/p>\n<p class=\"ft-text\">Esta ma\u00f1ana he estado en casa con mis padres. He desayunado con ellos y me he venido al hotel para intentar descansar lo m\u00e1ximo posible con un \u00fanico objetivo: que fluya el toreo y que fluyan mis sentimientos en la plaza.<\/p>\n<p>Despedirse de los padres<\/p>\n<p class=\"ft-text\"><strong>\u00bfC\u00f3mo ha sido la despedida con sus padres?<\/strong><\/p>\n<p class=\"ft-text\">Ha sido especial porque soy consciente de la importancia que tienen tardes como la de hoy y de la entrega que estoy dispuesto a ofrecerle a esta plaza. Intento normalizarlo y estoy deseando verlos despu\u00e9s para poder celebrar el triunfo.<\/p>\n<p class=\"ft-text\"><strong>\u00bfQu\u00e9 no puede faltar en su habitaci\u00f3n un d\u00eda de toros?<\/strong><\/p>\n<p class=\"ft-text\">Mi capilla con mis estampas y, entre otras, el orden. No me gusta que las cosas est\u00e9n por medio. Creo que todo debe estar en su sitio.<\/p>\n<p class=\"ft-text\"><strong>\u00bfY en su capilla?<\/strong><\/p>\n<p class=\"ft-text\">Una estampa de Jes\u00fas a la que tanto mis padres como yo le pedimos mucho. Tambi\u00e9n tengo la imagen del Castillo de <a class=\"ft-link ft-link--decoration\" href=\"https:\/\/www.levante-emv.com\/tags\/el-valle-de-ayora\/\" target=\"_blank\" rel=\"nofollow noopener\"><strong>Ayora<\/strong><\/a><strong> <\/strong>y de la Virgen del Rosario.<\/p>\n<p class=\"ft-text\"><strong>\u00bfQu\u00e9 espera de la tarde?<\/strong><\/p>\n<p class=\"ft-text\">Entregarme al cien por cien y vivir el festejo, sobre todo, con mucha intensidad de principio a fin. Ojal\u00e1 pueda recordar esta tarde durante todo el invierno porque ser\u00e1 fruto de crecimiento y evoluci\u00f3n tanto personal como profesional.<\/p>\n<p class=\"ft-text\"><strong>\u00bfC\u00f3mo se logra esa entrega?<\/strong><\/p>\n<p class=\"ft-text\">Con el trabajo que hay detr\u00e1s, las horas de entrenamientos diarios. Todo eso me hace tener la conciencia tranquila porque tambi\u00e9n me he entregado al m\u00e1ximo en mi preparaci\u00f3n. He so\u00f1ado cada d\u00eda con la tarde de hoy en la <a class=\"ft-link ft-link--decoration\" href=\"https:\/\/plazatorosalbacete.com\/\" target=\"_blank\" rel=\"nofollow noopener\"><strong>plaza de toros de Albacete<\/strong><\/a>.<\/p>\n<p>Vencer al miedo<\/p>\n<p class=\"ft-text\"><strong>Que esta 101 sea la misma habitaci\u00f3n del d\u00eda de su alternativa, \u00bfes una man\u00eda?<\/strong><\/p>\n<p class=\"ft-text\">No, pero no ha sido casualidad. Las dos tardes que tore\u00e9 el a\u00f1o pasado en <a class=\"ft-link ft-link--decoration\" href=\"https:\/\/www.levante-emv.com\/tags\/albacete\/\" target=\"_blank\" rel=\"nofollow noopener\"><strong>Albacete<\/strong><\/a><strong> <\/strong>me cambi\u00e9 aqu\u00ed y, al entrar, me han venido muy buenas sensaciones. As\u00ed que hace que el d\u00eda de hoy todav\u00eda sea m\u00e1s especial.<\/p>\n<p class=\"ft-text\"><strong>\u00bfC\u00f3mo vence el miedo?<\/strong><\/p>\n<p class=\"ft-text\">El miedo no se vence, hay que saber llevarlo. Me siento afortunado por hacer lo que m\u00e1s me apasiona en este mundo que es torear. Creo que la hora de vestirme de torero es uno de los momentos m\u00e1s especiales que puedo vivir y en el que asumo m\u00e1s miedo.<\/p>\n<p class=\"ft-text\"><strong>\u00bfC\u00f3mo es ese miedo?<\/strong><\/p>\n<p class=\"ft-text\">No sabr\u00eda decirte exactamente. Hace poco vi una entrevista del maestro <a class=\"ft-link ft-link--decoration\" href=\"https:\/\/www.levante-emv.com\/tags\/el-juli\/\" target=\"_blank\" rel=\"nofollow noopener\"><strong>El Juli<\/strong><\/a> que dec\u00eda que el toreo es tan especial porque nos anunciamos un d\u00eda concreto y no sabemos si va a ser la \u00faltima tarde, \u00bfno? Eso es el miedo.<\/p>\n<p class=\"ft-text\"><strong>\u00bfQu\u00e9 valoraci\u00f3n hace de la temporada?<\/strong><\/p>\n<p class=\"ft-text\">Ha sido muy importante interiormente porque me ha hecho ver la verdadera dificultad de la profesi\u00f3n y el grand\u00edsimo m\u00e9rito que tienen las figuras del toreo que est\u00e1n en las ferias d\u00eda tras d\u00eda.<\/p>\n<p><img decoding=\"async\" src=\"https:\/\/www.europesays.com\/es\/wp-content\/uploads\/2025\/09\/c169d30b-f070-4e71-8481-7240c34d885f_alta-libre-aspect-ratio_default_0.jpg\" width=\"1200\" height=\"1143\" alt=\"Naval\u00f3n posa tras la entrevista en la habitaci\u00f3n en la que se visti\u00f3 de torero.\" class=\"ft-helper-img-rd\" loading=\"lazy\" hasdataaida=\"true\"\/><\/p>\n<p class=\"ft-helper-fontColor-quaternary ft-helper-fontSize-body-S ft-helper-spacer-t-xxs\">Naval\u00f3n posa tras la entrevista en la habitaci\u00f3n en la que se visti\u00f3 de torero.  \/ R.Peris<\/p>\n<p class=\"ft-text\"><strong>Ha pisado plazas importantes como Sevilla, Madrid\u2026<\/strong><\/p>\n<p class=\"ft-text\">La <a class=\"ft-link ft-link--decoration\" href=\"https:\/\/www.levante-emv.com\/cultura\/toros\/2025\/06\/08\/toros-san-isidro-2025-samuel-navalon-torero-como-jugarse-la-vida-en-las-ventas-118366462.html\" target=\"_blank\" rel=\"nofollow noopener\"><strong>tarde de Madrid ha sido una de las que m\u00e1s me ha hecho creer en m\u00ed<\/strong><\/a> para seguir ahondando en mi concepto y en mi manera de sentir el toreo.<\/p>\n<p class=\"ft-text\"><strong>No le ha importado anunciarse con el encaste albaserrada\u2026 <\/strong><\/p>\n<p class=\"ft-text\">Victorino me dijo que el mejor torero es aquel capaz de adaptarse y de acoplarse con cualquier tipo de toro. Ahora que me siento orgulloso porque estas corridas de toros desgastan mucho.<\/p>\n<p class=\"ft-text\"><strong>La temporada arranc\u00f3 con una noticia dura: <\/strong><a class=\"ft-link ft-link--decoration\" href=\"https:\/\/www.levante-emv.com\/cultura\/toros\/2025\/03\/02\/toros-en-valencia-2025-samuel-navalon-gran-ausencia-carteles-de-la-feria-de-fallas-114693605.html\" target=\"_blank\" rel=\"nofollow noopener\"><strong>su ausencia en la Feria de Fallas<\/strong><\/a><\/p>\n<p class=\"ft-text\">En su momento claro que me doli\u00f3 porque es mi tierra, pero estoy convencido de que llegar\u00e1 el momento en el que pueda torear all\u00ed.<\/p>\n<p class=\"ft-text\"><strong>Suerte, torero<\/strong>.<\/p>\n<p class=\"ft-text\">Muchas gracias.<\/p>\n<p data-close=\"closedContent\" class=\"subscribeHideForDisplay\">Suscr\u00edbete para seguir leyendo<\/p>\n","protected":false},"excerpt":{"rendered":"Samuel Naval\u00f3n no atina a poner la tarjeta en la cerradura para acceder a la habitaci\u00f3n. Es la&hellip;\n","protected":false},"author":2,"featured_media":113818,"comment_status":"","ping_status":"","sticky":false,"template":"","format":"standard","meta":{"footnotes":""},"categories":[277],"tags":[3651,2545,38485,373,1904,710,168,38487,3653,25,24,711,712,709,38484,30849,5486,3652,1389,30180,23,167,625,374,1570,444,37996,38486,31272,38488,5146],"class_list":{"0":"post-113817","1":"post","2":"type-post","3":"status-publish","4":"format-standard","5":"has-post-thumbnail","7":"category-toreo","8":"tag-actos-taurinos","9":"tag-albacete","10":"tag-ayora","11":"tag-bullfighting","12":"tag-corridas-de-toros","13":"tag-critica-taurina","14":"tag-deportes","15":"tag-el-valle-de-ayora","16":"tag-entrada-de-toros","17":"tag-es","18":"tag-espana","19":"tag-espectaculos-taurinos","20":"tag-feria-taurina","21":"tag-festejos-taurinos","22":"tag-habitacion-hotel","23":"tag-intimidad","24":"tag-miedo","25":"tag-museo-taurino","26":"tag-plaza-de-toros","27":"tag-samuel-navalon","28":"tag-spain","29":"tag-sports","30":"tag-tauromaquia","31":"tag-toreo","32":"tag-torero","33":"tag-toros","34":"tag-toros-en-albacete","35":"tag-toros-feria-de-julio","36":"tag-toros-valencia","37":"tag-turismo-queremos-el-valle-de-ayora","38":"tag-vence"},"share_on_mastodon":{"url":"","error":""},"_links":{"self":[{"href":"https:\/\/www.europesays.com\/es\/wp-json\/wp\/v2\/posts\/113817","targetHints":{"allow":["GET"]}}],"collection":[{"href":"https:\/\/www.europesays.com\/es\/wp-json\/wp\/v2\/posts"}],"about":[{"href":"https:\/\/www.europesays.com\/es\/wp-json\/wp\/v2\/types\/post"}],"author":[{"embeddable":true,"href":"https:\/\/www.europesays.com\/es\/wp-json\/wp\/v2\/users\/2"}],"replies":[{"embeddable":true,"href":"https:\/\/www.europesays.com\/es\/wp-json\/wp\/v2\/comments?post=113817"}],"version-history":[{"count":0,"href":"https:\/\/www.europesays.com\/es\/wp-json\/wp\/v2\/posts\/113817\/revisions"}],"wp:featuredmedia":[{"embeddable":true,"href":"https:\/\/www.europesays.com\/es\/wp-json\/wp\/v2\/media\/113818"}],"wp:attachment":[{"href":"https:\/\/www.europesays.com\/es\/wp-json\/wp\/v2\/media?parent=113817"}],"wp:term":[{"taxonomy":"category","embeddable":true,"href":"https:\/\/www.europesays.com\/es\/wp-json\/wp\/v2\/categories?post=113817"},{"taxonomy":"post_tag","embeddable":true,"href":"https:\/\/www.europesays.com\/es\/wp-json\/wp\/v2\/tags?post=113817"}],"curies":[{"name":"wp","href":"https:\/\/api.w.org\/{rel}","templated":true}]}}