{"id":113821,"date":"2025-09-14T06:51:06","date_gmt":"2025-09-14T06:51:06","guid":{"rendered":"https:\/\/www.europesays.com\/es\/113821\/"},"modified":"2025-09-14T06:51:06","modified_gmt":"2025-09-14T06:51:06","slug":"me-decepciono-su-nivel-jannik-sinner-recibio-una-fuerte-critica-de-una-leyenda-del-tenis-espn-deportes","status":"publish","type":"post","link":"https:\/\/www.europesays.com\/es\/113821\/","title":{"rendered":"&quot;Me decepcion\u00f3 su nivel&quot;: Jannik Sinner recibi\u00f3 una fuerte cr\u00edtica de una leyenda del tenis &#8211; ESPN Deportes"},"content":{"rendered":"<ol>\n<li><a href=\"https:\/\/news.google.com\/rss\/articles\/CBMi_wFBVV95cUxNN0dtbkZjSFJCVkZqSlVMT21uM3A3Ym9TeWMxUUV4OHBrU1NJT2NfZXl0MGxSTlVWQ3RlY3F4aGdiUkYxWGpTaTVqX1VnYl85UG0zX0JGQTRqdnQ2QUtQZEtFbWtnYWZDV3JSSnJWMzY4TlZDYUVPVlVyNEQyajZTclVULXZ3YVpZbXVENnFqdVJvYUVycU81WEt1VDV0cTF0RFc4SEhOS2tONE9uSmtqY2J5MU1PdjZKOUdma1lZVTZkV1ZrQkNseVBYWHhqczRjVnA1Um82TFVyMVlWRlBNNG1VSTc1eWVMMV9nZ1NaUk9LYlVEUlVQUDhjOE5USmM?oc=5\" target=\"_blank\" rel=\"nofollow noopener\">\u00abMe decepcion\u00f3 su nivel\u00bb: Jannik Sinner recibi\u00f3 una fuerte cr\u00edtica de una leyenda del tenis<\/a>&nbsp;&nbsp;ESPN Deportes<\/li>\n<li><a href=\"https:\/\/news.google.com\/rss\/articles\/CBMi7gFBVV95cUxQa2lHdlE5ektvRVIxU2VsaTdQZ2JMam9BYndHX1RqYkd3WGhGTlJDLUFWQ01iV3BLYWtEcW5rNVF0YkxwUGJSaTI0TWllWGt0alpyR1N3Q3RTc2FzWmVqX1lnM28tS1NGTUNCcTJOU2dtalV4ZjI4NTNnd092enlqOWxhVXNrcm5COWNBT2sySnZWQjh1cmpzYkREcllWMERJdF9lRlk1Sm5qUmZMMVpQbGdSa1dTbTA4TVpERDlrcWxSU3JPQmJCVTdwV2JJTVRKQU9hMEJDczN5cDZ0VGw4Sy1pX0NGcjk4c0ZCd2l30gHuAUFVX3lxTFBheXozVlNsRk9xMWtpSTdHcm81bWM1UlJEMVJoR0RvdmhEQ1dtbk5NVXhtVUdMOWotWkVRc05tZjhkdmt1dXpDN0wtUDhqVHlZaThrRlFvb0xtMDhFUFpaWmF3WXhVTi1qYkFINlBJSXhnOUxraXJUOFlPSXdIMk16TGpGTGJwY2h1Q2ptSUtkMW1KT1lpRVM2aXJpVWRZZkVaWUl0VVU1dmtkbktheEt1b0UweDRpTWRpemY4QVFUSF9TdjFnclVxTFlQQ0JEN3dKeVg3TzZibU8xbzA4d0NzQXpwSjRhVzhVYUhTdVE?oc=5\" target=\"_blank\" rel=\"nofollow noopener\">Dura cr\u00edtica de una leyenda del tenis por el dominio de Alcaraz y Sinner: \u00abMe molesta que se conforman&#8230;<\/a>&nbsp;&nbsp;LaSexta<\/li>\n<li><a href=\"https:\/\/news.google.com\/rss\/articles\/CBMi9wFBVV95cUxQQlZFT0dhU1JSLURXa0JyelRHX1FTeld3MHlQOHhOVlZFdzE0ekVOZ1lTMWI1MEtta2F1al9MaFllRTR0cXd2UkplV0dSSU9XNW5vSVVjZEdiM3FnTmNIV2tEQ1dJWHFObWpKZExERG9EZkN4cnlXR0RIS2J1VTNYb3RSVHc4V3d1LTBKU3RxQkZZX3F3X2dCb29EbFBiaEQxckZUWGNZNlg5ZllfaFJBYlR6VXZIbmlfMmNPSHZKVlFyS2d1YWN5OUQyeVFxWDlYbURKeEZCRlVhTkhDcHh3eTJybGZSWDdzay1NLVRQYVJqOWloYjh3?oc=5\" target=\"_blank\" rel=\"nofollow noopener\">La dura advertencia de Becker tras el US Open: \u00abAlcaraz juega mejor que hace un a\u00f1o, pero Sinner&#8230;\u00bb<\/a>&nbsp;&nbsp;Eurosport<\/li>\n<li><a href=\"https:\/\/news.google.com\/rss\/articles\/CBMi-AFBVV95cUxORGlWRVNDNV9DbXpIUjdTay1WeVdrQk83cVRocF9saXhTbm1sQmtfTHpLWWZkNzFxakJ6VHRiaE5nak0wMkFWaHVOUEpPbk1sN0NMcFFaUWExT2FmN1NPX3NlZ0Fsa1dxVzlHNk1EUm5lZHhmVG1ZaXZib1RqR1pxbzhUMmR5T1pUazZKb1prUjBORy04T0Q1UnJIUVBiTHVpRTUyWlNrNEdtZF83WDdORVdtQk9sNHJGa1BKYTJOUnR5QWZDMUZ0eUFWLW9CTTg1UWI4YmUzWjNGS1JqZS1TSmhuUkI0N3lrbEtxSl9fYjhkRHZXTGN5d9IBjAJBVV95cUxNY1ZoSjZnNDUzZlVxdVdCYU5fN3ZDR2w5WkJvU1U1NWJWTVZuOVBldGc3UjlPbmRhMzhnTTdUUjVscVFqdDJQd01oTmhWTlRUTlFHU0ZmVHFoQ19Hai1sUUpGVlRwYmhsdDEtM003MDA1T2tyZTZYMkFOaC1DaThDaDFVMURBZmRrUS02cXBwSktwbXFVczZ4M1RmUUtwOXpJaU5ZQW5ESkJ0VEhzZHhaSFhBUjVWd3NQbXNNcC04bjdhelJFckQxMzZydGhwV0xNWGM2OUpwVDlhS3I4ZDZZMkpwQU5IeWFFbVBKc0xfTzlhU2UyZVdSWEtFUEthYzVrX3VXaHl0UmNfdGl4?oc=5\" target=\"_blank\" rel=\"nofollow noopener\">Boris Becker, sobre los protagonistas de la final del US Open: \u00abSinner se ha estancado y Alcaraz se ha dado cuenta\u00bb<\/a>&nbsp;&nbsp;Cadena SER<\/li>\n<li><a href=\"https:\/\/news.google.com\/rss\/articles\/CBMi9wFBVV95cUxPYk02OTJlRUpMcGNROFhRNXpPbXUwSklkSTFsbXJ5Z016WDVpVGN5US1YVHc4ZWZyb0RPY0JMOVM4WXpOekZCczJzR0NwdGhfUXlNS1lkSVNRUlFIdmEycFRnczFPdC1penp4ZXNxVExreko0eWozdjg4b191WERvVjhuS2FhdlloWVpDNFA2dU1tZXZmeVhWMFFQTG1rRmN3WDZUSk1rb3FjRDFVREVFSDlvZ1VLOUY2dktuYlNHV2tnOHJyYWZWWVRSdXliYjNmMUpvLVNnamV4MmhCdTJ4M3VVbF95dzdKRVAxQTF1Rm1mcmdVYW13?oc=5\" target=\"_blank\" rel=\"nofollow noopener\">La dura cr\u00edtica del mito Boris Becker por la falta de ambici\u00f3n en el tenis: \u00abMe molesta que piensen que Alcaraz y Sinner son mejores\u00bb<\/a>&nbsp;&nbsp;20Minutos<\/li>\n<\/ol>\n","protected":false},"excerpt":{"rendered":"\u00abMe decepcion\u00f3 su nivel\u00bb: Jannik Sinner recibi\u00f3 una fuerte cr\u00edtica de una leyenda del tenis&nbsp;&nbsp;ESPN Deportes Dura cr\u00edtica&hellip;\n","protected":false},"author":2,"featured_media":113496,"comment_status":"","ping_status":"","sticky":false,"template":"","format":"standard","meta":{"footnotes":""},"categories":[274],"tags":[168,25,24,23,167,327,326],"class_list":{"0":"post-113821","1":"post","2":"type-post","3":"status-publish","4":"format-standard","5":"has-post-thumbnail","7":"category-tenis","8":"tag-deportes","9":"tag-es","10":"tag-espana","11":"tag-spain","12":"tag-sports","13":"tag-tenis","14":"tag-tennis"},"share_on_mastodon":{"url":"","error":""},"_links":{"self":[{"href":"https:\/\/www.europesays.com\/es\/wp-json\/wp\/v2\/posts\/113821","targetHints":{"allow":["GET"]}}],"collection":[{"href":"https:\/\/www.europesays.com\/es\/wp-json\/wp\/v2\/posts"}],"about":[{"href":"https:\/\/www.europesays.com\/es\/wp-json\/wp\/v2\/types\/post"}],"author":[{"embeddable":true,"href":"https:\/\/www.europesays.com\/es\/wp-json\/wp\/v2\/users\/2"}],"replies":[{"embeddable":true,"href":"https:\/\/www.europesays.com\/es\/wp-json\/wp\/v2\/comments?post=113821"}],"version-history":[{"count":0,"href":"https:\/\/www.europesays.com\/es\/wp-json\/wp\/v2\/posts\/113821\/revisions"}],"wp:featuredmedia":[{"embeddable":true,"href":"https:\/\/www.europesays.com\/es\/wp-json\/wp\/v2\/media\/113496"}],"wp:attachment":[{"href":"https:\/\/www.europesays.com\/es\/wp-json\/wp\/v2\/media?parent=113821"}],"wp:term":[{"taxonomy":"category","embeddable":true,"href":"https:\/\/www.europesays.com\/es\/wp-json\/wp\/v2\/categories?post=113821"},{"taxonomy":"post_tag","embeddable":true,"href":"https:\/\/www.europesays.com\/es\/wp-json\/wp\/v2\/tags?post=113821"}],"curies":[{"name":"wp","href":"https:\/\/api.w.org\/{rel}","templated":true}]}}