{"id":113822,"date":"2025-09-14T06:52:10","date_gmt":"2025-09-14T06:52:10","guid":{"rendered":"https:\/\/www.europesays.com\/es\/113822\/"},"modified":"2025-09-14T06:52:10","modified_gmt":"2025-09-14T06:52:10","slug":"vuelta-a-espana-2025-hoy-etapa-21-perfil-y-recorrido","status":"publish","type":"post","link":"https:\/\/www.europesays.com\/es\/113822\/","title":{"rendered":"Vuelta a Espa\u00f1a 2025 hoy, etapa 21: perfil y recorrido"},"content":{"rendered":"<p class=\"\">Pese a los sustos y las dudas que hab\u00eda ayer en la salida de Robledo de Chavela ante factores incontrolables (<b>\u201cel ciclismo tiene el estadio m\u00e1s grande del mundo\u201d, repiten habitualmente en el pelot\u00f3n<\/b>), <a href=\"https:\/\/as.com\/ciclismo\/vuelta_espana\/vingegaard-ganar-aqui-en-la-bola-del-mundo-es-especial-n\/\" target=\"_self\" rel=\"nofollow noopener\" title=\"https:\/\/as.com\/ciclismo\/vuelta_espana\/vingegaard-ganar-aqui-en-la-bola-del-mundo-es-especial-n\/\">La Vuelta se pudo decidir en la Bola del Mundo<\/a> y hoy, si todo va seg\u00fan lo previsto, ser\u00e1 el final de fiesta en Madrid despu\u00e9s de un largo viaje que empez\u00f3,<b> al menos en cuanto a lo deportivo se refiere <\/b>(se viaja entre 3 y 4 d\u00edas antes) el 23 de agosto en Tur\u00edn. Hoy hay convocadas numerosas manifestaciones<b> <\/b><a href=\"https:\/\/as.com\/ciclismo\/vuelta_espana\/boicot-a-la-vuelta-los-manifestantes-cortan-la-carretera-n\/\" target=\"_self\" rel=\"nofollow noopener\" title=\"https:\/\/as.com\/ciclismo\/vuelta_espana\/boicot-a-la-vuelta-los-manifestantes-cortan-la-carretera-n\/\"><b>para tratar de \u2018boicotear\u2019 la carrera en su llegada a Madrid<\/b><\/a><b> <\/b>por parte de las personas a favor de Palestina y en contra de la presencia del equipo Israel contra el, considerado por la mayor\u00eda de la comunidad internacional, genocidio de Israel en Gaza. <\/p>\n<p><img decoding=\"async\" src=\"https:\/\/www.europesays.com\/es\/wp-content\/uploads\/2025\/09\/Q4JQ6WJ6ORGP3HEKTK2BMH6NYE.jpg\" alt=\"Vuelta a Espa\u00f1a 2025 hoy, etapa 21: perfil y recorrido\" height=\"725\" width=\"1200\"   loading=\"lazy\"\/><\/p>\n<p class=\"\"><b>La Delegaci\u00f3n del Gobierno en Madrid inform\u00f3 de un refuerzo \u201cextraordinario<\/b>\u201d en una reuni\u00f3n de coordinaci\u00f3n de seguridad con presencia de la Polic\u00eda Nacional, de la Guardia Civil, del Ayuntamiento de Madrid, la DGT, de la Polic\u00eda Local de quince municipios, de la RFEC y de Unipublic, <b>organizadora de la prueba. Ser\u00e1n m\u00e1s de 2.000 los agentes presentes<\/b>. Ayer se modific\u00f3 la etapa, siendo 5 km menos de los iniciales, evitando el paso por Aravaca pero por motivos de tr\u00e1fico, cuesti\u00f3n ajena a los manifestantes<b>. Adem\u00e1s, en el podio de Madrid, junto a la Cibeles, subir\u00e1 hoy el estadounidense Riccitello, del equipo Israel<\/b>, con el maillot blanco del mejor clasificado de los j\u00f3venes. En lo deportivo, una previsible volata con Philipsen y Pedersen de favoritos.<\/p>\n<p>Noticias relacionadas<a href=\"https:\/\/as.com\/ciclismo\/vuelta_espana\/vingegaard-ganar-aqui-en-la-bola-del-mundo-es-especial-n\/\" class=\"s_m_w\" title=\"El dan\u00e9s certifica su victoria final en La Vuelta y lo hace a lo grande. \u201cEntiendo por qu\u00e9 lo hacen\u201d, dice Jonas sobre los manifestantes.\" data-tb-link=\"\" rel=\"nofollow noopener\" target=\"_blank\"><img decoding=\"async\" src=\"https:\/\/www.europesays.com\/es\/wp-content\/uploads\/2025\/09\/1757832729_786_ONZAB27NRRELVMI7WNKJA6DVZI.jpg\" alt=\"Vingegaard: \u201cSiempre so\u00f1\u00e9 ganar La Vuelta, es algo incre\u00edble\u201d\" class=\"\" height=\"1\" width=\"1\"   loading=\"lazy\" data-tb-thumbnail=\"\"\/><\/a><a href=\"https:\/\/as.com\/ciclismo\/almeida-lo-he-intentado-pero-iba-al-limite-n\/\" class=\"s_m_w\" title=\"El equipo ten\u00eda la consigna de endurecer la carrera desde el principio para apurar las posibilidades de un Almeida que, finalmente, acaba 2\u00ba en la general.\" data-tb-link=\"\" rel=\"nofollow noopener\" target=\"_blank\"><img decoding=\"async\" src=\"https:\/\/www.europesays.com\/es\/wp-content\/uploads\/2025\/09\/1757832730_747_HVXMCY2EDFOPHB75EL4PHFZ5WE.jpg\" alt=\"El \u201ctodo o nada\u201d del UAE: \u201cLo intent\u00e9 y no fue posible\u201d\" class=\"\" height=\"1\" width=\"1\"   loading=\"lazy\" data-tb-thumbnail=\"\"\/><\/a><\/p>\n<p class=\"\"><b>\u00a1Tus opiniones importan!<\/b> Comenta en los art\u00edculos y suscr\u00edbete gratis a nuestra <a href=\"https:\/\/asfan.as.com\/newsletters\/\" target=\"_blank\" rel=\"nofollow noopener\" title=\"https:\/\/asfan.as.com\/newsletters\/\">newsletter<\/a> y a las alertas informativas en la <a href=\"https:\/\/as.com\/aplicacion-de-as-n\/\" target=\"_blank\" rel=\"nofollow noopener\" title=\"https:\/\/as.com\/aplicacion-de-as-n\/\">App<\/a> o el canal de <a href=\"https:\/\/www.whatsapp.com\/channel\/0029VaAasdA7j6g745nz9M10\" target=\"_blank\" rel=\"nofollow noopener\" title=\"https:\/\/www.whatsapp.com\/channel\/0029VaAasdA7j6g745nz9M10\">WhatsApp<\/a>.<\/p>\n<p class=\"\"> \u00bfBuscas licenciar contenido? Haz clic <a href=\"https:\/\/profesional.elpais.com\/soluciones-sindicacion?utm_medium=interno&amp;utm_source=crosslinking&amp;utm_campaign=sindicacion_as_pie_articulos\" target=\"_blank\" rel=\"nofollow noopener\" title=\"https:\/\/profesional.elpais.com\/soluciones-sindicacion?utm_medium=interno&amp;utm_source=crosslinking&amp;utm_campaign=sindicacion_as_pie_articulos\">aqu\u00ed<\/a><\/p>\n","protected":false},"excerpt":{"rendered":"Pese a los sustos y las dudas que hab\u00eda ayer en la salida de Robledo de Chavela ante&hellip;\n","protected":false},"author":2,"featured_media":113823,"comment_status":"","ping_status":"","sticky":false,"template":"","format":"standard","meta":{"footnotes":""},"categories":[273],"tags":[313,312,168,25,24,23,167],"class_list":{"0":"post-113822","1":"post","2":"type-post","3":"status-publish","4":"format-standard","5":"has-post-thumbnail","7":"category-ciclismo","8":"tag-ciclismo","9":"tag-cycling","10":"tag-deportes","11":"tag-es","12":"tag-espana","13":"tag-spain","14":"tag-sports"},"share_on_mastodon":{"url":"","error":""},"_links":{"self":[{"href":"https:\/\/www.europesays.com\/es\/wp-json\/wp\/v2\/posts\/113822","targetHints":{"allow":["GET"]}}],"collection":[{"href":"https:\/\/www.europesays.com\/es\/wp-json\/wp\/v2\/posts"}],"about":[{"href":"https:\/\/www.europesays.com\/es\/wp-json\/wp\/v2\/types\/post"}],"author":[{"embeddable":true,"href":"https:\/\/www.europesays.com\/es\/wp-json\/wp\/v2\/users\/2"}],"replies":[{"embeddable":true,"href":"https:\/\/www.europesays.com\/es\/wp-json\/wp\/v2\/comments?post=113822"}],"version-history":[{"count":0,"href":"https:\/\/www.europesays.com\/es\/wp-json\/wp\/v2\/posts\/113822\/revisions"}],"wp:featuredmedia":[{"embeddable":true,"href":"https:\/\/www.europesays.com\/es\/wp-json\/wp\/v2\/media\/113823"}],"wp:attachment":[{"href":"https:\/\/www.europesays.com\/es\/wp-json\/wp\/v2\/media?parent=113822"}],"wp:term":[{"taxonomy":"category","embeddable":true,"href":"https:\/\/www.europesays.com\/es\/wp-json\/wp\/v2\/categories?post=113822"},{"taxonomy":"post_tag","embeddable":true,"href":"https:\/\/www.europesays.com\/es\/wp-json\/wp\/v2\/tags?post=113822"}],"curies":[{"name":"wp","href":"https:\/\/api.w.org\/{rel}","templated":true}]}}