{"id":113848,"date":"2025-09-14T07:08:21","date_gmt":"2025-09-14T07:08:21","guid":{"rendered":"https:\/\/www.europesays.com\/es\/113848\/"},"modified":"2025-09-14T07:08:21","modified_gmt":"2025-09-14T07:08:21","slug":"se-tendria-que-haber-evitado-la-coincidencia-con-la-protesta-pro-palestina","status":"publish","type":"post","link":"https:\/\/www.europesays.com\/es\/113848\/","title":{"rendered":"\u00abSe tendr\u00eda que haber evitado la coincidencia con la protesta pro Palestina\u00bb"},"content":{"rendered":"<p><img decoding=\"async\" class=\"voc-author__img\" src=\"https:\/\/www.europesays.com\/es\/wp-content\/uploads\/2025\/09\/autor-4367-foto-2.jpeg\" alt=\"Davinia Delgado\"\/><\/p>\n<p>13\/09\/2025<br \/>\n<br \/><strong><br \/>\nActualizado a las 17:57h.<br \/>\n<\/strong><\/p>\n<p class=\"voc-p\" style=\"\">El hermano mayor de la<strong> Hermandad del Se\u00f1or de la Oraci\u00f3n en el Huerto<\/strong>, Francisco Figueroba, ha lamentado, en declaraciones a ABC, la coincidencia de la procesi\u00f3n del Se\u00f1or de la Oraci\u00f3n en el Huerto, que se celebr\u00f3 este viernes, con una <a href=\"https:\/\/www.abc.es\/espana\/andalucia\/cordoba\/manifestantes-pro-palestina-boicotean-cordoba-procesion-senor-20250913011931-nts.html\" data-voc-vtm-id=\"in-text-traffic\" title=\"concentraci\u00f3n pro Palestina \" data-mrf-link=\"www.abc.es\" rel=\"nofollow noopener\" target=\"_blank\">concentraci\u00f3n pro Palestina <\/a>en el Puente Romano. El portavoz cofrade ha pedido mayor previsi\u00f3n para evitar que estas situaciones se vuelvan a repetir. <\/p>\n<p class=\"voc-p\" style=\"\">\u00abVivimos con <strong>sorpresa <\/strong>lo sucedido al ver que coincid\u00edamos en el mismo tiempo y espacio. Se solvent\u00f3 bien, no entramos a nada, cada uno fue a lo suyo. Aligeramos el paso y todo transcurri\u00f3 <strong>sin problemas<\/strong>\u00bb, ha relatado.<\/p>\n<p class=\"voc-p\" style=\"\">El responsable de la cofrad\u00eda apunt\u00f3, sin embargo, a la necesidad de <strong>mayor coordinaci\u00f3n institucional <\/strong>para evitar este tipo de cruces: \u00abNo s\u00e9 si Subdelegaci\u00f3n o qui\u00e9n tendr\u00edan que prever este tipo de cosas, porque podr\u00eda haber saltado la chispa. Se tendr\u00eda que haber evitado\u00bb.<\/p>\n<p class=\"voc-p\" style=\"\">En este sentido, Figueroba ha se\u00f1alado que, a trav\u00e9s de la <a href=\"https:\/\/www.abc.es\/espana\/andalucia\/cordoba\/semana-santa\/estatutos-agrupacion-cofradias-cordoba-plantean-dejar-usar-20250725173231-nts.html\" data-voc-vtm-id=\"in-text-traffic\" title=\"Agrupaci\u00f3n de Cofrad\u00edas\" data-mrf-link=\"www.abc.es\" rel=\"nofollow noopener\" target=\"_blank\">Agrupaci\u00f3n de Cofrad\u00edas<\/a>, \u00abvamos a pedir <strong>informaci\u00f3n <\/strong>al respecto. Lo \u00fanico que queremos es que algo as\u00ed no vuelva a ocurrir\u00bb.<\/p>\n<p>\nDesfile interrumpido\n<\/p>\n<p class=\"voc-p\" style=\"\">La procesi\u00f3n extraordinaria del Se\u00f1or de la Oraci\u00f3n en el Huerto, que este viernes cruzaba el <a href=\"https:\/\/www.abc.es\/espana\/andalucia\/cordoba\/diez-curiosidades-puente-romano-cordoba-conocias-20231013133148-nts.html\" data-voc-vtm-id=\"in-text-traffic\" title=\"Puente Romano \" data-mrf-link=\"www.abc.es\" rel=\"nofollow noopener\" target=\"_blank\">Puente Romano <\/a>de C\u00f3rdoba en su traslado hacia la iglesia de San Ignacio de Loyola del Sector Sur, se vio marcada por el inesperado episodio. En ese mismo lugar y franja horaria, una concentraci\u00f3n autorizada en apoyo a Palestina ocupaba parte del recorrido. La <strong>Polic\u00eda Local ayud\u00f3 a abrir paso <\/strong>a la comitiva religiosa.<\/p>\n<p class=\"voc-p\" style=\"\">Los manifestantes, situados a ambos lados del puente, agitaban banderas y coreaban consignas como \u00ab\u00a1Las tierras robadas ser\u00e1n recuperadas!\u00bb o <strong>\u00ab\u00a1No es una guerra, es un genocidio!\u00bb<\/strong>. Todo ello ocurri\u00f3 mientras la imagen avanzaba en silencio, acompa\u00f1ada por decenas de fieles con velas encendidas.<\/p>\n<p class=\"voc-p\" style=\"\">La plataforma que convoc\u00f3 la concentraci\u00f3n asegura que la coincidencia de ambos actos fue <strong>totalmente \u00abinintencionada\u00bb. <\/strong>Seg\u00fan apuntan, \u00abla concentraci\u00f3n hab\u00eda comunicado, en tiempo y forma, la fecha, horario y localizaci\u00f3n de la concentraci\u00f3n a la Subdelegaci\u00f3n del Gobierno, que confirm\u00f3 la recepci\u00f3n de dicha comunicaci\u00f3n. Los polic\u00edas que velaron por el orden p\u00fablico en el Puente Romano este d\u00eda con motivo de la concentraci\u00f3n comprobaron adem\u00e1s la comunicaci\u00f3n afirmativa de la Subdelegaci\u00f3n in situ\u00bb.<\/p>\n<p class=\"voc-p\" style=\"\">En este sentido, \u00abdesconocemos si la procesi\u00f3n fue comunicada a Subdelegaci\u00f3n de Gobierno, \u00f3rgano competente en materia de seguridad y orden p\u00fablico. Cabe preguntarse si fue <strong>acertada la decisi\u00f3n del \u00f3rgano competente<\/strong> de permitir la coincidencia de ambos actos en el mismo espacio y hora, ya que ambos eran eventos de masiva afluencia ciudadana\u00bb.<\/p>\n<p class=\"voc-p\" style=\"\">La misi\u00f3n evangelizadora de la hermandad continuar\u00e1 durante la pr\u00f3xima semana en el <strong>Sector Sur<\/strong>, donde la imagen permanecer\u00e1 en la parroquia de San Ignacio de Loyola.<\/p>\n<p>Reportar un error<\/p>\n","protected":false},"excerpt":{"rendered":"13\/09\/2025 Actualizado a las 17:57h. El hermano mayor de la Hermandad del Se\u00f1or de la Oraci\u00f3n en el&hellip;\n","protected":false},"author":2,"featured_media":113849,"comment_status":"","ping_status":"","sticky":false,"template":"","format":"standard","meta":{"footnotes":""},"categories":[8],"tags":[17,18,38497,25,24,38496,13,14,38495,11826,6633,11,37,23060,19,20,31,9,10,15,16,76,11671,7602,23,12,21,22],"class_list":{"0":"post-113848","1":"post","2":"type-post","3":"status-publish","4":"format-standard","5":"has-post-thumbnail","7":"category-espana","8":"tag-breaking-news","9":"tag-breakingnews","10":"tag-coincidencia","11":"tag-es","12":"tag-espana","13":"tag-evitado","14":"tag-featured-news","15":"tag-featurednews","16":"tag-figueroba","17":"tag-francisco","18":"tag-haber","19":"tag-headlines","20":"tag-hermano","21":"tag-huerto","22":"tag-latest-news","23":"tag-latestnews","24":"tag-mayor","25":"tag-news","26":"tag-noticias","27":"tag-noticias-destacadas","28":"tag-noticiasdestacadas","29":"tag-palestina","30":"tag-pro","31":"tag-protesta","32":"tag-spain","33":"tag-titulares","34":"tag-ultimas-noticias","35":"tag-ultimasnoticias"},"share_on_mastodon":{"url":"","error":""},"_links":{"self":[{"href":"https:\/\/www.europesays.com\/es\/wp-json\/wp\/v2\/posts\/113848","targetHints":{"allow":["GET"]}}],"collection":[{"href":"https:\/\/www.europesays.com\/es\/wp-json\/wp\/v2\/posts"}],"about":[{"href":"https:\/\/www.europesays.com\/es\/wp-json\/wp\/v2\/types\/post"}],"author":[{"embeddable":true,"href":"https:\/\/www.europesays.com\/es\/wp-json\/wp\/v2\/users\/2"}],"replies":[{"embeddable":true,"href":"https:\/\/www.europesays.com\/es\/wp-json\/wp\/v2\/comments?post=113848"}],"version-history":[{"count":0,"href":"https:\/\/www.europesays.com\/es\/wp-json\/wp\/v2\/posts\/113848\/revisions"}],"wp:featuredmedia":[{"embeddable":true,"href":"https:\/\/www.europesays.com\/es\/wp-json\/wp\/v2\/media\/113849"}],"wp:attachment":[{"href":"https:\/\/www.europesays.com\/es\/wp-json\/wp\/v2\/media?parent=113848"}],"wp:term":[{"taxonomy":"category","embeddable":true,"href":"https:\/\/www.europesays.com\/es\/wp-json\/wp\/v2\/categories?post=113848"},{"taxonomy":"post_tag","embeddable":true,"href":"https:\/\/www.europesays.com\/es\/wp-json\/wp\/v2\/tags?post=113848"}],"curies":[{"name":"wp","href":"https:\/\/api.w.org\/{rel}","templated":true}]}}