{"id":113852,"date":"2025-09-14T07:10:14","date_gmt":"2025-09-14T07:10:14","guid":{"rendered":"https:\/\/www.europesays.com\/es\/113852\/"},"modified":"2025-09-14T07:10:14","modified_gmt":"2025-09-14T07:10:14","slug":"el-blendio-sinfin-firma-un-empate-en-su-visita-a-oviedo","status":"publish","type":"post","link":"https:\/\/www.europesays.com\/es\/113852\/","title":{"rendered":"El Blendio Sinf\u00edn firma un empate en su visita a Oviedo"},"content":{"rendered":"<p>El Blendio Sinf\u00edn resuelve su visita al Conf\u00eda Oviedo con un empate (30-30) que es reflejo del equilibrio entre ambas escuadras durante todo el  &#8230; encuentro. Mientras que el cuadro asturiano mostr\u00f3 capacidad para adaptarse a las circunstancias cambiantes del juego, los sinfinistas demostraron fortaleza t\u00e1ctica y cohesi\u00f3n grupal. <\/p>\n<p class=\"v-p\">El reparto de puntos puede que no deje del todo satisfecho al conjunto de Jos\u00e9 Manuel Herrero Lon que llevo la iniciativa en el juego y en el electr\u00f3nico durante gran parte del partido. A lo largo de esta la primera mitad, los extremos del club santanderino jugaron un papel crucial; Luis Gustavo Da Silva y Marcos Aguilella destacaron en la finalizaci\u00f3n desde posiciones laterales. A pesar de algunas amonestaciones y lanzamientos fallidos, asturianos y santanderinos lograron mantener la intensidad del encuentro.<\/p>\n<p class=\"v-scr__t\">Oviedo<\/p>\n<p class=\"v-scr__p v-scr__p--3\">Conf\u00eda Oviedo: Prieto, Francesche (2), P\u00e9rez (2), Sanz (2), Goux (6), Gal\u00e1n (4), Gon Pulgar (1), Ure\u00f1a (2), Lopes (1), David Pulgar (2), Granda (5), Rossi (1) y Blanco (2).<\/p>\n<p class=\"v-scr__n-c v-scr__n-c--1 \">\n 30\n<\/p>\n<p class=\"v-scr__n-c v-scr__n-c--2\">\n&#8211;\n<\/p>\n<p class=\"v-scr__n-c v-scr__n-c--3 \">\n 30\n<\/p>\n<p class=\"v-scr__t\">Blendio Sinf\u00edn<\/p>\n<p class=\"v-scr__p v-scr__p--3\">Blendio Sinf\u00edn: Doval, Alonso (2), Valverde (1), Dom\u00ednguez (4), Pardo (4), Aguilella (6), Blanco (1), Pla, Basualdo (2), Saud (4), Da Silva (6), Gonz\u00e1lez, Arnau y Pay\u00e1.<\/p>\n<ul class=\"v-u\">\n<li class=\"v-u__l\">\n<p class=\"v-p\">\nParciales:<br \/>\n3-2, 6-6, 8-8, 9-12, 11-14, 13-16 \u2013descanso\u2013 14-19, 18-22, 19-25, 23-27, 26-28 y 30-30.\n<\/p>\n<\/li>\n<li class=\"v-u__l\">\n<p class=\"v-p\">\n\u00c1rbitros:<br \/>\nMuras y Fern\u00e1ndez.\n<\/p>\n<\/li>\n<\/ul>\n<p class=\"v-p\">El Blendio Sinfin tom\u00f3 ventaja hacia el final de la primera parte gracias a una serie de goles consecutivos que les permiti\u00f3 cerrar con una ventaja de tres tantos (13-16). En la segunda mitad, el Oviedo ajust\u00f3 su estrategia al intensificar la presi\u00f3n defensiva e incrementar su eficacia en los lanzamientos a puerta. <\/p>\n<p class=\"v-p\">A medida que avanzaban los minutos, los santanderinos respondieron con cambios t\u00e1cticos que les llev\u00f3 a incorporar m\u00e1s movimientos internos para abrir espacios y aprovechar sus lanzamientos desde media distancia. La igualdad gan\u00f3 protagonismo en la recta final del partido inaugural del curso y, en un emocionante final, resolvieron en tablas (30-30) . <\/p>\n","protected":false},"excerpt":{"rendered":"El Blendio Sinf\u00edn resuelve su visita al Conf\u00eda Oviedo con un empate (30-30) que es reflejo del equilibrio&hellip;\n","protected":false},"author":2,"featured_media":113853,"comment_status":"","ping_status":"","sticky":false,"template":"","format":"standard","meta":{"footnotes":""},"categories":[278],"tags":[376,9183,168,5192,25,24,3822,375,1796,1034,23,167,938],"class_list":{"0":"post-113852","1":"post","2":"type-post","3":"status-publish","4":"format-standard","5":"has-post-thumbnail","7":"category-balonmano","8":"tag-balonmano","9":"tag-blendio","10":"tag-deportes","11":"tag-empate","12":"tag-es","13":"tag-espana","14":"tag-firma","15":"tag-handball","16":"tag-oviedo","17":"tag-sinfin","18":"tag-spain","19":"tag-sports","20":"tag-visita"},"share_on_mastodon":{"url":"","error":""},"_links":{"self":[{"href":"https:\/\/www.europesays.com\/es\/wp-json\/wp\/v2\/posts\/113852","targetHints":{"allow":["GET"]}}],"collection":[{"href":"https:\/\/www.europesays.com\/es\/wp-json\/wp\/v2\/posts"}],"about":[{"href":"https:\/\/www.europesays.com\/es\/wp-json\/wp\/v2\/types\/post"}],"author":[{"embeddable":true,"href":"https:\/\/www.europesays.com\/es\/wp-json\/wp\/v2\/users\/2"}],"replies":[{"embeddable":true,"href":"https:\/\/www.europesays.com\/es\/wp-json\/wp\/v2\/comments?post=113852"}],"version-history":[{"count":0,"href":"https:\/\/www.europesays.com\/es\/wp-json\/wp\/v2\/posts\/113852\/revisions"}],"wp:featuredmedia":[{"embeddable":true,"href":"https:\/\/www.europesays.com\/es\/wp-json\/wp\/v2\/media\/113853"}],"wp:attachment":[{"href":"https:\/\/www.europesays.com\/es\/wp-json\/wp\/v2\/media?parent=113852"}],"wp:term":[{"taxonomy":"category","embeddable":true,"href":"https:\/\/www.europesays.com\/es\/wp-json\/wp\/v2\/categories?post=113852"},{"taxonomy":"post_tag","embeddable":true,"href":"https:\/\/www.europesays.com\/es\/wp-json\/wp\/v2\/tags?post=113852"}],"curies":[{"name":"wp","href":"https:\/\/api.w.org\/{rel}","templated":true}]}}