{"id":113854,"date":"2025-09-14T07:11:09","date_gmt":"2025-09-14T07:11:09","guid":{"rendered":"https:\/\/www.europesays.com\/es\/113854\/"},"modified":"2025-09-14T07:11:09","modified_gmt":"2025-09-14T07:11:09","slug":"el-mexicano-jairo-lopez-primer-triunfador-en-la-algaba","status":"publish","type":"post","link":"https:\/\/www.europesays.com\/es\/113854\/","title":{"rendered":"El mexicano Jairo L\u00f3pez, primer triunfador en La Algaba"},"content":{"rendered":"<p>\t\t\t\t\t<img data-recalc-dims=\"1\" fetchpriority=\"high\" decoding=\"async\" aria-describedby=\"caption-attachment-239820\" data-attachment-id=\"239820\" data-permalink=\"https:\/\/sevillatoro.es\/el-mexicano-jairo-lopez-primer-triunfador-en-la-algaba\/dsc_2639\/\" data-orig-file=\"https:\/\/i0.wp.com\/sevillatoro.es\/wp-content\/uploads\/DSC_2639-scaled.jpg?fit=2880%2C1920&amp;ssl=1\" data-orig-size=\"2880,1920\" data-comments-opened=\"0\" data-image-meta=\"{&quot;aperture&quot;:&quot;3.5&quot;,&quot;credit&quot;:&quot;&quot;,&quot;camera&quot;:&quot;NIKON D7500&quot;,&quot;caption&quot;:&quot;&quot;,&quot;created_timestamp&quot;:&quot;1757791487&quot;,&quot;copyright&quot;:&quot;&quot;,&quot;focal_length&quot;:&quot;100&quot;,&quot;iso&quot;:&quot;800&quot;,&quot;shutter_speed&quot;:&quot;0.000625&quot;,&quot;title&quot;:&quot;&quot;,&quot;orientation&quot;:&quot;1&quot;}\" data-image-title=\"DSC_2639\" data-image-description=\"\" data-image-caption=\"\" data-medium-file=\"https:\/\/i0.wp.com\/sevillatoro.es\/wp-content\/uploads\/DSC_2639-scaled.jpg?fit=300%2C200&amp;ssl=1\" data-large-file=\"https:\/\/i0.wp.com\/sevillatoro.es\/wp-content\/uploads\/DSC_2639-scaled.jpg?fit=1024%2C683&amp;ssl=1\" class=\"wp-image-239820 size-large\" src=\"https:\/\/www.europesays.com\/es\/wp-content\/uploads\/2025\/09\/DSC_2639.jpg\" alt=\"\" width=\"1024\" height=\"683\"  \/><\/p>\n<p id=\"caption-attachment-239820\" class=\"wp-caption-text\">Foto: \u00c1lvaro Pastor Torres<\/p>\n<p><strong>\u00c1lvaro Pastor Torres.-<\/strong>\u00a0Gran ambiente a pesar del sofocante calor y plaza llena en el festejo inaugural del ciclo algabe\u00f1o. Desigual ganado de Albaserrada con un segundo imposible que volvi\u00f3 vivo a los corrales. Grata presentaci\u00f3n del mexicano Jairo L\u00f3pez, variado y bullicioso en los tres tercios. Mal trago del onubense David Ram\u00edrez que tir\u00f3 la toalla tras el segundo aviso y se dej\u00f3 vivo un voluminoso eral con mucha guasa que puso en aprietos a todo el mundo que anduvo por delante de \u00e9l. Buena e inteligente actuaci\u00f3n del cigarrero Armando Rojo que estrope\u00f3 parcialmente su quehacer con los aceros.<\/p>\n<p style=\"text-align: justify\">Plaza de toros de La Algaba (Sevilla). S\u00e1bado 13 de septiembre de 2025. Novillada sin picadores. Primer festejo del XLVI ciclo de promoci\u00f3n de j\u00f3venes valores de la tauromaquia. Lleno en ambas zonas de la plaza: carros y parte de obra. Tarde muy calurosa. Minuto de silencio por los vecinos fallecidos desde la \u00faltima feria. Al final del festejo sali\u00f3 a hombros Jairo L\u00f3pez.<\/p>\n<p style=\"text-align: justify\">Cuatro erales del marqu\u00e9s de Albaserrada, muy desiguales de vol\u00famenes. 1\u2070 mansito y aquerenciado. 2\u2070 imposible y de gran trap\u00edo. 3\u2070 se dej\u00f3 algo y 4\u2070 brutote.<\/p>\n<p style=\"text-align: justify\">Miguel V\u00e1zquez (de Sevilla): ovaci\u00f3n con saludos tras aviso y t\u00edmida petici\u00f3n<\/p>\n<p style=\"text-align: justify\">David Ram\u00edrez (de Huelva): silencio tras tres avisos<\/p>\n<p style=\"text-align: justify\">Jairo L\u00f3pez (de Guadalajara, M\u00e9xico): dos orejas y rabo<\/p>\n<p>Armando Rojo (de La Puebla del R\u00edo): oreja<\/p>\n<p>Me gusta esto:<\/p>\n<p>Me gusta Cargando&#8230;<\/p>\n<p><a class=\"sd-link-color\"\/><\/p>\n<p>\n\tRelacionado<\/p>\n","protected":false},"excerpt":{"rendered":"Foto: \u00c1lvaro Pastor Torres \u00c1lvaro Pastor Torres.-\u00a0Gran ambiente a pesar del sofocante calor y plaza llena en el&hellip;\n","protected":false},"author":2,"featured_media":113855,"comment_status":"","ping_status":"","sticky":false,"template":"","format":"standard","meta":{"footnotes":""},"categories":[277],"tags":[373,168,25,24,23,167,374],"class_list":{"0":"post-113854","1":"post","2":"type-post","3":"status-publish","4":"format-standard","5":"has-post-thumbnail","7":"category-toreo","8":"tag-bullfighting","9":"tag-deportes","10":"tag-es","11":"tag-espana","12":"tag-spain","13":"tag-sports","14":"tag-toreo"},"share_on_mastodon":{"url":"","error":""},"_links":{"self":[{"href":"https:\/\/www.europesays.com\/es\/wp-json\/wp\/v2\/posts\/113854","targetHints":{"allow":["GET"]}}],"collection":[{"href":"https:\/\/www.europesays.com\/es\/wp-json\/wp\/v2\/posts"}],"about":[{"href":"https:\/\/www.europesays.com\/es\/wp-json\/wp\/v2\/types\/post"}],"author":[{"embeddable":true,"href":"https:\/\/www.europesays.com\/es\/wp-json\/wp\/v2\/users\/2"}],"replies":[{"embeddable":true,"href":"https:\/\/www.europesays.com\/es\/wp-json\/wp\/v2\/comments?post=113854"}],"version-history":[{"count":0,"href":"https:\/\/www.europesays.com\/es\/wp-json\/wp\/v2\/posts\/113854\/revisions"}],"wp:featuredmedia":[{"embeddable":true,"href":"https:\/\/www.europesays.com\/es\/wp-json\/wp\/v2\/media\/113855"}],"wp:attachment":[{"href":"https:\/\/www.europesays.com\/es\/wp-json\/wp\/v2\/media?parent=113854"}],"wp:term":[{"taxonomy":"category","embeddable":true,"href":"https:\/\/www.europesays.com\/es\/wp-json\/wp\/v2\/categories?post=113854"},{"taxonomy":"post_tag","embeddable":true,"href":"https:\/\/www.europesays.com\/es\/wp-json\/wp\/v2\/tags?post=113854"}],"curies":[{"name":"wp","href":"https:\/\/api.w.org\/{rel}","templated":true}]}}