{"id":113858,"date":"2025-09-14T07:14:06","date_gmt":"2025-09-14T07:14:06","guid":{"rendered":"https:\/\/www.europesays.com\/es\/113858\/"},"modified":"2025-09-14T07:14:06","modified_gmt":"2025-09-14T07:14:06","slug":"australia-al-borde-del-abismo-punto-de-break","status":"publish","type":"post","link":"https:\/\/www.europesays.com\/es\/113858\/","title":{"rendered":"Australia, al borde del abismo &#8211; Punto de Break"},"content":{"rendered":"<ol>\n<li><a href=\"https:\/\/news.google.com\/rss\/articles\/CBMib0FVX3lxTE92UjdfNENqMDhjV1RZRFBhVGRiSFVKMm1CcjRQdVYtNXNndHRCV19wRlRINk4wUFY0NDVucDBFUXppZlNHd3E5SnlIRFhibGxxeEQxMG0zN2Fib1pUYUZGTGdOZmtzSVF3aTkybVRzTQ?oc=5\" target=\"_blank\" rel=\"nofollow noopener\">Australia, al borde del abismo<\/a>&nbsp;&nbsp;Punto de Break<\/li>\n<li><a href=\"https:\/\/news.google.com\/rss\/articles\/CBMitgFBVV95cUxQekIyemZ0QUlXYjZTb1R2WDBOX2pDQkROaVBPa2NDbW1fbFM0XzZIV1Bib1ZUeVM0RWlPZmhpa3VXQlRuckJtNlFGWWg5QndLVHZkTGVCVlZCVTdYN25ESkgwbWtlNFB2dGZialdFeDdfUTBEbndmcFNNanUwTDJBWENfMC1kMWQ1Z1d5M2NXRzRyTWNyZnlqdnN6RDMyUVBpdlEyaTNUSFZubDVYT0R0WTdEV1hlZ9IBwwFBVV95cUxNUHFxb0lkM1M5bWVLcGxBVXFrLVdlSTZjVTRMbkxZUkdZZUhRY0Vnem1ySFBBWENTOXNfbHhSTDloRzFtVXZMOWN3UFRKZHBQNm4waHNTaWNkbjU3VlJ6TGdQMi1pRkxZdHEwa3UyUE0wclpTeW9zOG9saEVUV0FqLVRWLUZQbEdXSDR3Q3l4Y3hLY3BhUHROTk5RVnhMWFMwMTIzZng3R051V3Q4WFRCbktsLXZKMnZtaUczdzJoekZEeHM?oc=5\" target=\"_blank\" rel=\"nofollow noopener\">Un grande de la Copa Davis, al borde del KO m\u00e1s soprendente<\/a>&nbsp;&nbsp;Mundo Deportivo<\/li>\n<li><a href=\"https:\/\/news.google.com\/rss\/articles\/CBMi1wFBVV95cUxPOFlMdE9NcTVxTlFOYW93T01rbDJTT1Z3WnRYWGszUTZEZURyZ3V0Q3hkcWJocktNSEt5Q2dTREVuYnpPb1VHaVlSaXhsOXdKV3BUMll5R2diUHFXQTB0bUZCdEdjckx5cjJiWVRrNWw2amYxb2tULTJNeWppakl2clZDUEFFYTRsUW9IUE1BaEt5OENkWmlBNzBybW9UaU5HWEIzc0pucDlYdGRsOWxJVXM2aEpoUkpoMFA0M2lIN2I3MUgzZUtKSEllQ1FtUUhLQkNNQTUxbw?oc=5\" target=\"_blank\" rel=\"nofollow noopener\">Resultados 2\u00aa jornada de Copa Davis: equipos ya clasificados y tres grandes casi KO<\/a>&nbsp;&nbsp;MSN<\/li>\n<li><a href=\"https:\/\/news.google.com\/rss\/articles\/CBMigAJBVV95cUxQU3V4V25COGRpcy1PNURISHRJR1ZmZG9ZUHJ2amJibEwzMldJQ0RRTk9LbHlvUXJHN1lLUldoZG8wazM1Ym1YZnVibVQ1bWxiUGVfNld4MFJVMGZQSXBINkFzUWp2YWhBOGV5Q3pCSFNvN2ZwWlZlRVhiSklIeFZKTmlVelBmUlB3LThUWmdKdC1yTmJQd19oSFQ5ZGZZenNERWZFZ3pZSzlfU1RLZFJ3em1CMXlNbVgtaEtFMHhQNFRCRUxobEN1SjJPRkY3akVtX0ptSjd6b045TEdyaHlucXFnYWtoTDQ0MDRneEZ3QTdrWXpXYno3Q2ozeTl3aW9x?oc=5\" target=\"_blank\" rel=\"nofollow noopener\">El jugador que venci\u00f3 acalambrado a un Top 10 y le dio un her\u00f3ico punto a B\u00e9lgica en Copa Davis<\/a>&nbsp;&nbsp;ESPN Deportes<\/li>\n<li><a href=\"https:\/\/news.google.com\/rss\/articles\/CBMiqgFBVV95cUxQYkphUDU3UHllTWZ4VkM3aU1HOFVPS21HYTdvV29hT1pTcFVDTXdwV0VnWVBOaklZTU0tc2p3OEJVeXF5NEpmU3BlRnJITV9vclltZGx4bkVHNWViVFlXUDloTHo4RktzZkVMcElRM0xlVFNBZTZsV2lpOHRybVBaemNjVTRYX2pYeFNJOEJ2UGJFLXVFcTZibER6V200eVdZTXBDTWxyREFSQQ?oc=5\" target=\"_blank\" rel=\"nofollow noopener\">Luchando contra Thompson, Hijikata Keep Australia en la Copa Davis<\/a>&nbsp;&nbsp;Revista La Velez<\/li>\n<\/ol>\n","protected":false},"excerpt":{"rendered":"Australia, al borde del abismo&nbsp;&nbsp;Punto de Break Un grande de la Copa Davis, al borde del KO m\u00e1s&hellip;\n","protected":false},"author":2,"featured_media":113859,"comment_status":"","ping_status":"","sticky":false,"template":"","format":"standard","meta":{"footnotes":""},"categories":[274],"tags":[168,25,24,23,167,327,326],"class_list":{"0":"post-113858","1":"post","2":"type-post","3":"status-publish","4":"format-standard","5":"has-post-thumbnail","7":"category-tenis","8":"tag-deportes","9":"tag-es","10":"tag-espana","11":"tag-spain","12":"tag-sports","13":"tag-tenis","14":"tag-tennis"},"share_on_mastodon":{"url":"","error":""},"_links":{"self":[{"href":"https:\/\/www.europesays.com\/es\/wp-json\/wp\/v2\/posts\/113858","targetHints":{"allow":["GET"]}}],"collection":[{"href":"https:\/\/www.europesays.com\/es\/wp-json\/wp\/v2\/posts"}],"about":[{"href":"https:\/\/www.europesays.com\/es\/wp-json\/wp\/v2\/types\/post"}],"author":[{"embeddable":true,"href":"https:\/\/www.europesays.com\/es\/wp-json\/wp\/v2\/users\/2"}],"replies":[{"embeddable":true,"href":"https:\/\/www.europesays.com\/es\/wp-json\/wp\/v2\/comments?post=113858"}],"version-history":[{"count":0,"href":"https:\/\/www.europesays.com\/es\/wp-json\/wp\/v2\/posts\/113858\/revisions"}],"wp:featuredmedia":[{"embeddable":true,"href":"https:\/\/www.europesays.com\/es\/wp-json\/wp\/v2\/media\/113859"}],"wp:attachment":[{"href":"https:\/\/www.europesays.com\/es\/wp-json\/wp\/v2\/media?parent=113858"}],"wp:term":[{"taxonomy":"category","embeddable":true,"href":"https:\/\/www.europesays.com\/es\/wp-json\/wp\/v2\/categories?post=113858"},{"taxonomy":"post_tag","embeddable":true,"href":"https:\/\/www.europesays.com\/es\/wp-json\/wp\/v2\/tags?post=113858"}],"curies":[{"name":"wp","href":"https:\/\/api.w.org\/{rel}","templated":true}]}}