{"id":113860,"date":"2025-09-14T07:15:14","date_gmt":"2025-09-14T07:15:14","guid":{"rendered":"https:\/\/www.europesays.com\/es\/113860\/"},"modified":"2025-09-14T07:15:14","modified_gmt":"2025-09-14T07:15:14","slug":"memorial-pantani-la-carrera-en-directo-tv","status":"publish","type":"post","link":"https:\/\/www.europesays.com\/es\/113860\/","title":{"rendered":"Memorial Pantani: La carrera en directo TV"},"content":{"rendered":"<p style=\"text-align: justify;\"><strong>Redacci\u00f3n \/ <a href=\"https:\/\/www.ciclo21.com\/\" target=\"_blank\" rel=\"noopener nofollow\">Ciclo 21<\/a><\/strong><\/p>\n<p style=\"text-align: justify;\"><strong>El Memorial Marco Pantani, que se disputar\u00e1 el pr\u00f3ximo s\u00e1bado 13 de septiembre, ha confirmado su recorrido definitivo<\/strong>. Aunque el trazado vuelve a presentar algunas modificaciones respecto a ediciones anteriores, la esencia de la carrera permanece inalterada: una primera mitad exigente y ondulada, seguida de un final completamente llano en Cesenatico, ciudad natal del \u00abPirata\u00bb, que volver\u00e1 a abrir las opciones a los velocistas.<\/p>\n<p style=\"text-align: justify;\"><strong>El pelot\u00f3n deber\u00e1 afrontar 195,7 kil\u00f3metros con un desnivel total superior a los 2500 metros, concentrado sobre todo en las tres ascensiones del d\u00eda: Sogliano al Rubicone, Longiano y el Bivio di Roncofreddo<\/strong>. Estas subidas se encadenar\u00e1n varias veces dentro de los dos circuitos de la primera parte de la prueba, garantizando una selecci\u00f3n previa y terreno para los ataques de los escaladores y clasic\u00f3manos.\u00a0Sin embargo, la resoluci\u00f3n volver\u00e1 a producirse en el circuito final de Cesenatico, completamente llano y muy favorable para los equipos con hombres r\u00e1pidos, que intentar\u00e1n reorganizarse tras la monta\u00f1a y preparar una llegada masiva.<\/p>\n<p style=\"text-align: justify;\">Con este dise\u00f1o, <strong>la ronda de la Emilia Roma\u00f1a mantiene su car\u00e1cter mixto: exigente en el inicio para honrar a su homenajeado pero abierto en el desenlace<\/strong> para que los esprinters de fondo puedan jugar sus cartas en una de las citas m\u00e1s tradicionales del calendario italiano de septiembre.<\/p>\n<p><strong><a href=\"https:\/\/www.ciclo21.com\/wp-content\/uploads\/2025\/09\/f48666e4-f495-41f9-8dfc-3f7b8346180e.pdf\" rel=\"nofollow noopener\" target=\"_blank\">LIBRO DE RUTA<\/a><\/strong><\/p>\n<p><strong>PERFIL<\/strong><\/p>\n<p>\u00a0<\/p>\n<p><a href=\"https:\/\/www.europesays.com\/es\/wp-content\/uploads\/2025\/09\/Altimetria-del-Memorial-Marco-Pantani-c-Gruppo-Sportivo-Emilia.webp.webp\" target=\"_blank\" rel=\"noopener\"><img fetchpriority=\"high\" decoding=\"async\" aria-describedby=\"caption-attachment-447009\" class=\"wp-image-447009 size-full lazy\" src=\"data:image\/svg+xml,%3Csvg%20xmlns=\" http:=\"\" data-src=\"https:\/\/www.europesays.com\/es\/wp-content\/uploads\/2025\/09\/Altimetria-del-Memorial-Marco-Pantani-c-Gruppo-Sportivo-Emilia.webp.webp\" alt=\"\" width=\"1200\" height=\"800\" data- data-\/><\/a><\/p>\n<p id=\"caption-attachment-447009\" class=\"wp-caption-text\">Altimetr\u00eda del Memorial Marco Pantani (c) Gruppo Sportivo Emilia<\/p>\n<p><strong>RECORRIDO<\/strong><\/p>\n<p><a href=\"https:\/\/www.ciclo21.com\/wp-content\/uploads\/2025\/09\/Mapa-del-Memorial-Marco-Pantani-c-Gruppo-Sportivo-Emilia-1-e1757615104289.jpg\" target=\"_blank\" rel=\"noopener nofollow\"><img loading=\"lazy\" decoding=\"async\" aria-describedby=\"caption-attachment-447010\" class=\"wp-image-447010 size-full lazy\" src=\"data:image\/svg+xml,%3Csvg%20xmlns=\" http:=\"\" data-src=\"https:\/\/www.europesays.com\/es\/wp-content\/uploads\/2025\/09\/Mapa-del-Memorial-Marco-Pantani-c-Gruppo-Sportivo-Emilia-1-e1757615104289.jpg.webp.webp\" alt=\"\" width=\"376\" height=\"437\" data- data-\/><\/a><\/p>\n<p id=\"caption-attachment-447010\" class=\"wp-caption-text\">Panlimetr\u00eda del Memorial Marco Pantani (c) Gruppo Sportivo Emilia<\/p>\n<p><strong>DORSALES OFICIALES<\/strong><\/p>\n<p><a href=\"https:\/\/www.ciclo21.com\/memorial-pantani-2024-marc-hirschi\" target=\"_blank\" rel=\"noopener nofollow\"><strong>Edici\u00f3n 2024: Hirschi<\/strong><\/a><\/p>\n<p><strong>PALMAR\u00c9S<\/strong><\/p>\n","protected":false},"excerpt":{"rendered":"Redacci\u00f3n \/ Ciclo 21 El Memorial Marco Pantani, que se disputar\u00e1 el pr\u00f3ximo s\u00e1bado 13 de septiembre, ha&hellip;\n","protected":false},"author":2,"featured_media":113861,"comment_status":"","ping_status":"","sticky":false,"template":"","format":"standard","meta":{"footnotes":""},"categories":[273],"tags":[45,313,312,168,25,24,38246,38247,23,167],"class_list":{"0":"post-113860","1":"post","2":"type-post","3":"status-publish","4":"format-standard","5":"has-post-thumbnail","7":"category-ciclismo","8":"tag-45","9":"tag-ciclismo","10":"tag-cycling","11":"tag-deportes","12":"tag-es","13":"tag-espana","14":"tag-memorial-marco-pantani","15":"tag-memorial-pantani","16":"tag-spain","17":"tag-sports"},"share_on_mastodon":{"url":"","error":""},"_links":{"self":[{"href":"https:\/\/www.europesays.com\/es\/wp-json\/wp\/v2\/posts\/113860","targetHints":{"allow":["GET"]}}],"collection":[{"href":"https:\/\/www.europesays.com\/es\/wp-json\/wp\/v2\/posts"}],"about":[{"href":"https:\/\/www.europesays.com\/es\/wp-json\/wp\/v2\/types\/post"}],"author":[{"embeddable":true,"href":"https:\/\/www.europesays.com\/es\/wp-json\/wp\/v2\/users\/2"}],"replies":[{"embeddable":true,"href":"https:\/\/www.europesays.com\/es\/wp-json\/wp\/v2\/comments?post=113860"}],"version-history":[{"count":0,"href":"https:\/\/www.europesays.com\/es\/wp-json\/wp\/v2\/posts\/113860\/revisions"}],"wp:featuredmedia":[{"embeddable":true,"href":"https:\/\/www.europesays.com\/es\/wp-json\/wp\/v2\/media\/113861"}],"wp:attachment":[{"href":"https:\/\/www.europesays.com\/es\/wp-json\/wp\/v2\/media?parent=113860"}],"wp:term":[{"taxonomy":"category","embeddable":true,"href":"https:\/\/www.europesays.com\/es\/wp-json\/wp\/v2\/categories?post=113860"},{"taxonomy":"post_tag","embeddable":true,"href":"https:\/\/www.europesays.com\/es\/wp-json\/wp\/v2\/tags?post=113860"}],"curies":[{"name":"wp","href":"https:\/\/api.w.org\/{rel}","templated":true}]}}