{"id":113879,"date":"2025-09-14T07:28:09","date_gmt":"2025-09-14T07:28:09","guid":{"rendered":"https:\/\/www.europesays.com\/es\/113879\/"},"modified":"2025-09-14T07:28:09","modified_gmt":"2025-09-14T07:28:09","slug":"resident-evil-requiem-en-nintendo-switch-2-frente-a-pc-hay-grandes-diferencias","status":"publish","type":"post","link":"https:\/\/www.europesays.com\/es\/113879\/","title":{"rendered":"Resident Evil Requiem en Nintendo Switch 2 frente a PC: hay grandes diferencias"},"content":{"rendered":"<p>Capcom ha presentado la versi\u00f3n de <a href=\"https:\/\/www.muycomputer.com\/2025\/09\/03\/resident-evil-requiem-podria-llegar-a-ps4-y-nintendo-switch-2\/\" target=\"_blank\" rel=\"noopener nofollow\">Resident Evil Requiem para Nintendo Switch 2<\/a> con nuevo v\u00eddeo donde muestra escenas de juego real, y tambi\u00e9n ha lanzado un nuevo tr\u00e1iler del juego funcionando para PC. El contenido de esos dos v\u00eddeos es el mismo, lo que <strong>ha permitido hacer una comparativa a nivel de calidad de imagen de ambas versiones.<\/strong><\/p>\n<p>Como es l\u00f3gico, la versi\u00f3n para PC es la que sale mejor parada. No pod\u00edamos esperar otra cosa, puesto que es la plataforma m\u00e1s potente. Sin embargo,<strong> las diferencias entre ambas versiones son tan grandes<\/strong> que cuesta mucho colocar la versi\u00f3n de Nintendo Switch 2 a la altura de la generaci\u00f3n actual de consolas, sobre todo por el enorme sacrificio que se aprecia en la resoluci\u00f3n y en el texturizado.<\/p>\n<p>Fijaos en las dos im\u00e1genes adjuntas. La primera se corresponde con la versi\u00f3n para PC, y en ella podemos ver <strong>un excelente modelado del personaje<\/strong>, una nitidez fant\u00e1stica que permite conservar incluso los detalles m\u00e1s peque\u00f1os del cabello, un modelado del pelo muy bueno que mejora el realismo general del personaje, y tambi\u00e9n unas texturas de buena calidad que mantienen los detalles m\u00e1s peque\u00f1os de la ropa.<\/p>\n<p><a href=\"https:\/\/www.europesays.com\/es\/wp-content\/uploads\/2025\/09\/resident-evil-requiem-pc-frente-a-nintendo-switch-2.jpg\" target=\"_blank\" rel=\"noopener\"><img loading=\"lazy\" decoding=\"async\" aria-describedby=\"caption-attachment-386507\" class=\"wp-image-386507 size-full\" src=\"https:\/\/www.europesays.com\/es\/wp-content\/uploads\/2025\/09\/resident-evil-requiem-pc-frente-a-nintendo-switch-2.jpg\" alt=\"resident evil requiem pc frente a nintendo switch 2\" width=\"1510\" height=\"681\"  \/><\/a><\/p>\n<p id=\"caption-attachment-386507\" class=\"wp-caption-text\">Clic para ampliar<\/p>\n<p>Si miramos la imagen de Nintendo Switch 2 vemos un cambio enorme, tanto que <strong>parecen dos juegos de generaciones diferentes<\/strong>. Hay una gran p\u00e9rdida de nitidez, lo que confirma que la versi\u00f3n de Resident Evil Requiem para esta consola se va a renderizar a una resoluci\u00f3n muy baja, y que recurrir\u00e1 al reescalado para conseguir una resoluci\u00f3n de salida m\u00e1s alta.<\/p>\n<p>Esa p\u00e9rdida de nitidez<strong> afecta mucho a la calidad de imagen en general<\/strong>, hace que todo se vea sucio y poco definido, y tiene un impacto muy negativo en el modelado del personaje. La calidad de las texturas, de las sombras y de la iluminaci\u00f3n tambi\u00e9n es muy baja, y el cabello no tiene nada que ver con la versi\u00f3n de PC, ya que aparece como una masa pixelada y poco detallada.<\/p>\n<p><a href=\"https:\/\/www.europesays.com\/es\/wp-content\/uploads\/2025\/09\/resident-evil-requiem-pc-frente-a-nintendo-switch-2-grace.jpg\" target=\"_blank\" rel=\"noopener\"><img loading=\"lazy\" decoding=\"async\" aria-describedby=\"caption-attachment-386508\" class=\"wp-image-386508 size-full\" src=\"https:\/\/www.europesays.com\/es\/wp-content\/uploads\/2025\/09\/resident-evil-requiem-pc-frente-a-nintendo-switch-2-grace.jpg\" alt=\"resident evil requiem pc frente a nintendo switch 2 grace\" width=\"2048\" height=\"1638\"  \/><\/a><\/p>\n<p id=\"caption-attachment-386508\" class=\"wp-caption-text\">Clic para ampliar.<\/p>\n<p>La baja resoluci\u00f3n y la p\u00e9rdida de nitidez <strong>afecta tanto a los personajes y a las escenas que cambia dr\u00e1sticamente el aspecto de estos, <\/strong>y tiene un impacto muy negativo en la calidad de imagen global. Fijaos en la segunda comparativa, donde tenemos a Grace, la protagonista, delante del ordenador port\u00e1til, la diferencia en el cabello y en los detalles m\u00e1s peque\u00f1os es tan grande que cambia por completo al personaje.<\/p>\n<p>Todav\u00eda no sabemos a qu\u00e9 resoluci\u00f3n funcionar\u00e1 Resident Evil Requiem en Nintendo Switch 2, ni qu\u00e9 tasa de FPS tendr\u00e1, pero visto lo visto me atrever\u00eda a decir que en el mejor de los casos renderizar\u00e1 a 540p para reescalar a 1080p, y que se mover\u00e1 a 30 FPS. Su lanzamiento se producir\u00e1 al mismo tiempo que las otras versiones para PS5, Xbox Series S-Series X y PC, es decir, <strong>el 27 de febrero de 2026.<\/strong><\/p>\n","protected":false},"excerpt":{"rendered":"Capcom ha presentado la versi\u00f3n de Resident Evil Requiem para Nintendo Switch 2 con nuevo v\u00eddeo donde muestra&hellip;\n","protected":false},"author":2,"featured_media":113880,"comment_status":"","ping_status":"","sticky":false,"template":"","format":"standard","meta":{"footnotes":""},"categories":[81],"tags":[119,123,124,25,24,1767,144,8650,21519,117,121,122,23,118,120],"class_list":{"0":"post-113879","1":"post","2":"type-post","3":"status-publish","4":"format-standard","5":"has-post-thumbnail","7":"category-ciencia-y-tecnologia","8":"tag-ciencia","9":"tag-ciencia-y-tecnologia","10":"tag-cienciaytecnologia","11":"tag-es","12":"tag-espana","13":"tag-juegos","14":"tag-nintendo-switch-2","15":"tag-pc","16":"tag-resident-evil-requiem","17":"tag-science","18":"tag-science-and-technology","19":"tag-scienceandtechnology","20":"tag-spain","21":"tag-technology","22":"tag-tecnologia"},"share_on_mastodon":{"url":"","error":""},"_links":{"self":[{"href":"https:\/\/www.europesays.com\/es\/wp-json\/wp\/v2\/posts\/113879","targetHints":{"allow":["GET"]}}],"collection":[{"href":"https:\/\/www.europesays.com\/es\/wp-json\/wp\/v2\/posts"}],"about":[{"href":"https:\/\/www.europesays.com\/es\/wp-json\/wp\/v2\/types\/post"}],"author":[{"embeddable":true,"href":"https:\/\/www.europesays.com\/es\/wp-json\/wp\/v2\/users\/2"}],"replies":[{"embeddable":true,"href":"https:\/\/www.europesays.com\/es\/wp-json\/wp\/v2\/comments?post=113879"}],"version-history":[{"count":0,"href":"https:\/\/www.europesays.com\/es\/wp-json\/wp\/v2\/posts\/113879\/revisions"}],"wp:featuredmedia":[{"embeddable":true,"href":"https:\/\/www.europesays.com\/es\/wp-json\/wp\/v2\/media\/113880"}],"wp:attachment":[{"href":"https:\/\/www.europesays.com\/es\/wp-json\/wp\/v2\/media?parent=113879"}],"wp:term":[{"taxonomy":"category","embeddable":true,"href":"https:\/\/www.europesays.com\/es\/wp-json\/wp\/v2\/categories?post=113879"},{"taxonomy":"post_tag","embeddable":true,"href":"https:\/\/www.europesays.com\/es\/wp-json\/wp\/v2\/tags?post=113879"}],"curies":[{"name":"wp","href":"https:\/\/api.w.org\/{rel}","templated":true}]}}