{"id":113881,"date":"2025-09-14T07:29:08","date_gmt":"2025-09-14T07:29:08","guid":{"rendered":"https:\/\/www.europesays.com\/es\/113881\/"},"modified":"2025-09-14T07:29:08","modified_gmt":"2025-09-14T07:29:08","slug":"hasta-donde-llegara-la-desaceleracion-economica-por-las-politicas-de-trump","status":"publish","type":"post","link":"https:\/\/www.europesays.com\/es\/113881\/","title":{"rendered":"\u00bfhasta d\u00f3nde llegar\u00e1 la desaceleraci\u00f3n econ\u00f3mica por las pol\u00edticas de Trump?"},"content":{"rendered":"<p class=\"article-text\">\n        M\u00e1s paro del previsto. Los precios crecen mes a mes. Y los efectos de los aranceles a\u00fan no han terminado de notarse ni de contabilizarse fehacientemente porque apenas llevan unas semanas en vigor. Ante este panorama, \u00bfhacia d\u00f3nde va la econom\u00eda estadounidense? \u00bfCu\u00e1l es su foto actual y qu\u00e9 perspectivas hay?\n    <\/p>\n<p>    <a href=\"https:\/\/www.eldiario.es\/economia\/incertidumbre-politicas-economicas-trump-estancan-creacion-empleo-eeuu_1_12581583.html\" data-mrf-recirculation=\"saber-mas\" data-dl-event=\"saber-mas\" rel=\"nofollow noopener\" target=\"_blank\"><\/p>\n<p class=\"know-more__title\">Las pol\u00edticas econ\u00f3micas de Trump estancan el empleo en EEUU y dejan el paro en la tasa m\u00e1s alta desde 2021<\/p>\n<p>            <img decoding=\"async\" class=\"lazy\" loading=\"lazy\" data-src=\"https:\/\/static.eldiario.es\/clip\/3b4a794d-2f98-4ced-8ed1-252e2736857d_16-9-aspect-ratio_default_0.jpg\" src=\"data:image\/svg+xml,%3Csvg xmlns=\" http:=\"\" viewbox=\"0 0 880 495\" alt=\"Las pol\u00edticas econ\u00f3micas de Trump estancan el empleo en EEUU y dejan el paro en la tasa m\u00e1s alta desde 2021\"\/><\/p>\n<p>                        <\/a><\/p>\n<p class=\"article-text\">\n        La pr\u00f3xima semana se re\u00fane la Reserva Federal, y cabe la posibilidad de que la entidad monetaria decida una bajada de un cuarto de punto, muy lejos de los tres puntos que viene reclamando el presidente de EEUU, Donald Trump, desde que lleg\u00f3 a la Casa Blanca. Una cruzada que le ha llevado a pedir el relevo del <a href=\"https:\/\/www.eldiario.es\/economia\/trump-redobla-ofensiva-fed-economia-empieza-acusar-efectos-guerra-comercial_1_12472901.html\" data-mrf-recirculation=\"links-noticia\" class=\"link\" rel=\"nofollow noopener\" target=\"_blank\">presidente de la Fed<\/a>, Jerome Powell, a quien insulta pr\u00e1cticamente cada d\u00eda.\n    <\/p>\n<p class=\"article-text\">\n        Hasta ahora, la Fed ha ido manteniendo los tipos inter\u00e9s en el rango del 4,25% al 4,5% en un clima de total injerencia del presidente de EEUU en la pol\u00edtica monetaria.\n    <\/p>\n<p>    \u00bfFreno econ\u00f3mico?<\/p>\n<p class=\"article-text\">\n        \u00bfHasta qu\u00e9 punto se est\u00e1 frenando la econom\u00eda en EEUU? \u00bfHasta d\u00f3nde llegar\u00e1 ese frenazo? El producto interior bruto (PIB) del pa\u00eds registr\u00f3 un crecimiento del 0,7% intertrimestral en el segundo trimestre de 2025 y deja el dato anualizado en un 3%. Por contra, en los tres primeros meses de 2025, cay\u00f3 un 0,1%. \u00bfC\u00f3mo ser\u00e1 la segunda mitad del a\u00f1o?\n    <\/p>\n<p class=\"article-text\">\n        \u201cLa pregunta del mill\u00f3n es si Estados Unidos va a seguir creciendo por el empuj\u00f3n de la inversi\u00f3n en IA y un d\u00f3lar barato que ayuda al sector exterior, a pesar de los vientos de frente en el empleo y la inflaci\u00f3n&#8230;\u201d, reflexiona Federico Steinberg,\u00a0investigador principal del Real Instituto Elcano y catedr\u00e1tico Pr\u00edncipe de Asturias en la Universidad de Georgetown, \u201co si esto va a terminar mal porque hay una burbuja en la IA, los aranceles se van a empezar a notar, la incertidumbre seguir\u00e1, la independencia de la Fed est\u00e1 en cuesti\u00f3n, etc\u00e9tera. La cuesti\u00f3n es si la econom\u00eda americana se est\u00e1 desacelerando y hasta d\u00f3nde, como vemos en los datos de empleo y con una inflaci\u00f3n que empieza a subir y que seguramente subir\u00e1 todav\u00eda m\u00e1s en los pr\u00f3ximos meses, hasta que las subidas vinculadas con los aranceles entren plenamente en los precios\u201d.\n    <\/p>\n<p>    Inflaci\u00f3n creciente<\/p>\n<p class=\"article-text\">\n        <a href=\"https:\/\/www.eldiario.es\/economia\/inflacion-crecio-agosto-eeuu-2-9-empujada-aranceles-trump_1_12595344.html\" data-mrf-recirculation=\"links-noticia\" class=\"link\" rel=\"nofollow noopener\" target=\"_blank\">Los precios siguen subiendo en EEUU.<\/a> El dato de agosto muestra que el IPC aument\u00f3 un 0,4% mensual, aceler\u00e1ndose desde el 0,2% de julio. As\u00ed, la inflaci\u00f3n anual se situ\u00f3 en el 2,9%, el nivel m\u00e1s alto desde enero, mientras el IPC subyacente (sin alimentos y energ\u00eda) subi\u00f3 0,3% mensual y 3,1% anual.\n    <\/p>\n<p class=\"article-text\">\n        Marta Bengoa, catedr\u00e1tica de Econom\u00eda en City University of New York, apunta: \u201cLas se\u00f1ales que trasladan estos datos son mixtas: aunque la inflaci\u00f3n sigue por encima del objetivo del 2% de la Fed, no representa un repunte alarmante que impida recortes de tipos, si bien ya se empiezan a notar los efectos inflacionarios de los aranceles\u201d.\n    <\/p>\n<p class=\"article-text\">\n        \u201cTodo esto es claramente negativo y deber\u00eda contribuir a que el PIB, sin entrar en recesi\u00f3n, creciera menos\u201d, reflexiona Steinberg: \u201cNo sabemos cu\u00e1nto menos, pero pong\u00e1mosle entre el 1% y el 1,5%. Y tampoco sabemos si todo eso puede ser contrarrestado por la tremenda emoci\u00f3n, burbuja para algunos, de las inversiones en inteligencia artificial que est\u00e1n empujando a las bolsas a m\u00e1ximos hist\u00f3ricos. Eso est\u00e1 aumentando la sensaci\u00f3n de efecto riqueza en muchas personas, apoyando el consumo y tirando del componente de inversi\u00f3n del PIB de manera que el crecimiento se pueda sostener. Esta es la cuesti\u00f3n para la que nadie tiene respuesta y, en un contexto m\u00e1s general, el dato de inflaci\u00f3n en torno al 2,9% demuestra que la inflaci\u00f3n est\u00e1 por encima del objetivo del 2% de la Fed\u201d.\n    <\/p>\n<p>    El efecto de los aranceles<\/p>\n<p class=\"article-text\">\n        \u201cLos aranceles de Trump est\u00e1n teniendo un impacto significativo\u201d, explica la catedr\u00e1tica de Econom\u00eda en City University of New York: \u201cEn primer lugar, en lo referente al impacto en precios, se estima que las medidas anunciadas podr\u00edan impulsar los precios del IPC entre el 1%-1,5% este a\u00f1o. Los precios de alimentos suben un 1,6% y los precios de veh\u00edculos aumentan un 8,4% por todas las medidas arancelarias, especialmente los aranceles al aluminio y acero\u201d.\u00a0\n    <\/p>\n<p class=\"article-text\">\n        \u201cLa mayor\u00eda de los que se ocupan de mirar esto en detalle\u201d, apunta el catedr\u00e1tico Pr\u00edncipe de Asturias en la Universidad de Georgetown, \u201chan explicado que las empresas adelantaron importaciones en los \u00faltimos meses y ten\u00edan inventarios. Parece ser que no se han trasladado los precios a los consumidores, sino que las empresas solo trasladaban un 20%, seg\u00fan he le\u00eddo en algunos sitios. Por lo tanto, el passthrough, lo que se pasa al consumidor, ha sido muy limitado, porque las empresas estaban esperando a ver si efectivamente hab\u00eda aranceles, de cu\u00e1nto eran&#8230; No quer\u00edan trasladar a\u00fan el aumento de precios, y ahora podr\u00edan empezar a hacerlo poco a poco\u201d.\n    <\/p>\n<p class=\"article-text\">\n        \u201cEsto es lento, como el Brexit\u201d, prosigue Steinberg: \u201cAdam Posen, presidente del Peterson Institute, <a href=\"https:\/\/www.bloomberg.com\/news\/videos\/2025-08-19\/metal-tariff-increase-will-lead-to-inflation-adam-posen-video\" data-mrf-recirculation=\"links-noticia\" class=\"link\" target=\"_blank\" rel=\"nofollow noopener\">dec\u00eda el otro d\u00eda<\/a> que en el primer o segundo trimestre de 2026 veremos el efecto completo del traslado de los precios a la inflaci\u00f3n. Y esto abre la siguiente pregunta de si hay efectos de segunda ronda, si es una subida de una vez o si eso luego generar\u00e1 mayores precios, subidas salariales, mayores precios, etc\u00e9tera, etc\u00e9tera. Con lo cual, lo m\u00e1s probable es que tengamos una inflaci\u00f3n el a\u00f1o que viene claramente por encima del 3%\u201d.\n    <\/p>\n<p class=\"article-text\">\n        En cuando a la recaudaci\u00f3n por los aranceles, Bengoa se\u00f1ala: \u201cEl Gobierno recaud\u00f3 31.400 millones en ingresos arancelarios en agosto, la mayor recaudaci\u00f3n mensual hasta ahora en 2025. Los ingresos arancelarios totales para 2025 han alcanzado m\u00e1s de 183.600 millones. Hasta julio, los ingresos alcanzaron 135.700 millones, un 116.3% m\u00e1s que en el mismo mes del a\u00f1o fiscal 2024. En importaciones, la tasa arancelaria promedio aplicada aument\u00f3 del 2,5% al 27% estimado entre enero y abril de 2025, el nivel m\u00e1s alto en m\u00e1s de un siglo\u201d.\u00a0\n    <\/p>\n<p>    \u00bfEst\u00e1 aguantando el consumo?<\/p>\n<p class=\"article-text\">\n        \u201cEl consumo se mantiene relativamente resiliente pero con signos de moderaci\u00f3n. El gasto de consumo personal represent\u00f3 el 67,7% del PIB en el primer trimestre de 2025. Se espera que el gasto nominal del consumidor crezca 4,8% interanual en 2025, moder\u00e1ndose desde el 5,2% estimado en 2024.\u00a0Los consumidores est\u00e1n asumiendo m\u00e1s deuda, pero en contrapartida las tasas de ahorro han mejorado desde la crisis del covid\u201d, se\u00f1ala Marta Bengoa.\n    <\/p>\n<p class=\"article-text\">\n        \u201cEl consumo est\u00e1 aguantando bastante bien\u201d, coincide Steinberg, se\u00f1alando el \u201cefecto riqueza\u201d de la burbuja burs\u00e1til tecnol\u00f3gica: \u201cY eso est\u00e1 permitiendo aguantar el dinamismo. Es verdad que la recaudaci\u00f3n por los aranceles est\u00e1n siendo cantidades importantes, pero es una forma tremendamente regresiva de financiar un d\u00e9ficit p\u00fablico que, por otro lado, crece much\u00edsimo con la Big Beautiful Bill [la reforma fiscal que dispara el gasto en defensa y lucha contra la migraci\u00f3n mientras reduce los ingresos por las bajadas de impuestos], y que empezaremos a ver c\u00f3mo evoluciona en los pr\u00f3ximos meses cuando se vayan aplicando algunas de las medidas\u201d.\n    <\/p>\n<p>    M\u00e1s paro del esperado<\/p>\n<p class=\"article-text\">\n        Los empleadores estadounidenses crearon solo 22.000 puestos de trabajo el mes pasado. En efecto, el mercado laboral sigui\u00f3 enfri\u00e1ndose ante la incertidumbre sobre las pol\u00edticas econ\u00f3micas del presidente Donald Trump.\u00a0<a href=\"https:\/\/apnews.com\/article\/jobs-economy-unemployment-trump-firing-f686eab61f7d6b702ca10b12b0250498\" target=\"_blank\" data-mrf-recirculation=\"links-noticia\" class=\"link\" rel=\"nofollow noopener\">Seg\u00fan los datos difundidos por el Gobierno federal el pasado viernes.<\/a>  La contrataci\u00f3n se desaceler\u00f3 desde los 79.000 puestos creados en julio y se situ\u00f3 por debajo de los aproximadamente 80.000 que los economistas esperaban para agosto. La tasa de desempleo subi\u00f3 hasta el 4,3%, tambi\u00e9n peor de lo esperado y el nivel m\u00e1s alto desde 2021, seg\u00fan inform\u00f3 el viernes el Departamento de Trabajo.\n    <\/p>\n<p class=\"article-text\">\n        \u201cLos datos son preocupantes\u201d, se\u00f1ala Bengoa, \u201cel Bureau of Labor Statistics ha revisado a la baja la creaci\u00f3n de empleos en 911.000 puestos para el per\u00edodo entre abril de 2024 y marzo de 2025, la mayor revisi\u00f3n a la baja registrada. Los meses de junio, julio y agosto vieron un crecimiento promedio de solo 29.000 empleos por mes.\u00a0Datos adicionales sobre solicitudes de desempleo muestran una imagen de desaceleraci\u00f3n en el mercado de trabajo. Las solicitudes semanales de seguro de desempleo aumentaron significativamente a 263.000 para la semana que termin\u00f3 el 6 de septiembre, el nivel m\u00e1s alto desde octubre de 2021. Las solicitudes continuas se mantuvieron en 1,94 millones, cerca de su nivel m\u00e1s alto desde finales de 2021. Los datos de manufacturas muestran tambi\u00e9n un deterioro. El empleo en el sector ha bajado 78.000 durante el a\u00f1o, cayendo por cuarto mes consecutivo. Se atribuye a la pol\u00edtica arancelaria actual y la incertidumbre creada, que hace muy dif\u00edcil la organizaci\u00f3n empresarial y de inventarios.\u00a0Esto sugiere que el mercado laboral estaba m\u00e1s fr\u00edo de lo que se pensaba y la incertidumbre pol\u00edtica actual puede estar agudizando la situaci\u00f3n\u201d.\n    <\/p>\n<p class=\"article-text\">\n        Steinberg, por su parte, se\u00f1ala otro elemento: \u201cLa econom\u00eda americana viene de un ciclo de crecimiento muy largo desde despu\u00e9s de la crisis financiera, interrumpido muy puntualmente por el COVID-19, del que se recuper\u00f3 muy r\u00e1pido. Estados Unidos sufri\u00f3 la crisis financiera, cay\u00f3 much\u00edsimo en 2008, y en 2009 y 2010 ya estaba creciendo. Y creci\u00f3 hasta 2020, cuando cay\u00f3 mucho por la pandemia en el trimestre de marzo-julio y remont\u00f3 ese mismo a\u00f1o. Por lo tanto, en el ciclo macro ya llegaba el momento, de alguna manera, de una desaceleraci\u00f3n. Todo esto, sumado a la incertidumbre, pueden ser la causa de este aumento del n\u00famero de desempleados. Tambi\u00e9n es importante ver que bajan los datos de creaci\u00f3n de empleo, pero no sube mucho la tasa de desempleo porque las exportaciones est\u00e1n reduciendo la cantidad de trabajadores que est\u00e1n activos en el mercado laboral\u201d.\n    <\/p>\n<p class=\"article-text\">\n        \u00bfEl mercado estaba m\u00e1s fr\u00edo de lo que se supon\u00eda y se ha agudizado? \u201cLa incertidumbre generada por los aranceles, compensada en algunos sectores especialmente tecnol\u00f3gicos, por el boom de la IA, se ha materializado en el dato paro, aunque se mantiene bajo, tambi\u00e9n porque no hay entrada de poblaci\u00f3n activa como hab\u00eda en los \u00faltimos a\u00f1os\u201d, se\u00f1ala el catedr\u00e1tico Pr\u00edncipe de Asturias en la Universidad de Georgetown.\n    <\/p>\n<p>    \u00bfEstanflaci\u00f3n?<\/p>\n<p class=\"article-text\">\n        \u00bfQu\u00e9 es la estanflaci\u00f3n? \u201cLa estanflaci\u00f3n es una situaci\u00f3n econ\u00f3mica muy problem\u00e1tica donde se combinan dos males: primero el estancamiento econ\u00f3mico (poco crecimiento, alto desempleo); y el segundo, alta inflaci\u00f3n (subida de precios)\u201d, explica Bengoa: \u201cEs como tener lo peor de dos mundos: la econom\u00eda no crece, pero los precios s\u00ed suben, empobreciendo a los ciudadanos sin generar empleos. M\u00e1s que estanflaci\u00f3n, vemos desaceleraci\u00f3n econ\u00f3mica con presiones inflacionarias moderadas, lo que explica por qu\u00e9 la Fed probablemente recortar\u00e1 tasas preventivamente\u201d.\n    <\/p>\n<p class=\"article-text\">\n        \u201cLa estanflaci\u00f3n es una situaci\u00f3n simult\u00e1nea de crecimiento cero o negativo e inflaci\u00f3n alta\u201d, explica Estainberg, \u201clo que hubo despu\u00e9s de la crisis del petr\u00f3leo de los a\u00f1os 70, que es muy dif\u00edcil de manejar porque no tienes pol\u00edtica monetaria que pueda bajar los tipos porque entonces habr\u00eda m\u00e1s inflaci\u00f3n\u201d.\n    <\/p>\n<p class=\"article-text\">\n        \u201cEstanflaci\u00f3n en el sentido de que vamos a crecer menos que antes y a tener m\u00e1s inflaci\u00f3n que antes, s\u00ed\u201d, afirma Steinberg, \u201cestanflaci\u00f3n en el sentido de que vamos a tener recesi\u00f3n con inflaciones muy altas, no. Biden dej\u00f3 la econom\u00eda con un crecimiento cercano al 3% y una inflaci\u00f3n cercana al 2%, y ahora mismo Trump tiene una inflaci\u00f3n en el 3% y subiendo y un crecimiento desaceler\u00e1ndose no sabemos hasta d\u00f3nde\u201d.\n    <\/p>\n<p class=\"article-text\">\n        \u201cCon una inflaci\u00f3n del 2,9% y desempleo del 4,3%, no estamos en territorio de estanflaci\u00f3n cl\u00e1sica, que hist\u00f3ricamente implica inflaci\u00f3n de dos d\u00edgitos y desempleo muy alto\u201d, se\u00f1ala Bengoa: \u201cSin embargo, s\u00ed hay signos preocupantes de desaceleraci\u00f3n econ\u00f3mica con presiones inflacionarias moderadas, una situaci\u00f3n que muestra desaceleraci\u00f3n, pero no es catastr\u00f3fica en el sentido de estanflaci\u00f3n, al menos de momento\u201d.\n    <\/p>\n<p class=\"article-text\">\n        \u201cPor otro lado\u201d, dice Estainberg, \u201cen este contexto, la pol\u00edtica fiscal est\u00e1 ya muy agotada, aunque hay cierto impulso fiscal con la Big Beautiful Bill, que podr\u00eda apoyar un poco el crecimiento a costa de d\u00e9ficit p\u00fablico m\u00e1s alto y deuda p\u00fablica m\u00e1s alta\u201d.\n    <\/p>\n<p>    \u00bfQu\u00e9 puede anunciar la Fed la semana que viene?<\/p>\n<p class=\"article-text\">\n        Hasta ahora, la Fed ha ido manteniendo los tipos inter\u00e9s en el rango del 4,25% al 4,5% a pesar de las incesantes presiones de la Casa Blanca. \u00bfQu\u00e9 puede pasar a partir de ahora?\n    <\/p>\n<p class=\"article-text\">\n        Steinberg apunta que \u201cse est\u00e1 descontando que la Fed bajar\u00e1 tipos un poquito, un 0,25, porque le preocupa m\u00e1s la desaceleraci\u00f3n del crecimiento y el aumento de la destrucci\u00f3n de empleo que la inflaci\u00f3n, que todav\u00eda no est\u00e1 tan alta, aunque est\u00e1 por encima del objetivo. Esto es por el mandato dual de la Fed que le presta m\u00e1s atenci\u00f3n al empleo que el Banco Central Europeo, al menos sobre el papel. Tambi\u00e9n est\u00e1 el debate de la independencia de la Fed alrededor de este asunto\u201d.\n    <\/p>\n<p>    <a href=\"https:\/\/www.eldiario.es\/economia\/inflacion-crecio-agosto-eeuu-2-9-empujada-aranceles-trump_1_12595344.html\" data-mrf-recirculation=\"saber-mas-abajo\" data-dl-event=\"saber-mas-abajo\" rel=\"nofollow noopener\" target=\"_blank\"><\/p>\n<p class=\"know-more__title\">Los aranceles de Trump empujan la inflaci\u00f3n hasta el 2,9% en agosto\n<\/p>\n<p>            <img decoding=\"async\" class=\"lazy\" loading=\"lazy\" data-src=\"https:\/\/static.eldiario.es\/clip\/b39079e7-bc1a-4172-b246-b6cf0f04efb3_16-9-aspect-ratio_default_0.jpg\" src=\"data:image\/svg+xml,%3Csvg xmlns=\" http:=\"\" viewbox=\"0 0 880 495\" alt=\"Los aranceles de Trump empujan la inflaci\u00f3n hasta el 2,9% en agosto\"\/><\/p>\n<p>                        <\/a><\/p>\n<p class=\"article-text\">\n        \u201cLos mercados estiman alrededor de un 80% de probabilidad de un recorte de 0,25% en la reuni\u00f3n del 16-17 de septiembre. La Fed est\u00e1 sopesando preocupaciones sobre riesgos inflacionarios por aranceles con la potencial debilidad del mercado laboral. El dato de inflaci\u00f3n, aunque elevado, probablemente no impedir\u00e1 un recorte moderado de 25 puntos b\u00e1sicos, especialmente dado el fuerte aumento en las solicitudes de desempleo\u201d, coincide Bengoa.\n    <\/p>\n","protected":false},"excerpt":{"rendered":"M\u00e1s paro del previsto. Los precios crecen mes a mes. Y los efectos de los aranceles a\u00fan no&hellip;\n","protected":false},"author":2,"featured_media":113882,"comment_status":"","ping_status":"","sticky":false,"template":"","format":"standard","meta":{"footnotes":""},"categories":[80],"tags":[82,25585,95,5374,94,5509,25,24,36669,10161,24036,3912,8038,23,12083,936],"class_list":{"0":"post-113881","1":"post","2":"type-post","3":"status-publish","4":"format-standard","5":"has-post-thumbnail","7":"category-economia","8":"tag-business","9":"tag-desaceleracion","10":"tag-economia","11":"tag-economica","12":"tag-economy","13":"tag-empleo","14":"tag-es","15":"tag-espana","16":"tag-frenazo","17":"tag-incertidumbre","18":"tag-llegara","19":"tag-politicas","20":"tag-precios","21":"tag-spain","22":"tag-subida","23":"tag-trump"},"share_on_mastodon":{"url":"","error":""},"_links":{"self":[{"href":"https:\/\/www.europesays.com\/es\/wp-json\/wp\/v2\/posts\/113881","targetHints":{"allow":["GET"]}}],"collection":[{"href":"https:\/\/www.europesays.com\/es\/wp-json\/wp\/v2\/posts"}],"about":[{"href":"https:\/\/www.europesays.com\/es\/wp-json\/wp\/v2\/types\/post"}],"author":[{"embeddable":true,"href":"https:\/\/www.europesays.com\/es\/wp-json\/wp\/v2\/users\/2"}],"replies":[{"embeddable":true,"href":"https:\/\/www.europesays.com\/es\/wp-json\/wp\/v2\/comments?post=113881"}],"version-history":[{"count":0,"href":"https:\/\/www.europesays.com\/es\/wp-json\/wp\/v2\/posts\/113881\/revisions"}],"wp:featuredmedia":[{"embeddable":true,"href":"https:\/\/www.europesays.com\/es\/wp-json\/wp\/v2\/media\/113882"}],"wp:attachment":[{"href":"https:\/\/www.europesays.com\/es\/wp-json\/wp\/v2\/media?parent=113881"}],"wp:term":[{"taxonomy":"category","embeddable":true,"href":"https:\/\/www.europesays.com\/es\/wp-json\/wp\/v2\/categories?post=113881"},{"taxonomy":"post_tag","embeddable":true,"href":"https:\/\/www.europesays.com\/es\/wp-json\/wp\/v2\/tags?post=113881"}],"curies":[{"name":"wp","href":"https:\/\/api.w.org\/{rel}","templated":true}]}}