{"id":113883,"date":"2025-09-14T07:30:09","date_gmt":"2025-09-14T07:30:09","guid":{"rendered":"https:\/\/www.europesays.com\/es\/113883\/"},"modified":"2025-09-14T07:30:09","modified_gmt":"2025-09-14T07:30:09","slug":"conflicto-en-oriente-proximo-13-de-septiembre-de-2025-el-ejercito-israeli-ocupa-la-casa-del-director-basel-adra-ganador-de-un-oscar-por-no-other-land-internacional","status":"publish","type":"post","link":"https:\/\/www.europesays.com\/es\/113883\/","title":{"rendered":"Conflicto en Oriente Pr\u00f3ximo &#8211; 13 de septiembre de 2025 | El ej\u00e9rcito israel\u00ed ocupa la casa del director Basel Adra, ganador de un Oscar por \u2018No Other Land\u2019 | Internacional"},"content":{"rendered":"<p class=\"ev-title\">Los hut\u00edes reivindican el lanzamiento de un misil contra Israel, interceptado por el ej\u00e9rcito <\/p>\n<p>Los rebeldes hut\u00edes han reivindicado este s\u00e1bado el lanzamiento contra Israel de un misil hipers\u00f3nico con \u201cm\u00faltiples cabezas explosivas\u201d y ha indicado que el objetivo era el \u00e1rea de la ciudad de Tel Aviv, si bien el ej\u00e9rcito israel\u00ed ha asegurado que el proyectil ha sido interceptado.<\/p>\n<p>El ej\u00e9rcito de Israel ha indicado en un breve comunicado que \u201cun misil lanzado desde Yemen ha sido interceptado despu\u00e9s de que saltaran las alertas a\u00e9reas en varias zonas del pa\u00eds\u201d, sin m\u00e1s detalles, si bien poco despu\u00e9s el portavoz de operaciones militares de los hut\u00edes, Yahya Sari, ha especificado que se trataba de un misil Palestina 2.<\/p>\n<p>Sari ha manifestado en un comunicado que el proyectil usado era \u201cun misil hipers\u00f3nico con m\u00faltiples cabezas nucleares\u201d lanzado contra \u201cm\u00faltiples objetivos sensibles en la zona ocupada de Jafa\u201d, en referencia a Tel Aviv. \u201cLa operaci\u00f3n ha logrado con \u00e9xito sus objetivos, gracias a Dios, provocando que millones de sionistas usurpadores huyeran a los refugios\u201d, ha agregado.<\/p>\n<p>As\u00ed ha manifestado que los yemen\u00edes \u201cno se ver\u00e1n disuadidos por la brutal agresi\u00f3n israel\u00ed\u201d y \u201cmantendr\u00e1n su postura de principios en apoyo al oprimido y hambriento pueblo palestino\u201d. \u201cLa agresi\u00f3n criminal (de Israel) \u00fanicamente les llevar\u00e1 a mostrar m\u00e1s resiliencia, perseverancia y desaf\u00edo en nombre de Dios y los oprimidos\u201d, ha agregado.<\/p>\n<p>\u201cNuestras fuerzas armadas seguir\u00e1n llevando a cabo m\u00e1s operaciones en defensa del pa\u00eds, haciendo frente a la agresi\u00f3n y apoyando a nuestros perseverantes hermanos en Gaza hasta que la agresi\u00f3n contra ellos se detenga y el cerco sea levantado\u201d, ha zanjado, tal y como ha recogido la agencia yemen\u00ed de noticias SABA, vinculada a los hut\u00edes.<\/p>\n<p>El ataque ha tenido lugar dos d\u00edas despu\u00e9s de que Israel lanzara una serie de bombardeos contra Yemen que dejaron m\u00e1s de 45 muertos y cerca de 150 heridos. Los hut\u00edes afirmaron que los ataques alcanzaron la sede de dos peri\u00f3dicos, entre otros lugares, matando a m\u00e1s de una decena de periodistas.<\/p>\n<p>El ej\u00e9rcito de Israel resalt\u00f3 que el ataque fue lanzado en respuesta al disparo de misiles y drones por parte de los rebeldes contra su territorio, cerca de una semana despu\u00e9s de matar al primer ministro designado por los hut\u00edes y una decena de ministros en otro bombardeo contra la capital, San\u00e1.<\/p>\n<p>Los hut\u00edes, que controlan San\u00e1 y otras zonas del norte y el oeste del pa\u00eds desde 2015, han lanzado varios ataques contra territorio de Israel y contra buques con alg\u00fan tipo de conexi\u00f3n israel\u00ed a ra\u00edz de la ofensiva desatada contra Gaza tras los ataques perpetrados el 7 de octubre por el Movimiento de Resistencia Isl\u00e1mica (Ham\u00e1s) y otras facciones palestinas. (EP)<\/p>\n","protected":false},"excerpt":{"rendered":"Los hut\u00edes reivindican el lanzamiento de un misil contra Israel, interceptado por el ej\u00e9rcito Los rebeldes hut\u00edes han&hellip;\n","protected":false},"author":2,"featured_media":113884,"comment_status":"","ping_status":"","sticky":false,"template":"","format":"standard","meta":{"footnotes":""},"categories":[42],"tags":[17,18,68,70,71,72,13,14,73,69,75,11,61,62,63,64,74,19,20,9,10,15,16,77,76,12,21,22,65,66,67],"class_list":{"0":"post-113883","1":"post","2":"type-post","3":"status-publish","4":"format-standard","5":"has-post-thumbnail","7":"category-internacional","8":"tag-breaking-news","9":"tag-breakingnews","10":"tag-conflicto-arabe-israeli","11":"tag-conflictos","12":"tag-conflictos-armados","13":"tag-conflictos-internacionales","14":"tag-featured-news","15":"tag-featurednews","16":"tag-franja-gaza","17":"tag-guerra","18":"tag-hamas","19":"tag-headlines","20":"tag-internacional","21":"tag-international","22":"tag-international-news","23":"tag-internationalnews","24":"tag-israel","25":"tag-latest-news","26":"tag-latestnews","27":"tag-news","28":"tag-noticias","29":"tag-noticias-destacadas","30":"tag-noticiasdestacadas","31":"tag-oriente-proximo","32":"tag-palestina","33":"tag-titulares","34":"tag-ultimas-noticias","35":"tag-ultimasnoticias","36":"tag-world","37":"tag-world-news","38":"tag-worldnews"},"share_on_mastodon":{"url":"","error":""},"_links":{"self":[{"href":"https:\/\/www.europesays.com\/es\/wp-json\/wp\/v2\/posts\/113883","targetHints":{"allow":["GET"]}}],"collection":[{"href":"https:\/\/www.europesays.com\/es\/wp-json\/wp\/v2\/posts"}],"about":[{"href":"https:\/\/www.europesays.com\/es\/wp-json\/wp\/v2\/types\/post"}],"author":[{"embeddable":true,"href":"https:\/\/www.europesays.com\/es\/wp-json\/wp\/v2\/users\/2"}],"replies":[{"embeddable":true,"href":"https:\/\/www.europesays.com\/es\/wp-json\/wp\/v2\/comments?post=113883"}],"version-history":[{"count":0,"href":"https:\/\/www.europesays.com\/es\/wp-json\/wp\/v2\/posts\/113883\/revisions"}],"wp:featuredmedia":[{"embeddable":true,"href":"https:\/\/www.europesays.com\/es\/wp-json\/wp\/v2\/media\/113884"}],"wp:attachment":[{"href":"https:\/\/www.europesays.com\/es\/wp-json\/wp\/v2\/media?parent=113883"}],"wp:term":[{"taxonomy":"category","embeddable":true,"href":"https:\/\/www.europesays.com\/es\/wp-json\/wp\/v2\/categories?post=113883"},{"taxonomy":"post_tag","embeddable":true,"href":"https:\/\/www.europesays.com\/es\/wp-json\/wp\/v2\/tags?post=113883"}],"curies":[{"name":"wp","href":"https:\/\/api.w.org\/{rel}","templated":true}]}}