{"id":113895,"date":"2025-09-14T07:38:15","date_gmt":"2025-09-14T07:38:15","guid":{"rendered":"https:\/\/www.europesays.com\/es\/113895\/"},"modified":"2025-09-14T07:38:15","modified_gmt":"2025-09-14T07:38:15","slug":"juan-ayuso-tendra-en-el-lidl-trek-el-carino-que-quizas-echo-de-menos-en-el-equipo-uae","status":"publish","type":"post","link":"https:\/\/www.europesays.com\/es\/113895\/","title":{"rendered":"Juan Ayuso tendr\u00e1 en el Lidl-Trek el cari\u00f1o que quiz\u00e1s ech\u00f3 de menos en el equipo UAE"},"content":{"rendered":"<p data-gtm-element-container=\"modulo-texto-link\" class=\"paragraph\"><strong>\u00bfTuvo que pensarse mucho aceptar la oferta del Lidl-Trek?<\/strong><\/p>\n<p data-gtm-element-container=\"modulo-texto-link\" class=\"paragraph\">No, a principios del a\u00f1o pasado estaba dudando entre retirarme o firmar un contrato m\u00e1s y mi amigo Carlos Verona me dijo que hab\u00eda hablado con Lidl-Trek y que estaban superinteresados si yo quer\u00eda correr. Me dije que era el momento. Ten\u00eda la sensaci\u00f3n que lo hab\u00eda dado todo los \u00faltimos a\u00f1os con Aprilia, ya no ten\u00eda energ\u00eda positiva para seguir mejorando, y sali\u00f3 redondo.<\/p>\n<p>        Lee tambi\u00e9n<\/p>\n<p>    Celes Piedrabuena<\/p>\n<p>             <img loading=\"lazy\" decoding=\"async\" data-full-src=\"https:\/\/www.mundodeportivo.com\/uploads\/2025\/09\/12\/68c452c67ce21.jpeg\" alt=\"Vingegaard y Almeida en la etapa de hoy\" width=\"334\" height=\"164\" src=\"https:\/\/www.europesays.com\/es\/wp-content\/uploads\/2025\/09\/68c452c67ce21.jpeg\" class=\"lazy\"\/><\/p>\n<p>        Lee tambi\u00e9n<\/p>\n<p>    Celes Piedrabuena<\/p>\n<p>             <img loading=\"lazy\" decoding=\"async\" data-full-src=\"https:\/\/www.mundodeportivo.com\/uploads\/2025\/09\/12\/68c44924b79a5.jpeg\" alt=\"Vingegaard y Vine hoy antes de tomar la salida\" width=\"334\" height=\"164\" src=\"https:\/\/www.europesays.com\/es\/wp-content\/uploads\/2025\/09\/68c44924b79a5.jpeg\" class=\"lazy\"\/><\/p>\n<p data-gtm-element-container=\"modulo-texto-link\" class=\"paragraph\"><strong>No iba a un equipo cualquiera, sino a uno World Tour y de los mejores.<\/strong><\/p>\n<p data-gtm-element-container=\"modulo-texto-link\" class=\"paragraph\">Exacto, ten\u00eda claro que cuando me retirara de las motos quer\u00eda intentar correr en el ciclismo, pero nunca hubiera imaginado estar en un equipo tan grande como el Lidl-Trek, con los mejores ciclistas. Es, despu\u00e9s del UAE, el mejor equipo, y es un orgullo estar aqu\u00ed.<\/p>\n<blockquote>\n<p>        \u00abNunca hubiera podido imaginar estar en un equipo tan grande como es el Lidl-Trek, con los mejores ciclistas del mundo\u00bb<\/p>\n<\/blockquote>\n<p data-gtm-element-container=\"modulo-texto-link\" class=\"paragraph\"><strong>Tras su debut dijo que hab\u00eda dado un salto al vac\u00edo, ya que lleg\u00f3 al Lidl-Trek sin tener experiencia profesional en el ciclismo.<\/strong><\/p>\n<p data-gtm-element-container=\"modulo-texto-link\" class=\"paragraph\">Correcto, para unas cosas es muy dif\u00edcil, pero para otras es f\u00e1cil. Claro, vas a un training camp y te comparas, y el m\u00e1s malo del Lidl-Trek es uno de los mejores ciclistas del mundo. El nivel es muy alto, pero, por otro lado, es mucho m\u00e1s f\u00e1cil aprender cosas porque est\u00e1s rodeado de ciclistas muy buenos y hacen que puedas aprender muy r\u00e1pido. Y tienes los mejores medios para mejorar, los mejores preparadores, nutricionistas y avanzas muy r\u00e1pido.<\/p>\n<p data-gtm-element-container=\"modulo-texto-link\" class=\"paragraph\"><strong>Cuando se oficializ\u00f3 su fichaje por el Lidl-Trek recibi\u00f3 bastantes cr\u00edticas. Hab\u00eda quien dec\u00eda que era una operaci\u00f3n de marketing. \u00bfLe molest\u00f3?<\/strong><\/p>\n<p data-gtm-element-container=\"modulo-texto-link\" class=\"paragraph\">No, a lo largo de mi carrera deportiva he aprendido a convivir con las cr\u00edticas. Cuando entend\u00edas bien mi fichaje est\u00e1 claro que hab\u00eda una parte de marketing y otra parte de que yo ten\u00eda ilusi\u00f3n de correr. Creo que era un fichaje importante a nivel de marketing para Lidl, pero tambi\u00e9n he demostrado el nivel suficiente para correr. En Getxo acab\u00e9 en la mitad del pelot\u00f3n, con una carrera con mucho nivel, y tenemos previstas algunas m\u00e1s en el calendario.<\/p>\n<blockquote>\n<p>        \u00abCreo que el m\u00edo fue un fichaje importante a nivel de marketing para Lidl, pero tambi\u00e9n he demostrado el nivel suficiente para correr\u00bb<\/p>\n<\/blockquote>\n<p data-gtm-element-container=\"modulo-texto-link\" class=\"paragraph\"><strong>\u00bfQu\u00e9 fue lo que m\u00e1s le cost\u00f3 en su primera carrera como ciclista?<\/strong><\/p>\n<p data-gtm-element-container=\"modulo-texto-link\" class=\"paragraph\">Estar dentro del pelot\u00f3n como tal no, pero  s\u00ed me cost\u00f3 mucho y sorprendi\u00f3 la tensi\u00f3n que hay cuando el pelot\u00f3n se aproxima a un puerto o a algo complicado, todo el mundo lucha la posici\u00f3n y quiere estar delante. Cuando llegas al puerto respiras, porque la tensi\u00f3n de antes es una animalada. La tensi\u00f3n y la peligrosidad en las aproximaciones es muy alta.<\/p>\n<p data-gtm-element-container=\"modulo-texto-link\" class=\"paragraph\"><strong>Con la adrenalina el d\u00eda de su debut en el ciclismo igual pens\u00f3 que ten\u00eda que haber dejado MotoGP antes.<\/strong><\/p>\n<p data-gtm-element-container=\"modulo-texto-link\" class=\"paragraph\">No, soy muy consciente y muy respetuoso con el nivel de los ciclistas profesionales y estoy a a\u00f1os luz de los mejores y del Lidl-Trek. Mi mundo es MotoGP y a base de esfuerzo, pasi\u00f3n y dedicaci\u00f3n he llegado a un nivel muy alto. He tenido mucho m\u00e1s talento en las motos que en el ciclismo.<\/p>\n<blockquote>\n<p>        \u00abSoy muy consciente y muy respetuoso con el nivel que tienen los ciclistas profesionales y estoy a a\u00f1os luz de los mejores ciclistas del mundo. Mi mundo es MotoGP y a base de esfuerzo, pasi\u00f3n y dedicaci\u00f3n creo que he conseguido llegar a un nivel muy alto en el ciclismo\u00bb<\/p>\n<\/blockquote>\n<p data-gtm-element-container=\"modulo-texto-link\" class=\"paragraph\"><strong>\u00bfEst\u00e1 siguiendo La Vuelta?<\/strong><\/p>\n<p data-gtm-element-container=\"modulo-texto-link\" class=\"paragraph\">La estoy disfrutando mucho. Muy triste de la p\u00e9rdida de tiempo de Ciccone porque llegaba con una forma f\u00edsica muy buena. Una l\u00e1stima, pero tenemos a Mads (Pedersen), que es una bestia.<\/p>\n<p data-gtm-element-container=\"modulo-texto-link\" class=\"paragraph\"><strong>\u00bfQu\u00e9 corredor del equipo Lidl-Trek le ha sorprendido m\u00e1s?<\/strong><\/p>\n<p data-gtm-element-container=\"modulo-texto-link\" class=\"paragraph\">(larga pausa) Soy muy fan de Thibau Nys. Creo que dar\u00e1 mucho que hablar en el futuro. Es joven, combina el ciclocross con la carretera. Me ha parecido una animalada su t\u00e9cnica y talento, y despu\u00e9s me ha chocado ser compa\u00f1ero de corredores como Pedersen, Skjelmose, Ciccone o Stuyven. Es incre\u00edble estar con ciclistas tan buenos.<\/p>\n<blockquote>\n<p>        \u00abObviamente, me har\u00eda mucha ilusi\u00f3n correr la Volta Ciclista a Catalunya. Para m\u00ed es la carrera m\u00e1s bonita del a\u00f1o y la he seguido mucho, pero el nivel de la Volta es muy alto y no creo que me d\u00e9 para mejorar tanto\u00bb<\/p>\n<\/blockquote>\n<p data-gtm-element-container=\"modulo-texto-link\" class=\"paragraph\"><strong>El contrato con el Lidl-Trek le vence este a\u00f1o, \u00bfseguir\u00e1 su aventura?<\/strong><\/p>\n<p data-gtm-element-container=\"modulo-texto-link\" class=\"paragraph\">La idea es seguir un poco m\u00e1s, pero est\u00e1 siendo muy duro f\u00edsica y mentalmente compaginar Honda y Lidl-Trek. Este a\u00f1o he llevado el cuerpo muy al l\u00edmite.<\/p>\n<p data-gtm-element-container=\"modulo-texto-link\" class=\"paragraph\"><strong>\u00bfQu\u00e9 le respondi\u00f3 Honda cuando les dijo que ser\u00eda ciclista profesional?<\/strong><\/p>\n<p data-gtm-element-container=\"modulo-texto-link\" class=\"paragraph\">Honda entendi\u00f3 que tendr\u00eda mucho m\u00e1s tiempo libre que siendo piloto oficial a full time, y entend\u00edan que quisiera ser ciclista. Me dijeron que la prioridad para ellos era, obviamente, que yo estuviera disponible para los tests y grandes premios que marcasen, y as\u00ed ha sido. Desde el inicio dije que mi prioridad era Honda, antes que Lidl-Trek.<\/p>\n<blockquote>\n<p>        \u00abCreo que no hay ning\u00fan  joven con tanta proyecci\u00f3n como Juan Ayuso. Tiene una ambici\u00f3n bestial y un talento muy alto\u00bb<\/p>\n<\/blockquote>\n<p data-gtm-element-container=\"modulo-texto-link\" class=\"paragraph\"><strong>\u00bfQu\u00e9 es m\u00e1s peligroso, MotoGP o el ciclismo?<\/strong><\/p>\n<p data-gtm-element-container=\"modulo-texto-link\" class=\"paragraph\">MotoGP sigue siendo m\u00e1s peligroso, la velocidad es muy alta, pero ahora que vivo el ciclismo desde dentro creo que es m\u00e1s peligroso de lo que yo me pensaba.<\/p>\n<p data-gtm-element-container=\"modulo-texto-link\" class=\"paragraph\"><strong>Si de usted dependiera, \u00bfqu\u00e9 carrera le gustar\u00eda disputar?<\/strong><\/p>\n<p data-gtm-element-container=\"modulo-texto-link\" class=\"paragraph\">Me hac\u00eda mucha ilusi\u00f3n correr en el Pa\u00eds Vasco, y tengo una espina clavada al no poder acabar una carrera por etapas de una semana como fue en Austria.<\/p>\n<p data-gtm-element-container=\"modulo-texto-link\" class=\"paragraph\"><strong>\u00bfLa Volta Ciclista a Catalunya?<\/strong><\/p>\n<p data-gtm-element-container=\"modulo-texto-link\" class=\"paragraph\">No, no. Obviamente, me har\u00eda mucha ilusi\u00f3n. Para m\u00ed, es la carrera m\u00e1s bonita del a\u00f1o y la he seguido mucho, pero el nivel de la Volta es muy alto y no creo que me d\u00e9 para mejorar tanto.<\/p>\n<p data-gtm-element-container=\"modulo-texto-link\" class=\"paragraph\"><strong>La temporada que viene tendr\u00e1 a Juan Ayuso de compa\u00f1ero.<\/strong><\/p>\n<p data-gtm-element-container=\"modulo-texto-link\" class=\"paragraph\">Eso parece. No hay ning\u00fan  joven con tanta proyecci\u00f3n como Juan. Encajar\u00eda muy bien en Lidl-Trek. Tenemos el mejor bloque de cl\u00e1sicas, pero a nivel de general, al lado de Ciccone y Skjelmose, creo que nos falta una pieza como la de Juan y ojal\u00e1 est\u00e9 con nosotros.<\/p>\n<blockquote>\n<p>        \u00abPara m\u00ed no hay nada m\u00e1s importante que la familia, ni el deporte, ni el \u00e9xito, ni el trabajo. Siempre lo he tenido claro desde un principio y lo he dicho, que he tenido mucha suerte de llegar donde he llegado gracias a mi mujer\u00bb<\/p>\n<\/blockquote>\n<p data-gtm-element-container=\"modulo-texto-link\" class=\"paragraph\"><strong>\u00bfQu\u00e9 le gusta de \u00e9l?<\/strong><\/p>\n<p data-gtm-element-container=\"modulo-texto-link\" class=\"paragraph\">Tiene una ambici\u00f3n bestial y un talento muy alto y cuando se juntan ambos, si tienes la suerte de tener un equipo que te acompa\u00f1a alrededor, el \u00e9xito est\u00e1 asegurado. En Lidl-Trek tendr\u00eda el cari\u00f1o y el equipo que quiz\u00e1 encontr\u00f3 a faltar en UAE.<\/p>\n<p data-gtm-element-container=\"modulo-texto-link\" class=\"paragraph\"><strong>Es padre de una ni\u00f1a y un ni\u00f1o, \u00bfle es f\u00e1cil compaginar su trabajo con la familia?<\/strong><\/p>\n<p data-gtm-element-container=\"modulo-texto-link\" class=\"paragraph\">Fui de los primeros en MotoGP que empez\u00f3 a llevar su familia a las carreras. Es la clave. Para m\u00ed, no hay nada m\u00e1s importante que la familia. He tenido mucha suerte de llegar donde he llegado gracias a mi mujer. Llevo con ella desde los 17 a\u00f1os y tengo 36, y si no hubiera hallado una persona a mi lado que entendiera la profesi\u00f3n y me apoyara y creyera en m\u00ed mucho m\u00e1s de lo que yo he cre\u00eddo no estar\u00eda donde estoy. A ella le debo gran parte de mi \u00e9xito.<\/p>\n<p data-gtm-element-container=\"modulo-texto-link\" class=\"paragraph\"><strong>La nutrici\u00f3n en un deportista de \u00e9lite es clave.<\/strong><\/p>\n<p data-gtm-element-container=\"modulo-texto-link\" class=\"paragraph\">Junto a Lidl-Trek somos conscientes de su importancia. Me peso la comida y soy mucho m\u00e1s consciente de los macros, de lo que comes. He cambiado la cantidad de carbohidratos que como en los entrenamientos, antes com\u00eda mucho menos y ahora  mucho m\u00e1s<\/p>\n","protected":false},"excerpt":{"rendered":"\u00bfTuvo que pensarse mucho aceptar la oferta del Lidl-Trek? No, a principios del a\u00f1o pasado estaba dudando entre&hellip;\n","protected":false},"author":2,"featured_media":113896,"comment_status":"","ping_status":"","sticky":false,"template":"","format":"standard","meta":{"footnotes":""},"categories":[273],"tags":[313,312,168,25,24,23,167],"class_list":{"0":"post-113895","1":"post","2":"type-post","3":"status-publish","4":"format-standard","5":"has-post-thumbnail","7":"category-ciclismo","8":"tag-ciclismo","9":"tag-cycling","10":"tag-deportes","11":"tag-es","12":"tag-espana","13":"tag-spain","14":"tag-sports"},"share_on_mastodon":{"url":"","error":""},"_links":{"self":[{"href":"https:\/\/www.europesays.com\/es\/wp-json\/wp\/v2\/posts\/113895","targetHints":{"allow":["GET"]}}],"collection":[{"href":"https:\/\/www.europesays.com\/es\/wp-json\/wp\/v2\/posts"}],"about":[{"href":"https:\/\/www.europesays.com\/es\/wp-json\/wp\/v2\/types\/post"}],"author":[{"embeddable":true,"href":"https:\/\/www.europesays.com\/es\/wp-json\/wp\/v2\/users\/2"}],"replies":[{"embeddable":true,"href":"https:\/\/www.europesays.com\/es\/wp-json\/wp\/v2\/comments?post=113895"}],"version-history":[{"count":0,"href":"https:\/\/www.europesays.com\/es\/wp-json\/wp\/v2\/posts\/113895\/revisions"}],"wp:featuredmedia":[{"embeddable":true,"href":"https:\/\/www.europesays.com\/es\/wp-json\/wp\/v2\/media\/113896"}],"wp:attachment":[{"href":"https:\/\/www.europesays.com\/es\/wp-json\/wp\/v2\/media?parent=113895"}],"wp:term":[{"taxonomy":"category","embeddable":true,"href":"https:\/\/www.europesays.com\/es\/wp-json\/wp\/v2\/categories?post=113895"},{"taxonomy":"post_tag","embeddable":true,"href":"https:\/\/www.europesays.com\/es\/wp-json\/wp\/v2\/tags?post=113895"}],"curies":[{"name":"wp","href":"https:\/\/api.w.org\/{rel}","templated":true}]}}