{"id":113904,"date":"2025-09-14T07:43:08","date_gmt":"2025-09-14T07:43:08","guid":{"rendered":"https:\/\/www.europesays.com\/es\/113904\/"},"modified":"2025-09-14T07:43:08","modified_gmt":"2025-09-14T07:43:08","slug":"john-singer-sargent-pinto-en-mallorca-a-con-su-hermana-emily-hoy-en-el-met","status":"publish","type":"post","link":"https:\/\/www.europesays.com\/es\/113904\/","title":{"rendered":"John Singer Sargent pint\u00f3 en Mallorca a\/con su hermana Emily, hoy en el Met"},"content":{"rendered":"<p class=\"ft-text ft-helper-closenews\">Todo el mundo recuerda los tiempos en que era obligatorio avergonzarse de contemplar incluso de reojo un cuadro aburguesado de<strong> John Singer Sargent<\/strong>. Demasiado bonito, demasiado clasista, demasiado convencional. Por fortuna, la suerte del artista discreto que tanto am\u00f3 y pint\u00f3 a Mallorca se vir\u00f3 en los a\u00f1os noventa, casi un siglo despu\u00e9s de su visita a la isla, para agigantar por ejemplo el m\u00e9rito de su paisaje en el mural de la Biblioteca P\u00fablica de Boston.<\/p>\n<p class=\"ft-text\">Singer Sargent fue absuelto por Dios en persona, que en el mundo art\u00edstico era australiano y con el \u2018nom de guerre\u2019 de <strong>Robert Hughes<\/strong>. El cr\u00edtico emiti\u00f3 uno de sus veredictos categ\u00f3ricos. \u00abSargent ha regresado en los \u00faltimos veinte a\u00f1os, ya vuelve a ser correcto entusiasmarse con \u00e9l\u00bb. Por fin se le perdonaba el perfeccionismo, denigrado por quienes lo confund\u00edan con el preciosismo.<\/p>\n<p class=\"ft-text\">La rehabilitaci\u00f3n del norteamericano es crucial para la consideraci\u00f3n art\u00edstica de Mallorca. En la voluminosa obra colectiva \u2018Sargent en el extranjero, figuras y paisajes\u2019, se puede leer con orgullo insular que \u00ablos viajes de Sargent a Mallorca inspiraron algunas de sus obras m\u00e1s brillantes. Durante sus visitas pint\u00f3 numerosos \u00f3leos, que muestran audaces experimentos con la pintura y el espacio pict\u00f3rico, usando a menudo a ni\u00f1os locales como modelos\u00bb.<\/p>\n<p class=\"ft-text\">La pintura c\u00e9lebre de aquellas estancias responde por \u2018Mosquiteras\u2019, sin duda uno de los t\u00edtulos m\u00e1s extra\u00f1os de la historia del arte. Con sendas redes sobre sus cabezas, que una inspecci\u00f3n casual llegar\u00eda a confundir con aparatosos sombreros, posan Emily Sargent y Eliza Wedgewood, la hermana del artista y su compa\u00f1era de viaje. Entregadas a la lectura, se hallan en Valldemossa, donde prolongaron su estancia durante dos meses de 1908.<\/p>\n<p class=\"ft-text\">Y as\u00ed llega, quiz\u00e1s demasiado tarde, la sorpresa que justifica este art\u00edculo. Porque dentro de un ba\u00fal que no fue descubierto hasta finales del siglo veinte aparecieron medio millar de acuarelas de estilo eminentemente \u2018sargentiano\u2019, salvo que la autora era<strong> Emily Sargent<\/strong>. Esta obra se revaloriz\u00f3 hasta el punto de que se halla repartida por los principales museos del mundo. Por ejemplo, y en la parte que nos corresponde, una obra creada en Mallorca figura en la colecci\u00f3n de la Tate Gallery londinense.<\/p>\n<p class=\"ft-text\">Es decir, John Singer Sargent pint\u00f3 en Mallorca a\/con su hermana Emily. Y este verano se ha inaugurado en el Metropolitan de Nueva York la primera exposici\u00f3n dedicada \u00edntegramente a la artista tard\u00edamente reconocida. En la misma colecci\u00f3n que alberga el proverbial perfil resping\u00f3n de \u2018Madame X\u2019, se ha montado \u2018Emily Sargent: Retrato de una familia\u2019.<\/p>\n<p class=\"ft-text\">Los Sargent han repartido a Mallorca por una veintena de museos estadounidenses, con la isla pintada ahora a dos manos. Ning\u00fan juicio verbal puede igualar al impacto gr\u00e1fico, pero Emily describi\u00f3 su estancia en Valldemossa como \u00abidealmente feliz\u00bb. Se distanciaba as\u00ed de su predecesora art\u00edstica, una tal <strong>George Sand<\/strong>.<\/p>\n<p class=\"ft-text\">Hasta en su momento de mayor gloria, la silenciada Emily Sargent ha tenido que compartir el reconocimiento ganado mediante sus acuarelas con el refuerzo de los cuadros de su hermano. El Metropolitan program\u00f3 a la artista simult\u00e1neamente a \u2018Sargent y Par\u00eds\u2019. El otro Sargent.<\/p>\n<p data-close=\"closedContent\" class=\"subscribeHideForDisplay\">Suscr\u00edbete para seguir leyendo<\/p>\n","protected":false},"excerpt":{"rendered":"Todo el mundo recuerda los tiempos en que era obligatorio avergonzarse de contemplar incluso de reojo un cuadro&hellip;\n","protected":false},"author":2,"featured_media":113905,"comment_status":"","ping_status":"","sticky":false,"template":"","format":"standard","meta":{"footnotes":""},"categories":[173],"tags":[229,233,231,230,209,232,234,146,147,25,24,25472,2457,3873,20961,503,38502,10950,23],"class_list":{"0":"post-113904","1":"post","2":"type-post","3":"status-publish","4":"format-standard","5":"has-post-thumbnail","7":"category-arte-y-diseno","8":"tag-arte","9":"tag-arte-y-diseno","10":"tag-arts","11":"tag-arts-and-design","12":"tag-cultura","13":"tag-design","14":"tag-diseno","15":"tag-entertainment","16":"tag-entretenimiento","17":"tag-es","18":"tag-espana","19":"tag-john","20":"tag-mallorca","21":"tag-museos","22":"tag-pinto","23":"tag-pintura","24":"tag-sargent","25":"tag-singer","26":"tag-spain"},"share_on_mastodon":{"url":"","error":""},"_links":{"self":[{"href":"https:\/\/www.europesays.com\/es\/wp-json\/wp\/v2\/posts\/113904","targetHints":{"allow":["GET"]}}],"collection":[{"href":"https:\/\/www.europesays.com\/es\/wp-json\/wp\/v2\/posts"}],"about":[{"href":"https:\/\/www.europesays.com\/es\/wp-json\/wp\/v2\/types\/post"}],"author":[{"embeddable":true,"href":"https:\/\/www.europesays.com\/es\/wp-json\/wp\/v2\/users\/2"}],"replies":[{"embeddable":true,"href":"https:\/\/www.europesays.com\/es\/wp-json\/wp\/v2\/comments?post=113904"}],"version-history":[{"count":0,"href":"https:\/\/www.europesays.com\/es\/wp-json\/wp\/v2\/posts\/113904\/revisions"}],"wp:featuredmedia":[{"embeddable":true,"href":"https:\/\/www.europesays.com\/es\/wp-json\/wp\/v2\/media\/113905"}],"wp:attachment":[{"href":"https:\/\/www.europesays.com\/es\/wp-json\/wp\/v2\/media?parent=113904"}],"wp:term":[{"taxonomy":"category","embeddable":true,"href":"https:\/\/www.europesays.com\/es\/wp-json\/wp\/v2\/categories?post=113904"},{"taxonomy":"post_tag","embeddable":true,"href":"https:\/\/www.europesays.com\/es\/wp-json\/wp\/v2\/tags?post=113904"}],"curies":[{"name":"wp","href":"https:\/\/api.w.org\/{rel}","templated":true}]}}