{"id":113914,"date":"2025-09-14T07:50:23","date_gmt":"2025-09-14T07:50:23","guid":{"rendered":"https:\/\/www.europesays.com\/es\/113914\/"},"modified":"2025-09-14T07:50:23","modified_gmt":"2025-09-14T07:50:23","slug":"como-vestir-bien-en-entretiempo-con-micro-tendencias","status":"publish","type":"post","link":"https:\/\/www.europesays.com\/es\/113914\/","title":{"rendered":"C\u00f3mo vestir bien en entretiempo con micro tendencias"},"content":{"rendered":"<p data-journey-content=\"true\" data-node-id=\"0\" class=\"css-i9p093 emevuu60\">El <strong data-node-id=\"0.1\"><a href=\"https:\/\/www.elle.com\/es\/moda\/streetstyle\/a33830638\/looks-de-entretiempo-basicos-faciles\/\" data-vars-ga-outbound-link=\"https:\/\/www.elle.com\/es\/moda\/streetstyle\/a33830638\/looks-de-entretiempo-basicos-faciles\/\" data-vars-ga-ux-element=\"Hyperlink\" data-vars-ga-call-to-action=\"entretiempo\" data-node-id=\"0.1.0\" class=\"body-link css-103hk4r emevuu60\" rel=\"nofollow noopener\" target=\"_blank\">entretiempo<\/a><\/strong> es para muchas la etapa m\u00e1s estilosa para vestir, pero para otras muchas, se complica mucho cada ma\u00f1ana el qu\u00e9 ponerse. La clave es sumar b\u00e1sicos que te funcionen con otras <strong data-node-id=\"0.3\">piezas de tendencia o microtendencia de la temporada<\/strong>. Esta de oto\u00f1o viene marcada por los colores marrones, los juegos de capas y superposiciones y muchas prendas que tienen movimiento y textura suficientes como <strong data-node-id=\"0.5\">para crear estilismos deslumbrantes. <\/strong><\/p>\n<p data-journey-content=\"true\" data-node-id=\"1\" class=\"css-i9p093 emevuu60\">Las <strong data-node-id=\"1.1\"><a href=\"https:\/\/www.elle.com\/es\/moda\/tendencias\/a65799589\/estilos-tendencias-de-otono-para-incorporar-y-para-olvidar\/\" data-vars-ga-outbound-link=\"https:\/\/www.elle.com\/es\/moda\/tendencias\/a65799589\/estilos-tendencias-de-otono-para-incorporar-y-para-olvidar\/\" data-vars-ga-ux-element=\"Hyperlink\" data-vars-ga-call-to-action=\"tendencias de oto\u00f1o 2025\" data-node-id=\"1.1.0\" class=\"body-link css-103hk4r emevuu60\" rel=\"nofollow noopener\" target=\"_blank\">tendencias de oto\u00f1o 2025<\/a><\/strong> est\u00e1n ya entre nosotros, y las firmas de moda disponen de los vestidos, cazadoras, zapatos planos, prendas de punto, de ante, accesorios llamativos como bolsos de colores o<strong data-node-id=\"1.3\"> sombreros tipo pilbox<\/strong>. Ahora que comienza la nueva etapa de vuelta a la rutina y el trabajo, te propongo desde aqu\u00ed que <strong data-node-id=\"1.5\">primero busques en tu armario, y cuando sepas qu\u00e9 tienes, te lances a por ese detalle que te apetece integrar en tu d\u00eda a d\u00eda.<\/strong><\/p>\n<p data-journey-content=\"true\" data-node-id=\"2\" class=\"css-i9p093 emevuu60\">Una semana en la que dominar\u00e1n las temperaturas altas a mediod\u00eda pero que por la ma\u00f1ana y la noche te har\u00e1n tener que llevar una manguita, es el momento de sumar verano y oto\u00f1o como <strong data-node-id=\"2.1\">un buen vestido largo bohemio, sandalias planas<\/strong> con una chaqueta de piel de estilo aviador. Otra prenda muy cl\u00e1sica, la falda plisada, se suma a americanas entalladas, pura tendencia de esta temporada,<strong data-node-id=\"2.3\"> sandalias y bolso grande para llevar al trabajo. <\/strong><\/p>\n<p data-journey-content=\"true\" data-node-id=\"4\" class=\"css-i9p093 emevuu60\">Si algo no puede faltarte si eres atrevida es un <strong data-node-id=\"4.1\"><a href=\"https:\/\/www.elle.com\/es\/moda\/streetstyle\/a65247492\/como-combinar-el-pillbox-casquete-de-rafia-tendencia-verano-2025\/\" data-vars-ga-outbound-link=\"https:\/\/www.elle.com\/es\/moda\/streetstyle\/a65247492\/como-combinar-el-pillbox-casquete-de-rafia-tendencia-verano-2025\/\" data-vars-ga-ux-element=\"Hyperlink\" data-vars-ga-call-to-action=\"sombrero tipo pilbox\" data-node-id=\"4.1.0\" class=\"body-link css-103hk4r emevuu60\" rel=\"nofollow noopener\" target=\"_blank\">sombrero tipo pilbox<\/a><\/strong>, para sumar a un estilismo sencillo y que se transforme por completo. Pero si no es as\u00ed, cualquier accesorio que te identifique es perfecto. <strong data-node-id=\"4.3\">Y s\u00ed el final de la semana te motiva, un pantal\u00f1on al que a\u00f1ades el pa\u00f1uelo en la cintura<\/strong> como dictan las expertas y el viernes, pantalones con personalidad y un bolso de color. <strong data-node-id=\"4.5\">Impecable.<\/strong><\/p>\n<p data-journey-content=\"true\" data-node-id=\"5\" class=\"css-i9p093 emevuu60\">Empiezan las rutinas, <strong data-node-id=\"5.1\"><a href=\"https:\/\/www.elle.com\/es\/la-semana-5-looks-tendencias\/\" data-vars-ga-outbound-link=\"https:\/\/www.elle.com\/es\/la-semana-5-looks-tendencias\/\" data-vars-ga-ux-element=\"Hyperlink\" data-vars-ga-call-to-action=\"la semana en 5 looks\" data-node-id=\"5.1.0\" class=\"body-link css-103hk4r emevuu60\" rel=\"nofollow noopener\" target=\"_blank\">la semana en 5 looks<\/a><\/strong> y muchos planes, pero desde aqu\u00ed el mensaje de siempre: q<strong data-node-id=\"5.3\">ue te vistas como quieras, para gustarte a ti y sentirte guapa, segura y poderosa<\/strong>. Feliz semana. <br data-node-id=\"5.5\"\/><\/p>\n<blockquote data-theme-key=\"pullquote\" class=\"css-sihlup e1pe3zr91\">\n<blockquote class=\"css-1x1z34c e1pe3zr90\"><p>LUNES 15 DE SEPTIEMBRE<\/p><\/blockquote>\n<\/blockquote>\n<p><img draggable=\"true\" alt=\"looks de entretiempo\" title=\"Looks de entretiempo\" loading=\"lazy\" width=\"1080\" height=\"1350\" decoding=\"async\" data-nimg=\"1\" style=\"color:transparent;width:100%;height:auto;\"   src=\"https:\/\/www.europesays.com\/es\/wp-content\/uploads\/2025\/09\/la-semana-en-5-looks-15-septiembre-68c597ff27af0.jpg\" class=\"css-0 e1g79fud0\"\/><a target=\"_blank\" rel=\"noopener nofollow\" data-theme-key=\"base-link\" href=\"https:\/\/pinterest.com\/pin\/create\/button\/?url=https:\/\/www.elle.com\/es\/moda\/noticias\/a66079105\/como-vestir-en-entretiempo-con-vestidos-boho-chaquetas-faldas-plisadas-y-zapatos-de-tendencia\/&amp;description=- ElleSpain&amp;media=https:\/\/hips.hearstapps.com\/hmg-prod\/images\/la-semana-en-5-looks-15-septiembre-68c597ff27af0.jpg?resize=1600:*\" class=\"pinterest css-on9hn5 e1c1bym14\"><img decoding=\"async\" data-dynamic-svg=\"true\" src=\"https:\/\/www.elle.com\/_assets\/design-tokens\/fre\/static\/icons\/social\/pinterest.e8cf655.svg?primary=%2523ffffff\" loading=\"lazy\" data-testid=\"dynamic-svg-base\" height=\"auto\" width=\"auto\" alt=\"pinterest\" class=\"css-4lml0h e1mlxuuw1\"\/><\/a><\/p>\n<p>Collage: Ainhoa Ormazabal\/\/Getty Images<\/p>\n<p> LUNES 15 DE SEPTIEMBRE<a target=\"_blank\" rel=\"nofollow noopener\" data-theme-key=\"product-image-wrapper\" href=\"https:\/\/www.awin1.com\/cread.php?awinmid=65036&amp;awinaffid=676225&amp;campaign=&amp;clickref=elles|xid:{xid}&amp;ued=https%3A%2F%2Fwww.stradivarius.com%2Fes%2Fcazadora-oversize-efecto-piel-l05635789%3FcategoryId%3D1020629923%26colorId%3D001%26pelement%3D453899906&amp;platform=pl\" aria-label=\"50\u00a0\u20ac en stradivarius for Cazadora negra\" data-href=\"https:\/\/www.stradivarius.com\/es\/cazadora-oversize-efecto-piel-l05635789?categoryId=1020629923&amp;colorId=001&amp;pelement=453899906\" data-product-url=\"https:\/\/www.stradivarius.com\/es\/cazadora-oversize-efecto-piel-l05635789?categoryId=1020629923&amp;colorId=001&amp;pelement=453899906\" data-affiliate=\"true\" data-affiliate-url=\"https:\/\/www.awin1.com\/cread.php?awinmid=65036&amp;awinaffid=676225&amp;campaign=&amp;clickref=elles|xid:{xid}&amp;ued=https%3A%2F%2Fwww.stradivarius.com%2Fes%2Fcazadora-oversize-efecto-piel-l05635789%3FcategoryId%3D1020629923%26colorId%3D001%26pelement%3D453899906&amp;platform=pl\" data-affiliate-network=\"{&quot;site_id&quot;:&quot;5545cc0d-2c00-4ffe-8b27-aa070fd2db3c&quot;,&quot;metadata&quot;:{&quot;trackonomics&quot;:{&quot;network_name&quot;:&quot;awin&quot;}},&quot;network&quot;:{&quot;name&quot;:&quot;Trackonomics&quot;},&quot;product_metadata&quot;:{&quot;5545cc0d-2c00-4ffe-8b27-aa070fd2db3c&quot;:{&quot;network_name&quot;:&quot;awin&quot;,&quot;link&quot;:&quot;https:\/\/www.awin1.com\/cread.php?awinmid=65036&amp;awinaffid=676225&amp;campaign=&amp;clickref={subid}&amp;ued=https%3A%2F%2Fwww.stradivarius.com%2Fes%2Fcazadora-oversize-efecto-piel-l05635789%3FcategoryId%3D1020629923%26colorId%3D001%26pelement%3D453899906&amp;platform=pl&quot;}},&quot;afflink_redirect&quot;:&quot;\/_p\/afflink\/xvA8\/stradivarius-cazadora-negra&quot;}\" data-vars-ga-call-to-action=\"50\u00a0\u20ac en stradivarius\" data-vars-ga-media-role=\"1\" data-vars-ga-media-type=\"Embedded Gallery List\" data-vars-ga-outbound-link=\"https:\/\/www.stradivarius.com\/es\/cazadora-oversize-efecto-piel-l05635789?categoryId=1020629923&amp;colorId=001&amp;pelement=453899906\" data-vars-ga-product-brand=\"Stradivarius\" data-vars-ga-product-id=\"fbc8679d-88f8-4f8e-a6b2-8ca84f9c4275\" data-vars-ga-product-price=\"49,99\u00a0\u20ac\" data-vars-ga-product-retailer-id=\"a230d0bd-7164-4395-8386-21d54e3e377b\" data-vars-ga-product-sem3-brand=\"Stradivarius\" data-vars-ga-gallery-display=\"list\" data-vars-ga-link-treatment=\"(not set) | (not set)\" class=\"product-image-link ebgq4gw2 e1b8bpvs0 css-g6od0w e1c1bym14\"><img  alt=\"Cazadora negra\" title=\"Cazadora negra\" src=\"https:\/\/www.europesays.com\/es\/wp-content\/uploads\/2025\/09\/1757778167-lunes-15-de-septiembre-chaqueta-stradivarius-68c5908292ba2.jpg\" width=\"1630\" height=\"2446\" decoding=\"async\" loading=\"lazy\"\/><\/a>Stradivarius Cazadora negraCr\u00e9dito: Stradivarius<a target=\"_blank\" rel=\"nofollow noopener\" data-theme-key=\"product-image-wrapper\" href=\"https:\/\/www.zalando.es\/new-look-vestido-largo-mid-pink-nl021c26l-k11.html?ssku=NL021C26L-K110014000&amp;lang=es&amp;otid=default&amp;wmc=SEM340_NB_GO._3922365855_680653101_35177162592.&amp;opc=2211&amp;mpp=google|v1||pla-297546631617||9061036||g|c||149809974124||pla|NL021C26L-K110014000|297546631617|1|&amp;gclsrc=aw.ds&amp;gad_source=1&amp;gad_campaignid=680653101&amp;gbraid=0AAAAADM16e6DAvoX7DqQ78huclwvABarm&amp;gclid=Cj0KCQjww4TGBhCKARIsAFLXndSXJ0ffsl7uN5uNDferC8qflSXgHehq3J8PwsFQXmTl-M_GyZ22-XkaAvgWEALw_wcB\" aria-label=\"48\u00a0\u20ac en zalando for Vestido boho\" data-href=\"https:\/\/www.zalando.es\/new-look-vestido-largo-mid-pink-nl021c26l-k11.html?ssku=NL021C26L-K110014000&amp;lang=es&amp;otid=default&amp;wmc=SEM340_NB_GO._3922365855_680653101_35177162592.&amp;opc=2211&amp;mpp=google|v1||pla-297546631617||9061036||g|c||149809974124||pla|NL021C26L-K110014000|297546631617|1|&amp;gclsrc=aw.ds&amp;gad_source=1&amp;gad_campaignid=680653101&amp;gbraid=0AAAAADM16e6DAvoX7DqQ78huclwvABarm&amp;gclid=Cj0KCQjww4TGBhCKARIsAFLXndSXJ0ffsl7uN5uNDferC8qflSXgHehq3J8PwsFQXmTl-M_GyZ22-XkaAvgWEALw_wcB\" data-product-url=\"https:\/\/www.zalando.es\/new-look-vestido-largo-mid-pink-nl021c26l-k11.html?ssku=NL021C26L-K110014000&amp;lang=es&amp;otid=default&amp;wmc=SEM340_NB_GO._3922365855_680653101_35177162592.&amp;opc=2211&amp;mpp=google|v1||pla-297546631617||9061036||g|c||149809974124||pla|NL021C26L-K110014000|297546631617|1|&amp;gclsrc=aw.ds&amp;gad_source=1&amp;gad_campaignid=680653101&amp;gbraid=0AAAAADM16e6DAvoX7DqQ78huclwvABarm&amp;gclid=Cj0KCQjww4TGBhCKARIsAFLXndSXJ0ffsl7uN5uNDferC8qflSXgHehq3J8PwsFQXmTl-M_GyZ22-XkaAvgWEALw_wcB\" data-affiliate=\"false\" data-affiliate-network=\"\" data-vars-ga-call-to-action=\"48\u00a0\u20ac en zalando\" data-vars-ga-media-role=\"1\" data-vars-ga-media-type=\"Embedded Gallery List\" data-vars-ga-outbound-link=\"https:\/\/www.zalando.es\/new-look-vestido-largo-mid-pink-nl021c26l-k11.html?ssku=NL021C26L-K110014000&amp;lang=es&amp;otid=default&amp;wmc=SEM340_NB_GO._3922365855_680653101_35177162592.&amp;opc=2211&amp;mpp=google|v1||pla-297546631617||9061036||g|c||149809974124||pla|NL021C26L-K110014000|297546631617|1|&amp;gclsrc=aw.ds&amp;gad_source=1&amp;gad_campaignid=680653101&amp;gbraid=0AAAAADM16e6DAvoX7DqQ78huclwvABarm&amp;gclid=Cj0KCQjww4TGBhCKARIsAFLXndSXJ0ffsl7uN5uNDferC8qflSXgHehq3J8PwsFQXmTl-M_GyZ22-XkaAvgWEALw_wcB\" data-vars-ga-product-brand=\"New Look\" data-vars-ga-product-id=\"3b0345ae-d367-43e7-a1e3-5cc06b87a1f7\" data-vars-ga-product-price=\"47,99\u00a0\u20ac\" data-vars-ga-product-retailer-id=\"5e1e95b9-1e0f-498f-8e57-baf74cc5aed4\" data-vars-ga-product-sem3-brand=\"New Look\" data-vars-ga-gallery-display=\"list\" data-vars-ga-link-treatment=\"(not set) | (not set)\" class=\"product-image-link ebgq4gw2 e1b8bpvs0 css-g6od0w e1c1bym14\" data-><img  alt=\"Vestido boho\" title=\"Vestido boho\" src=\"https:\/\/www.europesays.com\/es\/wp-content\/uploads\/2025\/09\/1757778038-lunes-15-de-septiembre-vestido-de-zalando-68c5904a5709a.jpg\" width=\"734\" height=\"1100\" decoding=\"async\" loading=\"lazy\"\/><\/a>New Look Vestido bohoCr\u00e9dito: Zalando<a target=\"_blank\" rel=\"nofollow noopener\" data-theme-key=\"product-image-wrapper\" href=\"https:\/\/www.parfois.com\/es\/es\/bolsos\/bolsos-de-hombro\/bolso-de-hombro-grabado-animal\/240629_BKM.html?utm_source=google&amp;utm_medium=cpc&amp;utm_campaign=am_es_shopping_mof_ssh-all_prs_prf&amp;utm_id=21056183751&amp;gad_source=1&amp;gad_campaignid=21056183751&amp;gbraid=0AAAAADGZ8NJA1A6Sqx2UrwBXWyVOxl6Qc&amp;gclid=Cj0KCQjwrJTGBhCbARIsANFBfgvWYt9fP5X3XLHVVjnY1IU_zItqnTKmr1e0_HhZIW6Vadwlb85RzMkaAuRzEALw_wcB\" aria-label=\"26\u00a0\u20ac en parfois for Bolso negro\" data-href=\"https:\/\/www.parfois.com\/es\/es\/bolsos\/bolsos-de-hombro\/bolso-de-hombro-grabado-animal\/240629_BKM.html?utm_source=google&amp;utm_medium=cpc&amp;utm_campaign=am_es_shopping_mof_ssh-all_prs_prf&amp;utm_id=21056183751&amp;gad_source=1&amp;gad_campaignid=21056183751&amp;gbraid=0AAAAADGZ8NJA1A6Sqx2UrwBXWyVOxl6Qc&amp;gclid=Cj0KCQjwrJTGBhCbARIsANFBfgvWYt9fP5X3XLHVVjnY1IU_zItqnTKmr1e0_HhZIW6Vadwlb85RzMkaAuRzEALw_wcB\" data-product-url=\"https:\/\/www.parfois.com\/es\/es\/bolsos\/bolsos-de-hombro\/bolso-de-hombro-grabado-animal\/240629_BKM.html?utm_source=google&amp;utm_medium=cpc&amp;utm_campaign=am_es_shopping_mof_ssh-all_prs_prf&amp;utm_id=21056183751&amp;gad_source=1&amp;gad_campaignid=21056183751&amp;gbraid=0AAAAADGZ8NJA1A6Sqx2UrwBXWyVOxl6Qc&amp;gclid=Cj0KCQjwrJTGBhCbARIsANFBfgvWYt9fP5X3XLHVVjnY1IU_zItqnTKmr1e0_HhZIW6Vadwlb85RzMkaAuRzEALw_wcB\" data-affiliate=\"false\" data-affiliate-network=\"\" data-vars-ga-call-to-action=\"26\u00a0\u20ac en parfois\" data-vars-ga-media-role=\"1\" data-vars-ga-media-type=\"Embedded Gallery List\" data-vars-ga-outbound-link=\"https:\/\/www.parfois.com\/es\/es\/bolsos\/bolsos-de-hombro\/bolso-de-hombro-grabado-animal\/240629_BKM.html?utm_source=google&amp;utm_medium=cpc&amp;utm_campaign=am_es_shopping_mof_ssh-all_prs_prf&amp;utm_id=21056183751&amp;gad_source=1&amp;gad_campaignid=21056183751&amp;gbraid=0AAAAADGZ8NJA1A6Sqx2UrwBXWyVOxl6Qc&amp;gclid=Cj0KCQjwrJTGBhCbARIsANFBfgvWYt9fP5X3XLHVVjnY1IU_zItqnTKmr1e0_HhZIW6Vadwlb85RzMkaAuRzEALw_wcB\" data-vars-ga-product-brand=\"Parfois\" data-vars-ga-product-id=\"9df5e6e2-5e2a-43eb-923c-c87e51b52b20\" data-vars-ga-product-price=\"25,99\u00a0\u20ac\" data-vars-ga-product-retailer-id=\"6e13a6e2-2cbf-4af6-be11-45a4c10ff2ff\" data-vars-ga-product-sem3-brand=\"Parfois\" data-vars-ga-gallery-display=\"list\" data-vars-ga-link-treatment=\"(not set) | (not set)\" class=\"product-image-link ebgq4gw2 e1b8bpvs0 css-g6od0w e1c1bym14\" data-><img  alt=\"Bolso negro\" title=\"Bolso negro\" src=\"https:\/\/www.europesays.com\/es\/wp-content\/uploads\/2025\/09\/1757778356-lunes-15-de-septiembre-bolso-de-parfois-copia-68c591851503d.jpg\" width=\"1961\" height=\"2942\" decoding=\"async\" loading=\"lazy\"\/><\/a>Parfois Bolso negroCr\u00e9dito: Parfois<a target=\"_blank\" rel=\"nofollow noopener\" data-theme-key=\"product-image-wrapper\" href=\"https:\/\/go.redirectingat.com?id=86370X1578079&amp;url=https%3A%2F%2Fwww2.hm.com%2Fes_es%2Fproductpage.1274483002.html\" aria-label=\"20\u00a0\u20ac en H&amp;M for Sandalias planas\" data-href=\"https:\/\/www2.hm.com\/es_es\/productpage.1274483002.html\" data-product-url=\"https:\/\/www2.hm.com\/es_es\/productpage.1274483002.html\" data-affiliate=\"true\" data-affiliate-url=\"https:\/\/go.redirectingat.com?id=86370X1578079&amp;url=https%3A%2F%2Fwww2.hm.com%2Fes_es%2Fproductpage.1274483002.html\" data-affiliate-network=\"{&quot;site_id&quot;:&quot;5545cc0d-2c00-4ffe-8b27-aa070fd2db3c&quot;,&quot;metadata&quot;:null,&quot;network&quot;:{&quot;name&quot;:&quot;Skimlinks&quot;},&quot;product_metadata&quot;:null,&quot;afflink_redirect&quot;:&quot;\/_p\/afflink\/xvA9\/hm-sandalias-planas&quot;}\" data-vars-ga-call-to-action=\"20\u00a0\u20ac en H&amp;M\" data-vars-ga-media-role=\"1\" data-vars-ga-media-type=\"Embedded Gallery List\" data-vars-ga-outbound-link=\"https:\/\/www2.hm.com\/es_es\/productpage.1274483002.html\" data-vars-ga-product-brand=\"H&amp;M\" data-vars-ga-product-id=\"44b05886-224a-419e-8cf7-78017485de88\" data-vars-ga-product-price=\"19,99\u00a0\u20ac\" data-vars-ga-product-retailer-id=\"83c24d8e-e6d2-497d-9773-c199471334e9\" data-vars-ga-product-sem3-brand=\"H&amp;M\" data-vars-ga-gallery-display=\"list\" data-vars-ga-link-treatment=\"(not set) | (not set)\" class=\"product-image-link ebgq4gw2 e1b8bpvs0 css-g6od0w e1c1bym14\"><img  alt=\"Sandalias planas\" title=\"Sandalias planas\" src=\"https:\/\/www.europesays.com\/es\/wp-content\/uploads\/2025\/09\/1757778297-lunes-15-de-septiembre-sandalias-de-hym-copia-68c59104ee701.jpg\" width=\"2333\" height=\"3500\" decoding=\"async\" loading=\"lazy\"\/><\/a>H&amp;M Sandalias planasCr\u00e9dito: H&amp;M<\/p>\n<blockquote data-theme-key=\"pullquote\" class=\"css-sihlup e1pe3zr91\">\n<blockquote class=\"css-1x1z34c e1pe3zr90\"><p>MARTES 16 DE SEPTIEMBRE<\/p><\/blockquote>\n<\/blockquote>\n<p> <img draggable=\"true\" alt=\"looks de entretiempo\" title=\"Looks de entretiempo\" loading=\"lazy\" width=\"1080\" height=\"1350\" decoding=\"async\" data-nimg=\"1\" style=\"color:transparent;width:100%;height:auto;\"   src=\"https:\/\/www.europesays.com\/es\/wp-content\/uploads\/2025\/09\/la-semana-en-5-looks-15-septiembre2-68c598383dfc7.jpg\" class=\"css-0 e1g79fud0\"\/><a target=\"_blank\" rel=\"noopener nofollow\" data-theme-key=\"base-link\" href=\"https:\/\/pinterest.com\/pin\/create\/button\/?url=https:\/\/www.elle.com\/es\/moda\/noticias\/a66079105\/como-vestir-en-entretiempo-con-vestidos-boho-chaquetas-faldas-plisadas-y-zapatos-de-tendencia\/&amp;description=- ElleSpain&amp;media=https:\/\/hips.hearstapps.com\/hmg-prod\/images\/la-semana-en-5-looks-15-septiembre2-68c598383dfc7.jpg?resize=1600:*\" class=\"pinterest css-on9hn5 e1c1bym14\"><img decoding=\"async\" data-dynamic-svg=\"true\" src=\"https:\/\/www.elle.com\/_assets\/design-tokens\/fre\/static\/icons\/social\/pinterest.e8cf655.svg?primary=%2523ffffff\" loading=\"lazy\" data-testid=\"dynamic-svg-base\" height=\"auto\" width=\"auto\" alt=\"pinterest\" class=\"css-4lml0h e1mlxuuw1\"\/><\/a><\/p>\n<p>Collage: Ainhoa Ormazabal\/\/Getty Images<\/p>\n<p> MARTES 16 DE SEPTIEMBRE<a target=\"_blank\" rel=\"nofollow noopener\" data-theme-key=\"product-image-wrapper\" href=\"https:\/\/go.redirectingat.com?id=86370X1578079&amp;url=https%3A%2F%2Fwww2.hm.com%2Fes_es%2Fproductpage.1292332001.html\" aria-label=\"45\u00a0\u20ac en H&amp;M for Blazer beige\" data-href=\"https:\/\/www2.hm.com\/es_es\/productpage.1292332001.html\" data-product-url=\"https:\/\/www2.hm.com\/es_es\/productpage.1292332001.html\" data-affiliate=\"true\" data-affiliate-url=\"https:\/\/go.redirectingat.com?id=86370X1578079&amp;url=https%3A%2F%2Fwww2.hm.com%2Fes_es%2Fproductpage.1292332001.html\" data-affiliate-network=\"{&quot;site_id&quot;:&quot;5545cc0d-2c00-4ffe-8b27-aa070fd2db3c&quot;,&quot;metadata&quot;:null,&quot;network&quot;:{&quot;name&quot;:&quot;Skimlinks&quot;},&quot;product_metadata&quot;:null,&quot;afflink_redirect&quot;:&quot;\/_p\/afflink\/xvAB\/hm-blazer-beige&quot;}\" data-vars-ga-call-to-action=\"45\u00a0\u20ac en H&amp;M\" data-vars-ga-media-role=\"1\" data-vars-ga-media-type=\"Embedded Gallery List\" data-vars-ga-outbound-link=\"https:\/\/www2.hm.com\/es_es\/productpage.1292332001.html\" data-vars-ga-product-brand=\"H&amp;M\" data-vars-ga-product-id=\"b5b25620-dcef-463a-8b02-1cbb52f5c4b9\" data-vars-ga-product-price=\"44,99\u00a0\u20ac\" data-vars-ga-product-retailer-id=\"bc76046c-14ad-4ecc-af42-c7be34d3e1a2\" data-vars-ga-product-sem3-brand=\"H&amp;M\" data-vars-ga-gallery-display=\"list\" data-vars-ga-link-treatment=\"(not set) | (not set)\" class=\"product-image-link ebgq4gw2 e1b8bpvs0 css-g6od0w e1c1bym14\"><img  alt=\"Blazer beige\" title=\"Blazer beige\" src=\"https:\/\/www.europesays.com\/es\/wp-content\/uploads\/2025\/09\/1757778444-martes-16-de-septiembre-americana-de-hym-68c591d87ca4b.jpg\" width=\"1333\" height=\"2000\" decoding=\"async\" loading=\"lazy\"\/><\/a>H&amp;M Blazer beigeCr\u00e9dito: H&amp;M<a target=\"_blank\" rel=\"nofollow noopener\" data-theme-key=\"product-image-wrapper\" href=\"https:\/\/go.redirectingat.com?id=86370X1578079&amp;url=https%3A%2F%2Fwww2.hm.com%2Fes_es%2Fproductpage.1300646003.html\" aria-label=\"45\u00a0\u20ac en H&amp;M for Falda plisada\" data-href=\"https:\/\/www2.hm.com\/es_es\/productpage.1300646003.html\" data-product-url=\"https:\/\/www2.hm.com\/es_es\/productpage.1300646003.html\" data-affiliate=\"true\" data-affiliate-url=\"https:\/\/go.redirectingat.com?id=86370X1578079&amp;url=https%3A%2F%2Fwww2.hm.com%2Fes_es%2Fproductpage.1300646003.html\" data-affiliate-network=\"{&quot;site_id&quot;:&quot;5545cc0d-2c00-4ffe-8b27-aa070fd2db3c&quot;,&quot;metadata&quot;:null,&quot;network&quot;:{&quot;name&quot;:&quot;Skimlinks&quot;},&quot;product_metadata&quot;:null,&quot;afflink_redirect&quot;:&quot;\/_p\/afflink\/xvAC\/hm-falda-plisada&quot;}\" data-vars-ga-call-to-action=\"45\u00a0\u20ac en H&amp;M\" data-vars-ga-media-role=\"1\" data-vars-ga-media-type=\"Embedded Gallery List\" data-vars-ga-outbound-link=\"https:\/\/www2.hm.com\/es_es\/productpage.1300646003.html\" data-vars-ga-product-brand=\"H&amp;M\" data-vars-ga-product-id=\"1472d57f-2ed1-4557-9eb8-9e02a14554bf\" data-vars-ga-product-price=\"44,99\u00a0\u20ac\" data-vars-ga-product-retailer-id=\"9e174bd1-ff14-4a6c-a056-64c50125ece0\" data-vars-ga-product-sem3-brand=\"H&amp;M\" data-vars-ga-gallery-display=\"list\" data-vars-ga-link-treatment=\"(not set) | (not set)\" class=\"product-image-link ebgq4gw2 e1b8bpvs0 css-g6od0w e1c1bym14\"><img  alt=\"Falda plisada\" title=\"Falda plisada\" src=\"https:\/\/www.europesays.com\/es\/wp-content\/uploads\/2025\/09\/1757778497-martes-16-de-septiembre-falda-de-hym-68c5921642a3d.jpg\" width=\"2333\" height=\"3500\" decoding=\"async\" loading=\"lazy\"\/><\/a>H&amp;M Falda plisadaCr\u00e9dito: H&amp;M<a target=\"_blank\" rel=\"nofollow noopener\" data-theme-key=\"product-image-wrapper\" href=\"https:\/\/www.zara.com\/es\/es\/sandalia-plana-serraje-aplique-p13615510.html?v1=452739791\" aria-label=\"20\u00a0\u20ac en ZARA for Sandalias planas\" data-href=\"https:\/\/www.zara.com\/es\/es\/sandalia-plana-serraje-aplique-p13615510.html?v1=452739791\" data-product-url=\"https:\/\/www.zara.com\/es\/es\/sandalia-plana-serraje-aplique-p13615510.html?v1=452739791\" data-affiliate=\"false\" data-affiliate-network=\"\" data-vars-ga-call-to-action=\"20\u00a0\u20ac en ZARA\" data-vars-ga-media-role=\"1\" data-vars-ga-media-type=\"Embedded Gallery List\" data-vars-ga-outbound-link=\"https:\/\/www.zara.com\/es\/es\/sandalia-plana-serraje-aplique-p13615510.html?v1=452739791\" data-vars-ga-product-brand=\"Zara\" data-vars-ga-product-id=\"fcf410a7-302f-49d2-b097-c529cf8c991e\" data-vars-ga-product-price=\"19,99\u00a0\u20ac\" data-vars-ga-product-retailer-id=\"cd43ec83-2f60-4b84-8f9e-3ba0c0941504\" data-vars-ga-product-sem3-brand=\"Zara\" data-vars-ga-gallery-display=\"list\" data-vars-ga-link-treatment=\"(not set) | (not set)\" class=\"product-image-link ebgq4gw2 e1b8bpvs0 css-g6od0w e1c1bym14\" data-><img  alt=\"Sandalias planas\" title=\"Sandalias planas\" src=\"https:\/\/www.europesays.com\/es\/wp-content\/uploads\/2025\/09\/1757778536-martes-16-de-septiembre-sandalias-de-zara-68c5924b82de1.jpg\" width=\"2046\" height=\"3071\" decoding=\"async\" loading=\"lazy\"\/><\/a>Zara Sandalias planasCr\u00e9dito: Zara<a target=\"_blank\" rel=\"nofollow noopener\" data-theme-key=\"product-image-wrapper\" href=\"https:\/\/paris64.com\/collections\/bolsos\/products\/fleur-rafia-chocolate\" aria-label=\"429\u00a0\u20ac en paris64 for Bolso bicolor\" data-href=\"https:\/\/paris64.com\/collections\/bolsos\/products\/fleur-rafia-chocolate\" data-product-url=\"https:\/\/paris64.com\/collections\/bolsos\/products\/fleur-rafia-chocolate\" data-affiliate=\"false\" data-affiliate-network=\"\" data-vars-ga-call-to-action=\"429\u00a0\u20ac en paris64\" data-vars-ga-media-role=\"1\" data-vars-ga-media-type=\"Embedded Gallery List\" data-vars-ga-outbound-link=\"https:\/\/paris64.com\/collections\/bolsos\/products\/fleur-rafia-chocolate\" data-vars-ga-product-brand=\"Par\u00eds\/64\" data-vars-ga-product-id=\"0c591ca2-a584-458e-89c2-beb3dce1d780\" data-vars-ga-product-price=\"429,00\u00a0\u20ac\" data-vars-ga-product-retailer-id=\"13a4c452-634c-40b3-a62f-7053a3018ff5\" data-vars-ga-product-sem3-brand=\"Par\u00eds\/64\" data-vars-ga-gallery-display=\"list\" data-vars-ga-link-treatment=\"(not set) | (not set)\" class=\"product-image-link ebgq4gw2 e1b8bpvs0 css-g6od0w e1c1bym14\" data-><img  alt=\"Bolso bicolor\" title=\"Bolso bicolor\" src=\"https:\/\/www.europesays.com\/es\/wp-content\/uploads\/2025\/09\/1757778602-paris64-68c5927267551.jpg\" width=\"492\" height=\"738\" decoding=\"async\" loading=\"lazy\"\/><\/a>Par\u00eds\/64 Bolso bicolorCr\u00e9dito: Par\u00eds\/64<\/p>\n<blockquote data-theme-key=\"pullquote\" class=\"css-sihlup e1pe3zr91\">\n<blockquote class=\"css-1x1z34c e1pe3zr90\"><p>MI\u00c9RCOLES 17 DE SEPTIEMBRE<\/p><\/blockquote>\n<\/blockquote>\n<p> <img draggable=\"true\" alt=\"looks de entretiempo\" title=\"Looks de entretiempo\" loading=\"lazy\" width=\"1080\" height=\"1350\" decoding=\"async\" data-nimg=\"1\" style=\"color:transparent;width:100%;height:auto;\"   src=\"https:\/\/www.europesays.com\/es\/wp-content\/uploads\/2025\/09\/la-semana-en-5-looks-15-septiembre3-68c59862ac6e6.jpg\" class=\"css-0 e1g79fud0\"\/><a target=\"_blank\" rel=\"noopener nofollow\" data-theme-key=\"base-link\" href=\"https:\/\/pinterest.com\/pin\/create\/button\/?url=https:\/\/www.elle.com\/es\/moda\/noticias\/a66079105\/como-vestir-en-entretiempo-con-vestidos-boho-chaquetas-faldas-plisadas-y-zapatos-de-tendencia\/&amp;description=- ElleSpain&amp;media=https:\/\/hips.hearstapps.com\/hmg-prod\/images\/la-semana-en-5-looks-15-septiembre3-68c59862ac6e6.jpg?resize=1600:*\" class=\"pinterest css-on9hn5 e1c1bym14\"><img decoding=\"async\" data-dynamic-svg=\"true\" src=\"https:\/\/www.elle.com\/_assets\/design-tokens\/fre\/static\/icons\/social\/pinterest.e8cf655.svg?primary=%2523ffffff\" loading=\"lazy\" data-testid=\"dynamic-svg-base\" height=\"auto\" width=\"auto\" alt=\"pinterest\" class=\"css-4lml0h e1mlxuuw1\"\/><\/a><\/p>\n<p>Collage: Ainhoa Ormazabal\/\/Getty Images<\/p>\n<p> MI\u00c9RCOLES 17 DE SEPTIEMBRE<a target=\"_blank\" rel=\"nofollow noopener\" data-theme-key=\"product-image-wrapper\" href=\"https:\/\/maisonola.com\/le-chapeau\/p\/le-marin-naturel\" aria-label=\"225\u00a0\u20ac en maisonola for Pilbox de rafia\" data-href=\"https:\/\/maisonola.com\/le-chapeau\/p\/le-marin-naturel\" data-product-url=\"https:\/\/maisonola.com\/le-chapeau\/p\/le-marin-naturel\" data-affiliate=\"false\" data-affiliate-network=\"\" data-vars-ga-call-to-action=\"225\u00a0\u20ac en maisonola\" data-vars-ga-media-role=\"1\" data-vars-ga-media-type=\"Embedded Gallery List\" data-vars-ga-outbound-link=\"https:\/\/maisonola.com\/le-chapeau\/p\/le-marin-naturel\" data-vars-ga-product-brand=\"OLA\" data-vars-ga-product-id=\"ccdf2a04-f163-440b-a712-8b1bf7edb898\" data-vars-ga-product-price=\"225,00\u00a0\u20ac\" data-vars-ga-product-retailer-id=\"87716266-2788-4c7d-bf9c-d92d399a748b\" data-vars-ga-product-sem3-brand=\"OLA\" data-vars-ga-gallery-display=\"list\" data-vars-ga-link-treatment=\"(not set) | (not set)\" class=\"product-image-link ebgq4gw2 e1b8bpvs0 css-g6od0w e1c1bym14\" data-><img  alt=\"Pilbox de rafia\" title=\"Pilbox de rafia\" src=\"https:\/\/www.europesays.com\/es\/wp-content\/uploads\/2025\/09\/1757778893-miercoles-17-de-septiembre-pilbox-de-maison-ola-68c593908bf48.jpg\" width=\"1151\" height=\"1726\" decoding=\"async\" loading=\"lazy\"\/><\/a>OLA Pilbox de rafiaCr\u00e9dito: OLA<a target=\"_blank\" rel=\"nofollow noopener\" data-theme-key=\"product-image-wrapper\" href=\"https:\/\/www.zalando.es\/vila-visema-balloon-top-black-v1021e31q-q11.html\" aria-label=\"27\u00a0\u20ac en zalando for Top peplum\" data-href=\"https:\/\/www.zalando.es\/vila-visema-balloon-top-black-v1021e31q-q11.html\" data-product-url=\"https:\/\/www.zalando.es\/vila-visema-balloon-top-black-v1021e31q-q11.html\" data-affiliate=\"false\" data-affiliate-network=\"\" data-vars-ga-call-to-action=\"27\u00a0\u20ac en zalando\" data-vars-ga-media-role=\"1\" data-vars-ga-media-type=\"Embedded Gallery List\" data-vars-ga-outbound-link=\"https:\/\/www.zalando.es\/vila-visema-balloon-top-black-v1021e31q-q11.html\" data-vars-ga-product-brand=\"Vila\" data-vars-ga-product-id=\"1ea40606-605b-4d8f-b1c9-858fe4de489b\" data-vars-ga-product-price=\"26,95\u00a0\u20ac\" data-vars-ga-product-retailer-id=\"1a385ac0-0bfb-4709-8f5b-ad0efe89238e\" data-vars-ga-product-sem3-brand=\"Vila\" data-vars-ga-gallery-display=\"list\" data-vars-ga-link-treatment=\"(not set) | (not set)\" class=\"product-image-link ebgq4gw2 e1b8bpvs0 css-g6od0w e1c1bym14\" data-><img  alt=\"Top peplum\" title=\"Top peplum\" src=\"https:\/\/www.europesays.com\/es\/wp-content\/uploads\/2025\/09\/1757778699-miercoles-17-de-septiembre-top-pelum-zalando-68c592d0ac63b.jpg\" width=\"1733\" height=\"2600\" decoding=\"async\" loading=\"lazy\"\/><\/a>Vila Top peplumCr\u00e9dito: Zalando<a target=\"_blank\" rel=\"nofollow noopener\" data-theme-key=\"product-image-wrapper\" href=\"https:\/\/go.redirectingat.com?id=86370X1578079&amp;url=https%3A%2F%2Fwww.stories.com%2Fes-es%2Fproduct%2Fcow-print-leather-tote-beige-zebra-1281918004%2F\" aria-label=\"159\u00a0\u20ac en Stories for Bolso de cebra\" data-href=\"https:\/\/www.stories.com\/es-es\/product\/cow-print-leather-tote-beige-zebra-1281918004\/\" data-product-url=\"https:\/\/www.stories.com\/es-es\/product\/cow-print-leather-tote-beige-zebra-1281918004\/\" data-affiliate=\"true\" data-affiliate-url=\"https:\/\/go.redirectingat.com?id=86370X1578079&amp;url=https%3A%2F%2Fwww.stories.com%2Fes-es%2Fproduct%2Fcow-print-leather-tote-beige-zebra-1281918004%2F\" data-affiliate-network=\"{&quot;site_id&quot;:&quot;5545cc0d-2c00-4ffe-8b27-aa070fd2db3c&quot;,&quot;metadata&quot;:null,&quot;network&quot;:{&quot;name&quot;:&quot;Skimlinks&quot;},&quot;product_metadata&quot;:null,&quot;afflink_redirect&quot;:&quot;\/_p\/afflink\/xvAJ\/stories-bolso-de-cebra&quot;}\" data-vars-ga-call-to-action=\"159\u00a0\u20ac en Stories\" data-vars-ga-media-role=\"1\" data-vars-ga-media-type=\"Embedded Gallery List\" data-vars-ga-outbound-link=\"https:\/\/www.stories.com\/es-es\/product\/cow-print-leather-tote-beige-zebra-1281918004\/\" data-vars-ga-product-brand=\"&amp;OtherStories\" data-vars-ga-product-id=\"98546157-f143-44bd-b25d-3aa5c3ba1419\" data-vars-ga-product-price=\"159,00\u00a0\u20ac\" data-vars-ga-product-retailer-id=\"e3bab941-e403-4168-bacd-24fdf601cee2\" data-vars-ga-product-sem3-brand=\"&amp;OtherStories\" data-vars-ga-gallery-display=\"list\" data-vars-ga-link-treatment=\"(not set) | (not set)\" class=\"product-image-link ebgq4gw2 e1b8bpvs0 css-g6od0w e1c1bym14\"><img  alt=\"Bolso de cebra\" title=\"Bolso de cebra\" src=\"https:\/\/www.europesays.com\/es\/wp-content\/uploads\/2025\/09\/1757778963-miercoles-17-de-septiembre-bolso-another-stories-68c593e31f609.jpg\" width=\"2530\" height=\"3796\" decoding=\"async\" loading=\"lazy\"\/><\/a>&amp;OtherStories Bolso de cebraCr\u00e9dito: &amp;OtherStories<a target=\"_blank\" rel=\"nofollow noopener\" data-theme-key=\"product-image-wrapper\" href=\"https:\/\/www.zara.com\/es\/es\/pantalon-recto-rustico-p01058162.html?v1=468313831\" aria-label=\"20\u00a0\u20ac en ZARA for Pantal\u00f3n de rayas\" data-href=\"https:\/\/www.zara.com\/es\/es\/pantalon-recto-rustico-p01058162.html?v1=468313831\" data-product-url=\"https:\/\/www.zara.com\/es\/es\/pantalon-recto-rustico-p01058162.html?v1=468313831\" data-affiliate=\"false\" data-affiliate-network=\"\" data-vars-ga-call-to-action=\"20\u00a0\u20ac en ZARA\" data-vars-ga-media-role=\"1\" data-vars-ga-media-type=\"Embedded Gallery List\" data-vars-ga-outbound-link=\"https:\/\/www.zara.com\/es\/es\/pantalon-recto-rustico-p01058162.html?v1=468313831\" data-vars-ga-product-brand=\"Zara\" data-vars-ga-product-id=\"850d6f1b-2cdf-4da4-9940-fbf222810dd6\" data-vars-ga-product-price=\"19,95\u00a0\u20ac\" data-vars-ga-product-retailer-id=\"e1fdb149-e75c-4272-bbcc-d7aafacc24e8\" data-vars-ga-product-sem3-brand=\"Zara\" data-vars-ga-gallery-display=\"list\" data-vars-ga-link-treatment=\"(not set) | (not set)\" class=\"product-image-link ebgq4gw2 e1b8bpvs0 css-g6od0w e1c1bym14\" data-><img  alt=\"Pantal\u00f3n de rayas\" title=\"Pantal\u00f3n de rayas\" src=\"https:\/\/www.europesays.com\/es\/wp-content\/uploads\/2025\/09\/1757778809-miercoles-17-de-septiembre-pantalones-de-zara-68c5931acb28b.jpg\" width=\"1266\" height=\"1898\" decoding=\"async\" loading=\"lazy\"\/><\/a>Zara Pantal\u00f3n de rayasCr\u00e9dito: Zara<\/p>\n<blockquote data-theme-key=\"pullquote\" class=\"css-sihlup e1pe3zr91\">\n<blockquote class=\"css-1x1z34c e1pe3zr90\"><p>JUEVES 18 DE SEPTIEMBRE<\/p><\/blockquote>\n<\/blockquote>\n<p> <img draggable=\"true\" alt=\"looks de entretiempo\" title=\"Looks de entretiempo\" loading=\"lazy\" width=\"1080\" height=\"1350\" decoding=\"async\" data-nimg=\"1\" style=\"color:transparent;width:100%;height:auto;\"   src=\"https:\/\/www.europesays.com\/es\/wp-content\/uploads\/2025\/09\/la-semana-en-5-looks-15-septiembre4-68c598911b5a8.jpg\" class=\"css-0 e1g79fud0\"\/><a target=\"_blank\" rel=\"noopener nofollow\" data-theme-key=\"base-link\" href=\"https:\/\/pinterest.com\/pin\/create\/button\/?url=https:\/\/www.elle.com\/es\/moda\/noticias\/a66079105\/como-vestir-en-entretiempo-con-vestidos-boho-chaquetas-faldas-plisadas-y-zapatos-de-tendencia\/&amp;description=- ElleSpain&amp;media=https:\/\/hips.hearstapps.com\/hmg-prod\/images\/la-semana-en-5-looks-15-septiembre4-68c598911b5a8.jpg?resize=1600:*\" class=\"pinterest css-on9hn5 e1c1bym14\"><img decoding=\"async\" data-dynamic-svg=\"true\" src=\"https:\/\/www.elle.com\/_assets\/design-tokens\/fre\/static\/icons\/social\/pinterest.e8cf655.svg?primary=%2523ffffff\" loading=\"lazy\" data-testid=\"dynamic-svg-base\" height=\"auto\" width=\"auto\" alt=\"pinterest\" class=\"css-4lml0h e1mlxuuw1\"\/><\/a><\/p>\n<p>Collage: Ainhoa Ormazabal\/\/Getty Images<\/p>\n<p> JUEVES 18 DE SEPTIEMBRE<a target=\"_blank\" rel=\"nofollow noopener\" data-theme-key=\"product-image-wrapper\" href=\"https:\/\/go.redirectingat.com?id=86370X1578079&amp;url=https%3A%2F%2Fshop.mango.com%2Fes%2Fes%2Fp%2Fmujer%2Fbufandas-y-fulares%2Fpanuelos%2Fpanuelo-satinado-estampado-flores_17092540\" aria-label=\"10\u00a0\u20ac en Mango for Pa\u00f1uelo estampado\" data-href=\"https:\/\/shop.mango.com\/es\/es\/p\/mujer\/bufandas-y-fulares\/panuelos\/panuelo-satinado-estampado-flores_17092540\" data-product-url=\"https:\/\/shop.mango.com\/es\/es\/p\/mujer\/bufandas-y-fulares\/panuelos\/panuelo-satinado-estampado-flores_17092540\" data-affiliate=\"true\" data-affiliate-url=\"https:\/\/go.redirectingat.com?id=86370X1578079&amp;url=https%3A%2F%2Fshop.mango.com%2Fes%2Fes%2Fp%2Fmujer%2Fbufandas-y-fulares%2Fpanuelos%2Fpanuelo-satinado-estampado-flores_17092540\" data-affiliate-network=\"{&quot;site_id&quot;:&quot;5545cc0d-2c00-4ffe-8b27-aa070fd2db3c&quot;,&quot;metadata&quot;:null,&quot;network&quot;:{&quot;name&quot;:&quot;Skimlinks&quot;},&quot;product_metadata&quot;:null,&quot;afflink_redirect&quot;:&quot;\/_p\/afflink\/xvAK\/mango-panuelo-estampado&quot;}\" data-vars-ga-call-to-action=\"10\u00a0\u20ac en Mango\" data-vars-ga-media-role=\"1\" data-vars-ga-media-type=\"Embedded Gallery List\" data-vars-ga-outbound-link=\"https:\/\/shop.mango.com\/es\/es\/p\/mujer\/bufandas-y-fulares\/panuelos\/panuelo-satinado-estampado-flores_17092540\" data-vars-ga-product-brand=\"Mango\" data-vars-ga-product-id=\"d5a21f62-b1fb-490e-904c-778bd5ac271a\" data-vars-ga-product-price=\"9,99\u00a0\u20ac\" data-vars-ga-product-retailer-id=\"992c09e6-8fed-45fe-9486-d3f067288b11\" data-vars-ga-product-sem3-brand=\"Mango\" data-vars-ga-gallery-display=\"list\" data-vars-ga-link-treatment=\"(not set) | (not set)\" class=\"product-image-link ebgq4gw2 e1b8bpvs0 css-g6od0w e1c1bym14\"><img  alt=\"Pa\u00f1uelo estampado\" title=\"Pa\u00f1uelo estampado\" src=\"https:\/\/www.europesays.com\/es\/wp-content\/uploads\/2025\/09\/1757779039-jueves-18-de-septiembre-panuelo-mango-68c5944021afe.jpg\" width=\"1504\" height=\"2257\" decoding=\"async\" loading=\"lazy\"\/><\/a>Mango Pa\u00f1uelo estampadoCr\u00e9dito: Mango<a target=\"_blank\" rel=\"nofollow noopener\" data-theme-key=\"product-image-wrapper\" href=\"https:\/\/www.zara.com\/es\/es\/blazer-corta-boton-dorado-p08372280.html?v1=458761327\" aria-label=\"36\u00a0\u20ac en ZARA for Chaqueta negra\" data-href=\"https:\/\/www.zara.com\/es\/es\/blazer-corta-boton-dorado-p08372280.html?v1=458761327\" data-product-url=\"https:\/\/www.zara.com\/es\/es\/blazer-corta-boton-dorado-p08372280.html?v1=458761327\" data-affiliate=\"false\" data-affiliate-network=\"\" data-vars-ga-call-to-action=\"36\u00a0\u20ac en ZARA\" data-vars-ga-media-role=\"1\" data-vars-ga-media-type=\"Embedded Gallery List\" data-vars-ga-outbound-link=\"https:\/\/www.zara.com\/es\/es\/blazer-corta-boton-dorado-p08372280.html?v1=458761327\" data-vars-ga-product-brand=\"Zara\" data-vars-ga-product-id=\"6ab3ca99-787c-4ac5-9332-65fae3db8dcf\" data-vars-ga-product-price=\"35,95\u00a0\u20ac\" data-vars-ga-product-retailer-id=\"4ec2c139-e640-46e2-9f8f-f9f6f3a1ef38\" data-vars-ga-product-sem3-brand=\"Zara\" data-vars-ga-gallery-display=\"list\" data-vars-ga-link-treatment=\"(not set) | (not set)\" class=\"product-image-link ebgq4gw2 e1b8bpvs0 css-g6od0w e1c1bym14\" data-><img  alt=\"Chaqueta negra\" title=\"Chaqueta negra\" src=\"https:\/\/www.europesays.com\/es\/wp-content\/uploads\/2025\/09\/1757779099-jueves-18-de-septiembre-blazer-de-zara-68c5946adca51.jpg\" width=\"638\" height=\"957\" decoding=\"async\" loading=\"lazy\"\/><\/a>Zara Chaqueta negraCr\u00e9dito: Zara<a target=\"_blank\" rel=\"nofollow noopener\" data-theme-key=\"product-image-wrapper\" href=\"https:\/\/go.redirectingat.com?id=86370X1578079&amp;url=https%3A%2F%2Fwww.massimodutti.com%2Fes%2Fpantalon-triple-pinza-100-lino-l05034834%3Fpelement%3D53559055%26colorId%3D806\" aria-label=\"50\u00a0\u20ac en Massimo Dutti for Pantalones de vestir\" data-href=\"https:\/\/www.massimodutti.com\/es\/pantalon-triple-pinza-100-lino-l05034834?pelement=53559055&amp;colorId=806\" data-product-url=\"https:\/\/www.massimodutti.com\/es\/pantalon-triple-pinza-100-lino-l05034834?pelement=53559055&amp;colorId=806\" data-affiliate=\"true\" data-affiliate-url=\"https:\/\/go.redirectingat.com?id=86370X1578079&amp;url=https%3A%2F%2Fwww.massimodutti.com%2Fes%2Fpantalon-triple-pinza-100-lino-l05034834%3Fpelement%3D53559055%26colorId%3D806\" data-affiliate-network=\"{&quot;site_id&quot;:&quot;5545cc0d-2c00-4ffe-8b27-aa070fd2db3c&quot;,&quot;metadata&quot;:null,&quot;network&quot;:{&quot;name&quot;:&quot;Skimlinks&quot;},&quot;product_metadata&quot;:null,&quot;afflink_redirect&quot;:&quot;\/_p\/afflink\/xvAM\/massimodutti-pantalones-de-vestir&quot;}\" data-vars-ga-call-to-action=\"50\u00a0\u20ac en Massimo Dutti\" data-vars-ga-media-role=\"1\" data-vars-ga-media-type=\"Embedded Gallery List\" data-vars-ga-outbound-link=\"https:\/\/www.massimodutti.com\/es\/pantalon-triple-pinza-100-lino-l05034834?pelement=53559055&amp;colorId=806\" data-vars-ga-product-brand=\"Massimo Dutti\" data-vars-ga-product-id=\"78283bfa-b85c-4878-9cf5-51e71b591922\" data-vars-ga-product-price=\"49,95\u00a0\u20ac\" data-vars-ga-product-retailer-id=\"f84aa75b-14f4-410d-aed7-dc8c4223beae\" data-vars-ga-product-sem3-brand=\"Massimo Dutti\" data-vars-ga-gallery-display=\"list\" data-vars-ga-link-treatment=\"(not set) | (not set)\" class=\"product-image-link ebgq4gw2 e1b8bpvs0 css-g6od0w e1c1bym14\"><img  alt=\"Pantalones de vestir\" title=\"Pantalones de vestir\" src=\"https:\/\/www.europesays.com\/es\/wp-content\/uploads\/2025\/09\/1757779147-jueves-18-de-septiembre-pantalones-de-massimo-dutti-68c594a67bc99.jpg\" width=\"1838\" height=\"2756\" decoding=\"async\" loading=\"lazy\"\/><\/a>Massimo Dutti Pantalones de vestirCr\u00e9dito: Massimo Dutti<a target=\"_blank\" rel=\"nofollow noopener\" data-theme-key=\"product-image-wrapper\" href=\"https:\/\/mimshoes.com\/products\/mayfair-negro\" aria-label=\"63\u00a0\u20ac en mimshoes for Bailarinas negras\" data-href=\"https:\/\/mimshoes.com\/products\/mayfair-negro\" data-product-url=\"https:\/\/mimshoes.com\/products\/mayfair-negro\" data-affiliate=\"false\" data-affiliate-network=\"\" data-vars-ga-call-to-action=\"63\u00a0\u20ac en mimshoes\" data-vars-ga-media-role=\"1\" data-vars-ga-media-type=\"Embedded Gallery List\" data-vars-ga-outbound-link=\"https:\/\/mimshoes.com\/products\/mayfair-negro\" data-vars-ga-product-brand=\"MIM\" data-vars-ga-product-id=\"f2d7846e-dc17-4ac7-b481-03537237021c\" data-vars-ga-product-price=\"62,99\u00a0\u20ac\" data-vars-ga-product-retailer-id=\"c75425d5-4ec3-445b-8276-020ea0677ab1\" data-vars-ga-product-sem3-brand=\"MIM\" data-vars-ga-gallery-display=\"list\" data-vars-ga-link-treatment=\"(not set) | (not set)\" class=\"product-image-link ebgq4gw2 e1b8bpvs0 css-g6od0w e1c1bym14\" data-><img  alt=\"Bailarinas negras\" title=\"Bailarinas negras\" src=\"https:\/\/www.europesays.com\/es\/wp-content\/uploads\/2025\/09\/1757779221-jueves-18-de-septiembre-bailarinas-mim-68c594d72b7bf.jpg\" width=\"440\" height=\"661\" decoding=\"async\" loading=\"lazy\"\/><\/a>MIM Bailarinas negrasCr\u00e9dito: MIM<\/p>\n<blockquote data-theme-key=\"pullquote\" class=\"css-sihlup e1pe3zr91\">\n<blockquote class=\"css-1x1z34c e1pe3zr90\"><p>VIERNES 19 DE SEPTIEMBRE<\/p><\/blockquote>\n<\/blockquote>\n<p> <img draggable=\"true\" alt=\"looks de entretiempo\" title=\"Looks de entretiempo\" loading=\"lazy\" width=\"1080\" height=\"1350\" decoding=\"async\" data-nimg=\"1\" style=\"color:transparent;width:100%;height:auto;\"   src=\"https:\/\/www.europesays.com\/es\/wp-content\/uploads\/2025\/09\/la-semana-en-5-looks-15-septiembre5-68c598bb659f1.jpg\" class=\"css-0 e1g79fud0\"\/><a target=\"_blank\" rel=\"noopener nofollow\" data-theme-key=\"base-link\" href=\"https:\/\/pinterest.com\/pin\/create\/button\/?url=https:\/\/www.elle.com\/es\/moda\/noticias\/a66079105\/como-vestir-en-entretiempo-con-vestidos-boho-chaquetas-faldas-plisadas-y-zapatos-de-tendencia\/&amp;description=- ElleSpain&amp;media=https:\/\/hips.hearstapps.com\/hmg-prod\/images\/la-semana-en-5-looks-15-septiembre5-68c598bb659f1.jpg?resize=1600:*\" class=\"pinterest css-on9hn5 e1c1bym14\"><img decoding=\"async\" data-dynamic-svg=\"true\" src=\"https:\/\/www.elle.com\/_assets\/design-tokens\/fre\/static\/icons\/social\/pinterest.e8cf655.svg?primary=%2523ffffff\" loading=\"lazy\" data-testid=\"dynamic-svg-base\" height=\"auto\" width=\"auto\" alt=\"pinterest\" class=\"css-4lml0h e1mlxuuw1\"\/><\/a><\/p>\n<p>Collage: Ainhoa Ormazabal\/\/Getty Images<\/p>\n<p> VIERNES 19 DE SEPTIEMBRE<a target=\"_blank\" rel=\"nofollow noopener\" data-theme-key=\"product-image-wrapper\" href=\"https:\/\/go.redirectingat.com?id=86370X1578079&amp;url=https%3A%2F%2Fwww2.hm.com%2Fes_es%2Fproductpage.1306071003.html\" aria-label=\"13\u00a0\u20ac en H&amp;M for Top negro\" data-href=\"https:\/\/www2.hm.com\/es_es\/productpage.1306071003.html\" data-product-url=\"https:\/\/www2.hm.com\/es_es\/productpage.1306071003.html\" data-affiliate=\"true\" data-affiliate-url=\"https:\/\/go.redirectingat.com?id=86370X1578079&amp;url=https%3A%2F%2Fwww2.hm.com%2Fes_es%2Fproductpage.1306071003.html\" data-affiliate-network=\"{&quot;site_id&quot;:&quot;5545cc0d-2c00-4ffe-8b27-aa070fd2db3c&quot;,&quot;metadata&quot;:null,&quot;network&quot;:{&quot;name&quot;:&quot;Skimlinks&quot;},&quot;product_metadata&quot;:null,&quot;afflink_redirect&quot;:&quot;\/_p\/afflink\/xvAP\/hm-top-negro&quot;}\" data-vars-ga-call-to-action=\"13\u00a0\u20ac en H&amp;M\" data-vars-ga-media-role=\"1\" data-vars-ga-media-type=\"Embedded Gallery List\" data-vars-ga-outbound-link=\"https:\/\/www2.hm.com\/es_es\/productpage.1306071003.html\" data-vars-ga-product-brand=\"H&amp;M\" data-vars-ga-product-id=\"a94acf0e-4b97-4163-a169-14afa859e4f7\" data-vars-ga-product-price=\"12,99\u00a0\u20ac\" data-vars-ga-product-retailer-id=\"b10b0766-abad-4baf-96e8-ffa1bab8face\" data-vars-ga-product-sem3-brand=\"H&amp;M\" data-vars-ga-gallery-display=\"list\" data-vars-ga-link-treatment=\"(not set) | (not set)\" class=\"product-image-link ebgq4gw2 e1b8bpvs0 css-g6od0w e1c1bym14\"><img  alt=\"Top negro\" title=\"Top negro\" src=\"https:\/\/www.europesays.com\/es\/wp-content\/uploads\/2025\/09\/1757779487-viernes-19-de-septiembre-top-de-hym-68c5960674c5b.jpg\" width=\"2252\" height=\"3378\" decoding=\"async\" loading=\"lazy\"\/><\/a>H&amp;M Top negroCr\u00e9dito: H&amp;M<a target=\"_blank\" rel=\"nofollow noopener\" data-theme-key=\"product-image-wrapper\" href=\"https:\/\/www.zara.com\/es\/es\/pantalon-ancho-aberturas-zw-collection-p08092015.ht\" aria-label=\"40\u00a0\u20ac en ZARA for Pantal\u00f3n negro\" data-href=\"https:\/\/www.zara.com\/es\/es\/pantalon-ancho-aberturas-zw-collection-p08092015.ht\" data-product-url=\"https:\/\/www.zara.com\/es\/es\/pantalon-ancho-aberturas-zw-collection-p08092015.ht\" data-affiliate=\"false\" data-affiliate-network=\"\" data-vars-ga-call-to-action=\"40\u00a0\u20ac en ZARA\" data-vars-ga-media-role=\"1\" data-vars-ga-media-type=\"Embedded Gallery List\" data-vars-ga-outbound-link=\"https:\/\/www.zara.com\/es\/es\/pantalon-ancho-aberturas-zw-collection-p08092015.ht\" data-vars-ga-product-brand=\"Zara\" data-vars-ga-product-id=\"02af4ce1-99a6-4ac0-b20b-5201a5cb86c4\" data-vars-ga-product-price=\"39,95\u00a0\u20ac\" data-vars-ga-product-retailer-id=\"0262a41f-83cc-4ae8-9a43-b572828ee0e2\" data-vars-ga-product-sem3-brand=\"Zara\" data-vars-ga-gallery-display=\"list\" data-vars-ga-link-treatment=\"(not set) | (not set)\" class=\"product-image-link ebgq4gw2 e1b8bpvs0 css-g6od0w e1c1bym14\" data-><img  alt=\"Pantal\u00f3n negro\" title=\"Pantal\u00f3n negro\" src=\"https:\/\/www.europesays.com\/es\/wp-content\/uploads\/2025\/09\/1757779533-viernes-19-de-septiembre-pantalon-de-zara-68c5962852954.jpg\" width=\"1338\" height=\"2006\" decoding=\"async\" loading=\"lazy\"\/><\/a>Zara Pantal\u00f3n negroCr\u00e9dito: Zara<a target=\"_blank\" rel=\"nofollow noopener\" data-theme-key=\"product-image-wrapper\" href=\"https:\/\/www.parfois.com\/es\/es\/bolsos\/bolsos-de-hombro\/bolso-de-hombro-de-piel\/234692_BLM.html?\" aria-label=\"50\u00a0\u20ac en parfois for Bolso azul\" data-href=\"https:\/\/www.parfois.com\/es\/es\/bolsos\/bolsos-de-hombro\/bolso-de-hombro-de-piel\/234692_BLM.html?\" data-product-url=\"https:\/\/www.parfois.com\/es\/es\/bolsos\/bolsos-de-hombro\/bolso-de-hombro-de-piel\/234692_BLM.html?\" data-affiliate=\"false\" data-affiliate-network=\"\" data-vars-ga-call-to-action=\"50\u00a0\u20ac en parfois\" data-vars-ga-media-role=\"1\" data-vars-ga-media-type=\"Embedded Gallery List\" data-vars-ga-outbound-link=\"https:\/\/www.parfois.com\/es\/es\/bolsos\/bolsos-de-hombro\/bolso-de-hombro-de-piel\/234692_BLM.html?\" data-vars-ga-product-brand=\"Parfois\" data-vars-ga-product-id=\"75d0809b-c276-42fd-bc6a-54a02129295c\" data-vars-ga-product-price=\"49,99\u00a0\u20ac\" data-vars-ga-product-retailer-id=\"a23ce9ff-76b8-465f-a6b1-0d52b625338f\" data-vars-ga-product-sem3-brand=\"Parfois\" data-vars-ga-gallery-display=\"list\" data-vars-ga-link-treatment=\"(not set) | (not set)\" class=\"product-image-link ebgq4gw2 e1b8bpvs0 css-g6od0w e1c1bym14\" data-><img  alt=\"Bolso azul\" title=\"Bolso azul\" src=\"https:\/\/www.europesays.com\/es\/wp-content\/uploads\/2025\/09\/1757779594-viernes-19-de-septiembre-bolso-de-parfois-68c5965abd834.jpg\" width=\"1706\" height=\"2558\" decoding=\"async\" loading=\"lazy\"\/><\/a>Parfois Bolso azulCr\u00e9dito: Parfois<a target=\"_blank\" rel=\"nofollow noopener\" data-theme-key=\"product-image-wrapper\" href=\"https:\/\/www.zalando.es\/raid-roshell-mules-de-tacon-black-rad11a13i-q11.html\" aria-label=\"32\u00a0\u20ac en zalando for Mules negros\" data-href=\"https:\/\/www.zalando.es\/raid-roshell-mules-de-tacon-black-rad11a13i-q11.html\" data-product-url=\"https:\/\/www.zalando.es\/raid-roshell-mules-de-tacon-black-rad11a13i-q11.html\" data-affiliate=\"false\" data-affiliate-network=\"\" data-vars-ga-call-to-action=\"32\u00a0\u20ac en zalando\" data-vars-ga-media-role=\"1\" data-vars-ga-media-type=\"Embedded Gallery List\" data-vars-ga-outbound-link=\"https:\/\/www.zalando.es\/raid-roshell-mules-de-tacon-black-rad11a13i-q11.html\" data-vars-ga-product-brand=\"Raid Roshell\" data-vars-ga-product-id=\"e4690245-5fe1-4753-9588-a32895df5044\" data-vars-ga-product-price=\"31,59\u00a0\u20ac\" data-vars-ga-product-retailer-id=\"367e7bc5-dec3-4c81-9b02-f89cd760e613\" data-vars-ga-product-sem3-brand=\"Raid Roshell\" data-vars-ga-gallery-display=\"list\" data-vars-ga-link-treatment=\"(not set) | (not set)\" class=\"product-image-link ebgq4gw2 e1b8bpvs0 css-g6od0w e1c1bym14\" data-><img  alt=\"Mules negros\" title=\"Mules negros\" src=\"https:\/\/www.europesays.com\/es\/wp-content\/uploads\/2025\/09\/1757779658-viernes-19-de-septiembre-zapatos-de-zalando-68c59694d1506.jpg\" width=\"1521\" height=\"2281\" decoding=\"async\" loading=\"lazy\"\/><\/a>Raid Roshell Mules negrosCr\u00e9dito: Raid Roshell<img src=\"https:\/\/www.europesays.com\/es\/wp-content\/uploads\/2025\/09\/d87bcd66-0484-4385-a508-98d9bf758058_1548085786.jpg\" alt=\"Headshot of Paula Llanos\" title=\"Headshot of Paula Llanos\" width=\"100%\" height=\"100%\" decoding=\"async\" loading=\"lazy\" class=\"css-o0wq4v ev8dhu53\"\/><\/p>\n<p>Paula Llanos es Jefa de moda en ELLE.es. Licenciada en Periodismo en la Universidad Pontificia de Salamanca, con experiencia en prensa escrita, radio y televisi\u00f3n pero con total vocaci\u00f3n digital. Desde el a\u00f1o 2000 (18 a\u00f1os) \u00a0en internet, en prensa femenina 13 a\u00f1os y 10 a\u00f1os en Elle.es Adicta a la moda, las compras e Instagram. Experta en crear necesidades e identificar prendas y accesorios con una sola foto y en hacer titulares con juegos de palabras.<\/p>\n","protected":false},"excerpt":{"rendered":"El entretiempo es para muchas la etapa m\u00e1s estilosa para vestir, pero para otras muchas, se complica mucho&hellip;\n","protected":false},"author":2,"featured_media":113915,"comment_status":"","ping_status":"","sticky":false,"template":"","format":"standard","meta":{"footnotes":""},"categories":[91],"tags":[1655,253,146,147,25,24,23],"class_list":{"0":"post-113914","1":"post","2":"type-post","3":"status-publish","4":"format-standard","5":"has-post-thumbnail","7":"category-entretenimiento","8":"tag-afiliacion","9":"tag-discover","10":"tag-entertainment","11":"tag-entretenimiento","12":"tag-es","13":"tag-espana","14":"tag-spain"},"share_on_mastodon":{"url":"","error":""},"_links":{"self":[{"href":"https:\/\/www.europesays.com\/es\/wp-json\/wp\/v2\/posts\/113914","targetHints":{"allow":["GET"]}}],"collection":[{"href":"https:\/\/www.europesays.com\/es\/wp-json\/wp\/v2\/posts"}],"about":[{"href":"https:\/\/www.europesays.com\/es\/wp-json\/wp\/v2\/types\/post"}],"author":[{"embeddable":true,"href":"https:\/\/www.europesays.com\/es\/wp-json\/wp\/v2\/users\/2"}],"replies":[{"embeddable":true,"href":"https:\/\/www.europesays.com\/es\/wp-json\/wp\/v2\/comments?post=113914"}],"version-history":[{"count":0,"href":"https:\/\/www.europesays.com\/es\/wp-json\/wp\/v2\/posts\/113914\/revisions"}],"wp:featuredmedia":[{"embeddable":true,"href":"https:\/\/www.europesays.com\/es\/wp-json\/wp\/v2\/media\/113915"}],"wp:attachment":[{"href":"https:\/\/www.europesays.com\/es\/wp-json\/wp\/v2\/media?parent=113914"}],"wp:term":[{"taxonomy":"category","embeddable":true,"href":"https:\/\/www.europesays.com\/es\/wp-json\/wp\/v2\/categories?post=113914"},{"taxonomy":"post_tag","embeddable":true,"href":"https:\/\/www.europesays.com\/es\/wp-json\/wp\/v2\/tags?post=113914"}],"curies":[{"name":"wp","href":"https:\/\/api.w.org\/{rel}","templated":true}]}}