{"id":113925,"date":"2025-09-14T07:57:09","date_gmt":"2025-09-14T07:57:09","guid":{"rendered":"https:\/\/www.europesays.com\/es\/113925\/"},"modified":"2025-09-14T07:57:09","modified_gmt":"2025-09-14T07:57:09","slug":"entrevista-a-diego-escudero-pregonero-de-san-mateo-2025","status":"publish","type":"post","link":"https:\/\/www.europesays.com\/es\/113925\/","title":{"rendered":"Entrevista a Diego Escudero, pregonero de San Mateo 2025"},"content":{"rendered":"<p>Diego Escudero, pregonero de San Mateo 2025, es un conquense de pura cepa que vive y defiende con intensidad las dos celebraciones m\u00e1s representativas de esta ciudad: la Semana Santa; y no lo hace desde la barrera, sino implic\u00e1ndose en la medida que puede, en el caso de las fiestas de la conquista con la reivindicaci\u00f3n de la vaquilla como elemento central de estas fechas.<\/p>\n<p>Su preg\u00f3n de San Mateo compartir\u00e1 para siempre a\u00f1o con el que dio su amigo y hermano<a href=\"https:\/\/www.enciendecuenca.com\/2025\/03\/30\/juan-ignacio-cantero-hay-una-remesa-de-nazarenos-de-veintipico-anos-con-unas-ganas-tremendas-y-deberiamos-abrirles-la-puerta\/\" rel=\"nofollow noopener\" target=\"_blank\"> Juan Ignacio Cantero<\/a> en Semana Santa.<\/p>\n<p>Somos buenos amigos. De hecho, yo fui quien lo propuso, como representante de La Borriquilla, como <a href=\"https:\/\/www.enciendecuenca.com\/2025\/04\/12\/video-del-pregon-de-la-semana-santa-2025\/\" rel=\"nofollow noopener\" target=\"_blank\">pregonero de Semana Santa<\/a>. Empec\u00e9 a decirle \u201cvenga\u201d, \u00e9l que no, que no, y al final lo propuse y sali\u00f3.<\/p>\n<p><strong>\u00bfLe ha pedido consejo?<\/strong><\/p>\n<p>Son pregones muy diferentes. \u00a1Yo si fuera el de Semana Santa no lo daba! Es un preg\u00f3n super serio y lo mismo lo har\u00eda fatal. El de San Mateo no s\u00e9 c\u00f3mo lo har\u00e9, aunque la gente est\u00e1 en plan fiesta y tampoco est\u00e1 tan pendiente, en Semana Santa est\u00e1 todo el mundo escuchando.<\/p>\n<p><strong>\u00bfCon qui\u00e9n se queda Diego Escudero, con pap\u00e1 o con mam\u00e1? \u00bfCon la Semana Santa o con la Vaquilla?<\/strong><\/p>\n<p>Me gustan las dos por igual, son dos fiestas totalmente distintas. La vaquilla es totalmente l\u00fadica y la Semana Santa tiene otras cosas, el sentimiento nazareno y la fe, pero son las dos fiestas importantes de Cuenca y son las dos fiestas que llevo dentro.<\/p>\n<p><strong>\u00bfSon compatible la sobriedad semanasantera con la algarab\u00eda matea?<\/strong><\/p>\n<p>Claro, son las dos se\u00f1as de identidad de la ciudad y creo que los conquenses nos sentimos orgullosos de ellos. Yo nac\u00ed aqu\u00ed y he vivido toda la vida aqu\u00ed, salvo unos a\u00f1os que estuve fuera por trabajo, pero para estas fiestas volv\u00eda siempre.<\/p>\n<blockquote class=\"wp-block-quote is-layout-flow wp-block-quote-is-layout-flow\">\n<p> Desde peque\u00f1ete mi padre me sub\u00eda a ver c\u00f3mo descargaban las vacas\u201d<\/p>\n<p>Diego Escudero<\/p><\/blockquote>\n<p><strong>\u00bfRecuerda su primer contacto con la vaquilla?<\/strong><\/p>\n<p>Mi padre, igual que yo, era un apasionado del toro y de la vaquilla. Desde peque\u00f1ete mi padre me sub\u00eda a ver c\u00f3mo descargaban las vacas.. Antiguamente las sacaban a beber agua por las ma\u00f1anas y sub\u00edamos a verlas. Y luego nos pon\u00edamos en la Plaza Obispo Valero y ah\u00ed ve\u00edamos pasar la vaca. Siempre me ha llamado mucho la atenci\u00f3n. y en cuanto pude, muy jovencillo, empec\u00e9 a correr. He sido corredor hasta que, por desgracia, tuve una cogida fuerte.<\/p>\n<p><strong>\u00bfCu\u00e1ndo ocurri\u00f3?<\/strong><\/p>\n<p>En el 2001 tuve la cogida y me quedaron secuelas f\u00edsicas de las que me cost\u00f3 mucho recuperarme. Ahora corro, pero poquito. El f\u00edsico no me acompa\u00f1a como para estar encima, pero me gusta estar en la vaca durante todo el festejo.<\/p>\n<p><strong>\u00bfCon tanta gente en la Plaza Mayor se corre bien?<\/strong><\/p>\n<p>Cuando hay menos gente ah\u00ed se corre mejor, obviamente. Pero tampoco hay excesivamente gente, comparado a lo de hace 15 o 20 a\u00f1os.\u00a0<\/p>\n<p><strong>\u00bfCree que corr\u00eda m\u00e1s gente antes?<\/strong><\/p>\n<p>A lo mejor hab\u00eda menos gente, pero hab\u00eda m\u00e1s corredores. Hab\u00eda menos gente en la plaza, pero hab\u00eda mucho m\u00e1s corredor delante de la vaca. Ahora es verdad que hay much\u00edsima gente, pero menos personas que, cuando la vaca para, van a citarla.<\/p>\n<p><strong>\u00bfY en el mundo de las pe\u00f1as c\u00f3mo entr\u00f3?<\/strong><\/p>\n<p>Entr\u00e9 de jovencito con los amigos en la pe\u00f1a El Burladero. Ah\u00ed estuvimos bastantes a\u00f1os. Despu\u00e9s mi hermano fue presidente de la pe\u00f1a Las Vacas Colgadas y me apunt\u00e9 all\u00ed con ellos. Y luego los amigos de la Semana Santa, como si dij\u00e9ramos, nos apuntamos a Enemigos del Agua.\u00a0 Ah\u00ed estuve hasta que naci\u00f3 mi chico y se jodieron las pe\u00f1as (risas). Fue en el d\u00eda de San Mateo, hace ya nueve a\u00f1os. Ahora nos juntamos un grupo de amiguitos y alquilamos un local en Alfonso VIII. No es pe\u00f1a, pero bueno, hacemos lo mismo: comer y merendar bastante bien.<\/p>\n<p><strong>\u00bfEn Enemigos del Agua ten\u00eda responsabilidades organizativas?<\/strong><\/p>\n<p>S\u00ed que ayudaba a organizar todo. La verdad es que \u00e9ramos un grupo de amigos en el que todos nos encarg\u00e1bamos de todo.<\/p>\n<p><strong>\u00bfM\u00e1s sencillo que los preparativos de Semana Santa?<\/strong><\/p>\n<p>.Es que San Mateo al final son cuatro d\u00edas. La Semana Santa es una semana. Y la responsabilidad de organizar una fiesta u otra no creo que sea la misma.<\/p>\n<p>Imagino que se pasar\u00e1n buena parte de San Mateo hablando de la Semana Santa.<\/p>\n<p>\u00a1Efectivamente! Ahora empezamos ya a hablar de qui\u00e9n es el pregonero, que se elegir\u00e1 antes del 31 de septiembre, y estamos d\u00e1ndole a las quinielas.<\/p>\n<p><strong><a href=\"https:\/\/www.enciendecuenca.com\/2025\/09\/11\/el-sacerdote-pedro-jose-ruiz-soria-cartelista-de-la-semana-santa-de-cuenca-de-2026\/\" rel=\"nofollow noopener\" target=\"_blank\">El cartelista ya lo sabemos<\/a>. \u00bfLe ha gustado la elecci\u00f3n?<\/strong><\/p>\n<p>S\u00ed, la verdad es que mucho. Adem\u00e1s, Pedro es el cura de nuestra hermandad y amigo personal. La verdad es que nos ha hecho bastante ilusi\u00f3n.<\/p>\n<p><strong>Partiendo de sus recuerdos de juventud, \u00bfhan cambiado mucho las vaquillas? \u00bfPara bien o para mal?<\/strong><\/p>\n<p>No s\u00e9 si para bien o para mal, pero s\u00ed que es verdad que antes la pe\u00f1a era m\u00e1s un pe\u00f1a propiamente dicha: un grupo de amigos en los que se juntaban para merendar juntos, para pasar los cuatro d\u00edas juntos. Y ahora s\u00ed que existe ese tipo de pe\u00f1a, pero tambi\u00e9n hay macrope\u00f1as de mucha gente. No digo ni que sea mejor o peor, pero es totalmente distinto a hace 25 a\u00f1os.\u00a0<\/p>\n<p><strong>No te sabes los nombres de con qui\u00e9n est\u00e1s.<\/strong><\/p>\n<p>Claro, no es el grupo de amigos. Pero vamos, no es mejor ni peor, pero no es lo mismo.<\/p>\n<p><strong>\u00bfNo se echa en falta una mayor interacci\u00f3n entre las pe\u00f1as? Parece que apenas hay relaci\u00f3n entre ellas, m\u00e1s all\u00e1 del desfile y de cosas que puedan hacer juntas algunas que compartan espacio.<\/strong><\/p>\n<p>Estaba tambi\u00e9n el tema de la concentraci\u00f3n de charangas, eso est\u00e1 bastante bien. Las pe\u00f1as podr\u00edan darle un poco m\u00e1s de vida a San Mateo fuera de esos cuatro d\u00edas. No s\u00e9 cu\u00e1ntos pe\u00f1istas habr\u00e1, pero podr\u00edan dar m\u00e1s vida a la fiesta fuera de esos cuatro d\u00edas.<\/p>\n<p><strong>Ha habido algunos intentos que no terminan de cuajar, m\u00e1s all\u00e1 de los abonos taurinos.<\/strong><\/p>\n<p>Bueno, y Cuenca Hist\u00f3rica al final lo organiza la Asociaci\u00f3n de Pe\u00f1as Mateas y le da una grandeza a la fiesta. No s\u00e9 qu\u00e9 decirte, pero quiz\u00e1s s\u00ed se pod\u00eda hacer alguna cosa m\u00e1s\u201d.<\/p>\n<p><strong>\u00bfCuenca Hist\u00f3rica le gusta?<\/strong><\/p>\n<p>S\u00ed, la verdad. Me gusta, sobre todo, por lo que simboliza. Es la recreaci\u00f3n hist\u00f3rica de lo que pas\u00f3 y por eso se celebra, por la reconquista de la ciudad. Adem\u00e1s creo que es una cosa importante para que los chicos y chicas peque\u00f1os sepan tambi\u00e9n lo que se celebra; que esto no se hace porque s\u00ed, sino porque fue una fiesta que Alfonso VIII otorg\u00f3 a la ciudad y a los soldados por reconquistar la ciudad.\u00a0<\/p>\n<blockquote class=\"wp-block-quote is-layout-flow wp-block-quote-is-layout-flow\">\n<p>Estamos para ayudar y colaborar en todo lo posible al Ayuntamiento en lo referente al festejo taurino\u201d<\/p>\n<\/blockquote>\n<p><strong>Preside la nueva Asociaci\u00f3n de la Vaquilla de San Mateo de Cuenca. \u00bfCu\u00e1l fue el motivo de su creaci\u00f3n?<\/strong><\/p>\n<p>La Asociaci\u00f3n de la Vaca naci\u00f3 para, no s\u00e9 si la palabra adecuada es defender, pero s\u00ed para darle a la vaquilla la importancia que nosotros cre\u00edamos que debe tener. Porque la vaca, al final, es el eje principal de la fiesta. Y tambi\u00e9n para ayudar y colaborar en todo lo posible al Ayuntamiento en lo referente al festejo taurino. Por eso nos juntamos gente que nos gusta mucho la vaca e hicimos la asociaci\u00f3n. El a\u00f1o pasado regalamos una vaca y apoyaremos todo lo referente al festejo.<\/p>\n<p><strong>Su creaci\u00f3n el a\u00f1o pasado pudo interpretarse como un grupo creado para hacerle sombra a la Asociaci\u00f3n de Pe\u00f1as e incluso como una escisi\u00f3n. \u00bfHay algo de eso?<\/strong><\/p>\n<p>Nada, absolutamente nada. En la junta directiva, uno es de una pe\u00f1a, los dem\u00e1s de ninguna. No tenemos nada que ver ni queremos quitarle a ellos su importancia, porque la verdad es que es una parte fundamental de la fiesta ahora mismo. La Asociaci\u00f3n de Pe\u00f1as Mateas hace una labor encomiable. Nosotros estamos para ayudar, pero tocamos dos cosas distintas. Ellos son la organizaci\u00f3n propiamente de las pe\u00f1as, los desfiles, Cuenca Hist\u00f3rica\u2026 Nosotros de eso no es que no queramos saber nada, pero nos centramos en el festejo taurino.<\/p>\n<p><strong>\u00bfHay buena relaci\u00f3n entonces?<\/strong><\/p>\n<p>S\u00ed, hay buena relaci\u00f3n. Somos complementarios y creemos que su labor es fenomenal.<\/p>\n<p><strong>Lo cierto es que, si se repasan los \u00faltimos presidentes de las Pe\u00f1as Mateas, la gran mayor\u00eda ten\u00edan un perfil muy taurino.<\/strong><\/p>\n<p>No es que seas taurino, es que la fiesta es la vaquilla y tiene que ir todo relacionado. Adem\u00e1s, las pe\u00f1as con la vaca son una conjunci\u00f3n perfecta. Por eso existe la asociaci\u00f3n de las pe\u00f1as y nuestra asociaci\u00f3n. A futuro, a lo mejor hay que intentar hacer algo conjuntamente, con tiempo y trabajo.<\/p>\n<p><strong>\u00bfQu\u00e9 argumentos le da a sus amigos antitaurinos, que seguro que tiene algunos, cuando sale el tema?\u00a0<\/strong><\/p>\n<p>Yo respeto a todo el mundo, eso es lo primero que hay que tener: respeto hacia la opini\u00f3n de cada uno. Lo \u00fanico que pido es que me respeten a m\u00ed. Antitaurino es una palabra muy ambigua. \u00bfQu\u00e9 es un antitaurino? Esto es un festejo en el que la finalidad no es darle muerte al animal como espect\u00e1culo. El antiaurino pensar\u00e1 de otra forma, pero yo creo que en esta ciudad se intenta que el animal est\u00e9 lo mejor posible.\u00a0<\/p>\n<p><strong>\u00bfCree que se consigue?\u00a0<\/strong><\/p>\n<p>Yo creo que s\u00ed, o por lo menos lo intentamos. Yo te digo que cada uno tenemos nuestra visi\u00f3n. Hay estudios en los que aseguran que el animal no sufre.<\/p>\n<p><strong>Tambi\u00e9n hay gente que le gusta el toreo cl\u00e1sico pero rechaza los encierros y el toro de cuerda.<\/strong><\/p>\n<p>S\u00ed, claro, hay muchas vertientes, por eso lo importante es respetar a todo el mundo. Yo creo que el animal no sufre, pero tambi\u00e9n entiendo que haya gente que opine lo contrario, pero con respeto y educaci\u00f3n todos podemos convivir.<\/p>\n<p><strong>\u00bfCuando ve la suelta de vaquillas no le entran ganas de dar un tir\u00f3n de orejas a alguno?<br \/><\/strong><br \/>Claro, y hay tanto maromeros como corredores que recriminan a algunas personas. A la vaca no hace falta tocarla. Si te va a pillar, es el acto reflejo, pero t\u00fa no tienes por qu\u00e9 tocar a la vaca. Hay veces en los que hay que dar un toque de atenci\u00f3n a la gente.<\/p>\n<p><strong>Tambi\u00e9n se ha visto alguna vez estampar una tarta en la cara a la vaca.<\/strong><\/p>\n<p>Bueno, las tartas\u2026 Hay que intentar respetar al animal en todo su contexto.<\/p>\n<blockquote class=\"wp-block-quote is-layout-flow wp-block-quote-is-layout-flow\">\n<p>La tauromaquia popular, el festejo del pueblo, est\u00e1 subiendo\u201d<\/p>\n<\/blockquote>\n<p><strong>Cuenca tiene la vaquilla y la feria taurina sigue teniendo un gran n\u00famero de abonados mientras en otras ciudades parece que la tauromaquia pierde fuelle. \u00bfPuede ser Cuenca una de las aldeas galas de la defensa de los festejos taurinos?<\/strong><\/p>\n<p>No, hombre, yo creo que la afici\u00f3n taurina est\u00e1 subiendo, exponencialmente, en general en toda Espa\u00f1a. De hecho, cada d\u00eda hay m\u00e1s asociaciones del toro al caj\u00f3n. En diferentes pueblos de la provincia de Cuenca hay un mont\u00f3n de asociaciones donde el propio pueblo, ya no el ayuntamiento, \u00a0hace su suelta del Toro al Caj\u00f3n. Afortunadamente, la tauromaquia, sobre todo la tauromaquia popular, el festejo popular, el festejo del pueblo, est\u00e1 subiendo.<\/p>\n<p><strong>Tambi\u00e9n hemos visto este veranos casos de\u00a0 suspensi\u00f3n de festejos taurinos, <a href=\"https:\/\/motilladelpalancar.net\/noticias\/se-suspende-en-motilla-por-segundo-ano-la-corrida-de-toros-de-las-fiestas-de-san-gil-abad\" rel=\"nofollow noopener\" target=\"_blank\">como en Motilla del Palancar<\/a>.\u00a0<\/strong><\/p>\n<p>S\u00ed que es verdad que el festejo serio, la corrida de toros, a lo mejor s\u00ed que est\u00e1 perdiendo en algunos sitios por poca afluencia de p\u00fablico. Pero en el festejo popular, el de la calle, cada d\u00eda hay m\u00e1s afici\u00f3n.<\/p>\n<p><strong>No s\u00e9 si la Asociaci\u00f3n de la Vaquilla de Cuenca tiene propuestas para la regulaci\u00f3n de estos festejos.<\/strong><\/p>\n<p>Tenemos una ley tanto del bienestar animal como del reglamento taurino que regula los espect\u00e1culos taurinos en Castilla-La Mancha. Y aqu\u00ed hay un reglamento espec\u00edfico de Cuenca para la suelta de vaquillas.<\/p>\n<p><strong>\u00bfQu\u00e9 opina sobre c\u00f3mo se ha tramitado la adquisici\u00f3n de las vaquillas este a\u00f1o, que hasta el viernes 12 de septiembre no se ha cerrado?<\/strong><\/p>\n<p>Me he enterado solo de lo que he le\u00eddo por la prensa. Creo que se ha seguido la misma l\u00ednea que otros a\u00f1os. La verdad es que desconozco c\u00f3mo ha sido el tema de licitaciones, en eso me pierdo.<\/p>\n<p><strong>\u00bfEste a\u00f1o su asociaci\u00f3n ha donado vaca?<\/strong><\/p>\n<p>No, este a\u00f1o no, creemos que con las quince vacas ya hay suficiente ganado para estas fiestas. El a\u00f1o que viene vamos a intentar hacer algo un poco especial.<\/p>\n<p><strong>\u00bfQu\u00e9 defectos encuentra en la suelta de vaquillas? \u00bfEl uso de la barrera se podr\u00eda vigilar un poco m\u00e1s, por ejemplo?<\/strong><\/p>\n<p>Hombre, vigilarlo es complicado, pero s\u00ed que es verdad que la barrera al final es para resguardarse el corredor. Yo creo que la suela de Vaquillas est\u00e1 bastante bien. Ahora se preocupan de echar antideslizante para que los animales no se escurran y los maromeros son m\u00e1s expertos e intentan evitar los tirones a la vaca.<\/p>\n<p><strong>\u00bfEst\u00e1n m\u00e1s en forma los maromeros?<\/strong><\/p>\n<p>\u00a1No he dicho eso! (risas). Casi toda la cuadrilla lleva bastantes a\u00f1os juntos y tienen experiencia. Pero est\u00e1n bien, est\u00e1n fuertes.<\/p>\n<blockquote class=\"wp-block-quote is-layout-flow wp-block-quote-is-layout-flow\">\n<p>Antes de sufrir la cogida, los maromeros me dec\u00edan que ten\u00eda que ser uno de ellos\u201d<\/p>\n<\/blockquote>\n<p><strong>\u00bfLe hubiera gustado ser maromero?<\/strong><\/p>\n<p>S\u00ed que es verdad que, antes de sufrir la cogida, los maromeros me dec\u00edan que ten\u00eda que ser uno de ellos, pero en ese momento a m\u00ed lo que de verdad me gustaba era correr la vaca. Luego, con el paso de los a\u00f1os y como la forma f\u00edsica tampoco me ha acompa\u00f1ado para dar el paso y es un un sitio donde hay que estar al 100%. Pero s\u00ed, la verdad es que me hubiera hecho bastante ilusi\u00f3n ser maromero.<\/p>\n<p><strong>\u00bfQu\u00e9 consejos le da a la gente que corre?<\/strong><\/p>\n<p>Sobre todo y primordial, tener respeto al animal. Lo primero, es un animal y por ello hay que cuidarlo. Y luego, no perderle el respeto, porque al final son vacas grandes y en alg\u00fan descuido te puedes llevar una cogida de importancia.<\/p>\n<p><img loading=\"lazy\" decoding=\"async\" width=\"1024\" height=\"768\" src=\"https:\/\/www.europesays.com\/es\/wp-content\/uploads\/2025\/09\/jornadas-antropologicas-3-1024x768.jpeg\" alt=\"\" class=\"wp-image-123394\"  \/><\/p>\n<p><strong>Respecto a las pe\u00f1as, si se leen algunos comentarios en peri\u00f3dicos y redes sociales durante San Mateo, a veces parece que tienen peor fama que la vaca.<\/strong><\/p>\n<p>S\u00ed, porque cuando hay mucha gente, siempre hay gente inc\u00edvica, pero eso es en todas las fiestas. Pero bueno, yo creo que las pe\u00f1as est\u00e1n bastante bien. Est\u00e1n consolidadas y creo que el comportamiento, en l\u00edneas generales, es bueno. En las redes sociales, ya sabes, hay hostias para todo el mundo.<\/p>\n<p><strong>Es dif\u00edcil controlar a miles de personas.<\/strong><\/p>\n<p>Y que no se nos olvide que al final se celebra un casco hist\u00f3rico Patrimonio de la Humanidad, en el que hay que preservar tambi\u00e9n el patrimonio. No es lo mismo que la fiesta sea en una era.\u00a0<\/p>\n<p><strong>En lo gastron\u00f3mico, \u00bfse queda con la comida cocinada en la pe\u00f1a o la que llega en tupper?<\/strong><\/p>\n<p>No, yo creo que tienen que ser cocinadas. Eso tambi\u00e9n es bonito, juntarse los amigos a cocinar. Eso que yo digo de la pe\u00f1a m\u00e1s peque\u00f1a, que sigue teniendo esas cositas. En la pe\u00f1a grande, obviamente, para 500 personas no puedes cocinar y tienes que coger la comida hecha\u201d.<\/p>\n<p><strong>El a\u00f1o pasado, <a href=\"https:\/\/www.enciendecuenca.com\/2024\/09\/15\/entrevista-a-mario-pinos-presidente-de-las-penas-mateas\/\" rel=\"nofollow noopener\" target=\"_blank\">en nuestra entrevista con el expresidente de las Pe\u00f1as Mateas<\/a>, Mario Pin\u00f3s, habl\u00e1bamos de cierto cambio generacional en las pe\u00f1as. Hay un grupo de pe\u00f1as que antes estaban m\u00e1s asalvajadas, en las que ahora son todos padres y madres y est\u00e1n moderando, pero est\u00e1n entrando una avalancha de jovencitos en esas pe\u00f1as grandes.\u00a0<\/strong><\/p>\n<p>Es inevitable, conforme va pasando la edad nos vamos serenando todo el mundo. Es obvio que una pe\u00f1a en la media edad tenga 40 a\u00f1os su comportamiento es diferente a cuando la media era de 20.<\/p>\n<p><strong>\u00bfEn general, si uno se va de ruta, se va a encontrar un ambiente familiar en las pe\u00f1as mateas?<\/strong><\/p>\n<p>Yo es que tampoco frecuento mucho las pe\u00f1as. En lo que dura la vaca, estoy en la Plaza. Cuando termina s\u00ed que voy a visitar a alguna pe\u00f1a en las que frecuento hay un ambiente fenomenal de amistad, de alegr\u00eda y de fiesta, que es a lo que hay que estar.<\/p>\n<p><strong>\u00bfA la verbena se queda o ya es mucho?<\/strong><\/p>\n<p>S\u00ed, hombre, a\u00fan aguanto. No hasta altas horas. El \u00faltimo d\u00eda, s\u00ed que es verdad que hasta que el cuerpo aguante, pero los dem\u00e1s d\u00edas tampoco aguanto mucho.<\/p>\n<p><strong>En la <a href=\"https:\/\/www.enciendecuenca.com\/2025\/09\/09\/una-vaca-un-maromero-y-colores-anejos-en-el-cartel-de-san-mateo-de-adrian-rodriguez\/\" rel=\"nofollow noopener\" target=\"_blank\">presentaci\u00f3n del cartel <\/a>no quiso adelantar nada del preg\u00f3n, pero a ver si podemos sacar alguna pincelada. \u00bfHabr\u00e1 verso?<\/strong><\/p>\n<p>No. La verdad es que no soy muy ducho en la escritura ni en hablar y lo \u00fanico que he hecho es plasmar mis sentimientos y contar alguna an\u00e9cdota de mi vivencia de San Mateo.<\/p>\n<p><strong>\u00bfCanciones tampoco?<\/strong><\/p>\n<p>Tampoco soy de cantar. No va a haber grandes novedades.<\/p>\n<blockquote class=\"wp-block-quote is-layout-flow wp-block-quote-is-layout-flow\">\n<p>Ser\u00e1 muy especial subirme al balc\u00f3n y acordarme de mis padres y de tantos amigos que he tenido en esta fiesta que ya no est\u00e1n\u201d<\/p>\n<\/blockquote>\n<p><strong>Seguro que ser\u00e1 muy emocionante para usted cuando se vea all\u00ed arriba.<\/strong><\/p>\n<p>La verdad es que para m\u00ed es muy especial. Mis padres me inculcaron esta fiesta desde peque\u00f1o. Mis padres ya no se encuentran con nosotros y para m\u00ed ser\u00e1 muy especial subirme al balc\u00f3n y acordarme de ellos y de tantos amigos que he tenido en esta fiesta que ya no est\u00e1n. Ser\u00e1 un momento, la verdad, emocionante.\u00a0<\/p>\n<p><strong>\u00bfY c\u00f3mo va a ser luego su San Mateo? Porque imagino que tendr\u00e1 m\u00e1s compromisos que nunca, seguramente.<\/strong><\/p>\n<p>S\u00ed, pero bueno, a todos les he dicho: contar conmigo como todos los a\u00f1os, cuando termine la barca. Para m\u00ed siempre son especiales estos cuatro d\u00edas, est\u00e1n marcados a fuego en el calendario. Este a\u00f1o obviamente van a ser m\u00e1s especiales. Pero bueno, durante la barca voy a hacer lo de siempre.<\/p>\n<p><strong>Puede cerrar la entrevista con unas palabras.<\/strong><\/p>\n<p>Pues nada, invito a todos los conquenses a subir y a disfrutar de estos cuatro d\u00edas. Es una fiesta de todos y para todos, en la que todos demos cabida. Lo \u00fanico, que hay respeto y civismo y que lo pasemos en grande.<\/p>\n<p style=\"font-size:22px\"><a href=\"https:\/\/whatsapp.com\/channel\/0029VaEEJxPBPzjYJnl5g92K\" rel=\"nofollow noopener\" target=\"_blank\"><strong>\u00daNETE AL CANAL DE WHATSAPP DE ENCIENDE CUENCA<\/strong><\/a><\/p>\n<p style=\"font-size:22px\"><a href=\"https:\/\/news.google.com\/publications\/CAAqLggKIihDQklTR0FnTWFoUUtFbVZ1WTJsbGJtUmxZM1ZsYm1OaExtTnZiU2dBUAE?ceid=ES:es\" rel=\"nofollow noopener\" target=\"_blank\"><strong>SIGUE A ENCIENDE CUENCA EN GOOGLE NEWS<\/strong><\/a><\/p>\n<p>\u00daLTIMAS NOTICIAS EN ENCIENDE CUENCA<\/p>\n","protected":false},"excerpt":{"rendered":"Diego Escudero, pregonero de San Mateo 2025, es un conquense de pura cepa que vive y defiende con&hellip;\n","protected":false},"author":2,"featured_media":113926,"comment_status":"","ping_status":"","sticky":false,"template":"","format":"standard","meta":{"footnotes":""},"categories":[277],"tags":[373,168,25,24,23,167,374],"class_list":{"0":"post-113925","1":"post","2":"type-post","3":"status-publish","4":"format-standard","5":"has-post-thumbnail","7":"category-toreo","8":"tag-bullfighting","9":"tag-deportes","10":"tag-es","11":"tag-espana","12":"tag-spain","13":"tag-sports","14":"tag-toreo"},"share_on_mastodon":{"url":"","error":""},"_links":{"self":[{"href":"https:\/\/www.europesays.com\/es\/wp-json\/wp\/v2\/posts\/113925","targetHints":{"allow":["GET"]}}],"collection":[{"href":"https:\/\/www.europesays.com\/es\/wp-json\/wp\/v2\/posts"}],"about":[{"href":"https:\/\/www.europesays.com\/es\/wp-json\/wp\/v2\/types\/post"}],"author":[{"embeddable":true,"href":"https:\/\/www.europesays.com\/es\/wp-json\/wp\/v2\/users\/2"}],"replies":[{"embeddable":true,"href":"https:\/\/www.europesays.com\/es\/wp-json\/wp\/v2\/comments?post=113925"}],"version-history":[{"count":0,"href":"https:\/\/www.europesays.com\/es\/wp-json\/wp\/v2\/posts\/113925\/revisions"}],"wp:featuredmedia":[{"embeddable":true,"href":"https:\/\/www.europesays.com\/es\/wp-json\/wp\/v2\/media\/113926"}],"wp:attachment":[{"href":"https:\/\/www.europesays.com\/es\/wp-json\/wp\/v2\/media?parent=113925"}],"wp:term":[{"taxonomy":"category","embeddable":true,"href":"https:\/\/www.europesays.com\/es\/wp-json\/wp\/v2\/categories?post=113925"},{"taxonomy":"post_tag","embeddable":true,"href":"https:\/\/www.europesays.com\/es\/wp-json\/wp\/v2\/tags?post=113925"}],"curies":[{"name":"wp","href":"https:\/\/api.w.org\/{rel}","templated":true}]}}