{"id":113927,"date":"2025-09-14T08:00:09","date_gmt":"2025-09-14T08:00:09","guid":{"rendered":"https:\/\/www.europesays.com\/es\/113927\/"},"modified":"2025-09-14T08:00:09","modified_gmt":"2025-09-14T08:00:09","slug":"ignacio-buse-se-impuso-y-gano-sin-problema-a-jaime-faria-en-el-dia-1-de-la-copa-davis-2025-infobae","status":"publish","type":"post","link":"https:\/\/www.europesays.com\/es\/113927\/","title":{"rendered":"Ignacio Buse se impuso y gan\u00f3 sin problema a Jaime Faria en el d\u00eda 1 de la Copa Davis 2025 &#8211; Infobae"},"content":{"rendered":"<ol>\n<li><a href=\"https:\/\/news.google.com\/rss\/articles\/CBMi6gFBVV95cUxQck54ZWtnelRtUGs2Nm52SFMyRnRwODF5OFJJNmxyRGtCZkNGV3NDQ2U4U3dsSWxZazdjSzF1eVlRRG5NUHV6OHNpdExsM1J2X0JWbUVaQVg0T2NJd1RERGxVMW1kaDdySUJkSzFQWElWTTRQbUdwWGZuSXd0YzI5dmUtRGJDejROWmhTTFJQZ1NZcDJYcVVfN0xHb1l6WThqbGRYLWp5VTk2Nk9kekFvUDhEZVZxNTVRUGVONXh5YXdJSmFydnhoTzdUUzdqbUV3aElNR1ZwQWktZTNkZkVaZnA0QllhVl9DLUHSAYQCQVVfeXFMTW1mOGNLQjZxSjhpS1lDWlEyWXVqbF9DaF94blVqcHBlU3hBSldhM2pNeDNsMmFrMUNJaEJiekRvVHNkYjRTMGhJTGc5cWY5ZXJxdFl6V05xcEJJOGdHMlJXZHFhcHFSZTdCMHBoVjYtd0YyQjdlR1cwZmFETWN0T1VqcFBpYzAtUTIzT3lyUWtVa3M1SDBaZ1ZDSEEzQzl1ZEwwbl9Bb292X2s5UGVXa0NGSHd0REtjaGo3VVlMMmVSeHA4NC10VUZRa1BoeVFPUmVsNTBqOTFGRU9HOER4MUdhTWZQWXpVSGlURHVYSjNJcDJWX0llYnB3YlhLSjFfaGM4Vlk?oc=5\" target=\"_blank\" rel=\"nofollow noopener\">Ignacio Buse se impuso y gan\u00f3 sin problema a Jaime Faria en el d\u00eda 1 de la Copa Davis 2025<\/a>&nbsp;&nbsp;Infobae<\/li>\n<li><a href=\"https:\/\/news.google.com\/rss\/articles\/CBMi4wFBVV95cUxQd1pFSDNhTEpiMTYyYUdHSFR2WjhtX1dLU3B0NzF6M0g3RG1ZZGt5VExBRmpYMTRJY2poaTcwLVR2dlFfcHhSNThlTFpfUjFCai1jTVBaV2RXWDNTaGZFa3RoMXlxMklza1FOX3BVQXI5enptM0NZcVFNOWJVVFRvNWNnWXpQY281bktfRElyLWFmUHk3ZVNIYU5tWVgwWFk4YTZxeEJyeWY3eGg1NUJQZTM3SkRxOEp5bFhlcHhFbGNTajRkSTNRcWdSbHhXMVpWYVlGZUFtdnl0ZnIxXzBaanV3Y9IB_gFBVV95cUxPTEplNXFSOGtJaDROamtKQW5sY2NWMXZ6XzNiZWtubDA0VlFrTmlCb0ZKVkVLZWVYZE5kclJqMUt3LUdKX2JrMjBzbkxlVmRCcDlOM0MtQ25adUZKUUxoM3JlTzY0MExNa282dWtWTWdoZzg1YjhYVXg1MnB1UklyYm9Qb2c0aWVoOHpzX1VMbzZLTFhfMC1YWmNaUDFZRlg3UWZoQWtfYVdMYWdNQlQ1RWpaMlhnd0hpTEtvcWNqSmhKaldqcWtfdzlmcl9remxBZGVVNkFtZ1N6NnlWSlVVMC1xOXpVNDBsclBIQW1zc01hNWs1dVlSWFQwWEdsZw?oc=5\" target=\"_blank\" rel=\"nofollow noopener\">Ignacio Buse derrot\u00f3 a Nuno Borges y le dio clasificaci\u00f3n hist\u00f3rica a Per\u00fa a las \u2018qualifiers\u2019 de la Copa Davis 2026<\/a>&nbsp;&nbsp;Infobae<\/li>\n<li><a href=\"https:\/\/news.google.com\/rss\/articles\/CBMiiAFBVV95cUxQU2RsS0wwbHhCeG9abGs0cXhvdW81djJ5VGhoN2QtdlZ4OE9mNHlKQXVWeHlIeGVlVGg2VFN1YWo3QnRyN2FMcmhHcFhkcUNlTEN0RzViSjlXZTVyNV9GRjBobUdpeTJTTFFBWVVRYnJTV09PYzJ5d2p3T0JmaHMxNVNNM19nRzdr0gGIAUFVX3lxTFBTZGxLTDBseEJ4b1psazRxeG91bzV2MnlUaGg3ZC12Vng4T2Y0eUpBdVZ4eUh4ZWVUaDZUU3VhajdCdHI3YUxyaEdwWGRxQ2VMQ3RHNWJKOVdlNXI1X0ZGMGhtR2l5MlNMUUFZVVFiclNXT09jMnl3andPQmZoczE1U00zX2dHN2s?oc=5\" target=\"_blank\" rel=\"nofollow noopener\">D\u00f3nde y cu\u00e1ndo es la final de la Copa Davis 2025<\/a>&nbsp;&nbsp;Bolavip<\/li>\n<li><a href=\"https:\/\/news.google.com\/rss\/articles\/CBMifEFVX3lxTE5acXdzOTBXOWZoTjFEUXE0WUFBRUJkUmd1bWs0cDE4ZUhBVzhGeDZoaEtKWEFxZHFPWXZfUEVuVl9PQl82TVF2VElITnNBQUhGMFpMNzRxbGlXd194QVFTeTBEa0VMc0oxNWRxTUZVcDhNV2RJY2l4X1Z6SG8?oc=5\" target=\"_blank\" rel=\"nofollow noopener\">Per\u00fa vs Portugal: resultado EN VIVO del dobles en Copa Davis 2025<\/a>&nbsp;&nbsp;365Scores<\/li>\n<li><a href=\"https:\/\/news.google.com\/rss\/articles\/CBMizgFBVV95cUxPekFtbldfWGl1MzhvNDBoMWRyMm5YODRvMjdBQ1lnVVQ2bkFMSFA5WGl6Tl84V2J1WEc0N0NHLTU4U1dDV2JtWk85WHNPUEFMSmhlUXE3cE9FMlZ6RTNDbTB1V2Rfa21CUlhHcFlwemgxYVhLU1cxTktiSUdveURRd3NXZW5WOEdmT0FrejZzdWR4T1Zhc3RtVHk4M29BTERCb1NnZ3FvUzdod1RpNGVPdnVwakpybVFGaDl3RHVWaWVGcFFCN0pncmZNdWFKZw?oc=5\" target=\"_blank\" rel=\"nofollow noopener\">Per\u00fa est\u00e1 a un paso de acceder a la elite de la Copa Davis<\/a>&nbsp;&nbsp;ESPN Deportes<\/li>\n<\/ol>\n","protected":false},"excerpt":{"rendered":"Ignacio Buse se impuso y gan\u00f3 sin problema a Jaime Faria en el d\u00eda 1 de la Copa&hellip;\n","protected":false},"author":2,"featured_media":113928,"comment_status":"","ping_status":"","sticky":false,"template":"","format":"standard","meta":{"footnotes":""},"categories":[274],"tags":[168,25,24,23,167,327,326],"class_list":{"0":"post-113927","1":"post","2":"type-post","3":"status-publish","4":"format-standard","5":"has-post-thumbnail","7":"category-tenis","8":"tag-deportes","9":"tag-es","10":"tag-espana","11":"tag-spain","12":"tag-sports","13":"tag-tenis","14":"tag-tennis"},"share_on_mastodon":{"url":"","error":""},"_links":{"self":[{"href":"https:\/\/www.europesays.com\/es\/wp-json\/wp\/v2\/posts\/113927","targetHints":{"allow":["GET"]}}],"collection":[{"href":"https:\/\/www.europesays.com\/es\/wp-json\/wp\/v2\/posts"}],"about":[{"href":"https:\/\/www.europesays.com\/es\/wp-json\/wp\/v2\/types\/post"}],"author":[{"embeddable":true,"href":"https:\/\/www.europesays.com\/es\/wp-json\/wp\/v2\/users\/2"}],"replies":[{"embeddable":true,"href":"https:\/\/www.europesays.com\/es\/wp-json\/wp\/v2\/comments?post=113927"}],"version-history":[{"count":0,"href":"https:\/\/www.europesays.com\/es\/wp-json\/wp\/v2\/posts\/113927\/revisions"}],"wp:featuredmedia":[{"embeddable":true,"href":"https:\/\/www.europesays.com\/es\/wp-json\/wp\/v2\/media\/113928"}],"wp:attachment":[{"href":"https:\/\/www.europesays.com\/es\/wp-json\/wp\/v2\/media?parent=113927"}],"wp:term":[{"taxonomy":"category","embeddable":true,"href":"https:\/\/www.europesays.com\/es\/wp-json\/wp\/v2\/categories?post=113927"},{"taxonomy":"post_tag","embeddable":true,"href":"https:\/\/www.europesays.com\/es\/wp-json\/wp\/v2\/tags?post=113927"}],"curies":[{"name":"wp","href":"https:\/\/api.w.org\/{rel}","templated":true}]}}