{"id":113929,"date":"2025-09-14T08:01:05","date_gmt":"2025-09-14T08:01:05","guid":{"rendered":"https:\/\/www.europesays.com\/es\/113929\/"},"modified":"2025-09-14T08:01:05","modified_gmt":"2025-09-14T08:01:05","slug":"lo-intentamos-todo-nada-que-reprochar","status":"publish","type":"post","link":"https:\/\/www.europesays.com\/es\/113929\/","title":{"rendered":"\u201cLo intentamos todo, nada que reprochar\u00bb"},"content":{"rendered":"<p data-mrf-recirculation=\"Links P\u00e1rrafos\" class=\"ue-c-article__paragraph paragraph ue-c-article--first-letter-highlighted\">Jo\u00e3o <strong>Almeida<\/strong> defendi\u00f3 con entereza la segunda plaza de la clasificaci\u00f3n general en <strong>LaVuelta 2025<\/strong>, a pesar de arrastrar problemas de salud durante los \u00faltimos d\u00edas. El portugu\u00e9s exprimi\u00f3 hasta la \u00faltima gota de energ\u00eda en la decisiva etapa de la Bola del Mundo, intentando sin \u00e9xito arrebatar el liderato a <strong>Jonas Vingegaard.<\/strong><\/p>\n<p data-mrf-recirculation=\"Links P\u00e1rrafos\" class=\"ue-c-article__paragraph paragraph\"><strong>\u201cYa estaba al l\u00edmite durante toda la jornada, pero ten\u00edamos que intentarlo, no hab\u00eda nada que perder\u201d, confes\u00f3 a Eurosport tras cruzar la meta en la cima madrile\u00f1a.<\/strong><\/p>\n<p data-mrf-recirculation=\"Links P\u00e1rrafos\" class=\"ue-c-article__paragraph paragraph\">El corredor del UAE Team Emirates explic\u00f3 que la estrategia era endurecer la etapa desde el inicio para poner en aprietos al dan\u00e9s. El plan, sin embargo, se desmoron\u00f3 cuando Vingegaard respondi\u00f3 con un ataque demoledor que le llev\u00f3 a la victoria. \u201cLa idea era hacer la etapa lo m\u00e1s r\u00e1pida y dura posible. Por desgracia he estado enfermo esta semana y las sensaciones no eran las mejores, pero aun as\u00ed lo probamos\u201d, reconoci\u00f3 Almeida.<\/p>\n<p data-mrf-recirculation=\"Links P\u00e1rrafos\" class=\"ue-c-article__paragraph paragraph\">Lejos de mostrar frustraci\u00f3n, el luso valor\u00f3 el esfuerzo realizado y felicit\u00f3 a su rival: <strong>\u201cNo hay arrepentimientos. Hicimos lo que estaba en nuestra mano. Felicidades a Jonas, estuvo fort\u00edsimo. No es un mal resultado quedar justo detr\u00e1s de \u00e9l\u201d.<\/strong><\/p>\n<p data-mrf-recirculation=\"Links P\u00e1rrafos\" class=\"ue-c-article__paragraph paragraph\">El segundo puesto final, a 1:16 de Vingegaard, supone el mejor resultado de su carrera en una gran vuelta, mejorando el cuarto lugar que obtuvo en el Tour de Francia 2024. A<strong>dem\u00e1s de subir al podio, Almeida se marcha con el prestigio de haber conquistado la etapa del Angliru, imponi\u00e9ndose all\u00ed al propio maillot rojo.<\/strong><\/p>\n<p data-mrf-recirculation=\"Links P\u00e1rrafos\" class=\"ue-c-article__paragraph paragraph\">Con un a\u00f1o repleto de victorias parciales en el WorldTour, Almeida conf\u00eda en que este podio sirva de trampol\u00edn para asaltar definitivamente una gran vuelta en 2026, respaldado por un bloque dise\u00f1ado para llevarle hasta lo m\u00e1s alto.<\/p>\n","protected":false},"excerpt":{"rendered":"Jo\u00e3o Almeida defendi\u00f3 con entereza la segunda plaza de la clasificaci\u00f3n general en LaVuelta 2025, a pesar de&hellip;\n","protected":false},"author":2,"featured_media":111737,"comment_status":"","ping_status":"","sticky":false,"template":"","format":"standard","meta":{"footnotes":""},"categories":[273],"tags":[313,312,168,25,24,23,167],"class_list":{"0":"post-113929","1":"post","2":"type-post","3":"status-publish","4":"format-standard","5":"has-post-thumbnail","7":"category-ciclismo","8":"tag-ciclismo","9":"tag-cycling","10":"tag-deportes","11":"tag-es","12":"tag-espana","13":"tag-spain","14":"tag-sports"},"share_on_mastodon":{"url":"","error":""},"_links":{"self":[{"href":"https:\/\/www.europesays.com\/es\/wp-json\/wp\/v2\/posts\/113929","targetHints":{"allow":["GET"]}}],"collection":[{"href":"https:\/\/www.europesays.com\/es\/wp-json\/wp\/v2\/posts"}],"about":[{"href":"https:\/\/www.europesays.com\/es\/wp-json\/wp\/v2\/types\/post"}],"author":[{"embeddable":true,"href":"https:\/\/www.europesays.com\/es\/wp-json\/wp\/v2\/users\/2"}],"replies":[{"embeddable":true,"href":"https:\/\/www.europesays.com\/es\/wp-json\/wp\/v2\/comments?post=113929"}],"version-history":[{"count":0,"href":"https:\/\/www.europesays.com\/es\/wp-json\/wp\/v2\/posts\/113929\/revisions"}],"wp:featuredmedia":[{"embeddable":true,"href":"https:\/\/www.europesays.com\/es\/wp-json\/wp\/v2\/media\/111737"}],"wp:attachment":[{"href":"https:\/\/www.europesays.com\/es\/wp-json\/wp\/v2\/media?parent=113929"}],"wp:term":[{"taxonomy":"category","embeddable":true,"href":"https:\/\/www.europesays.com\/es\/wp-json\/wp\/v2\/categories?post=113929"},{"taxonomy":"post_tag","embeddable":true,"href":"https:\/\/www.europesays.com\/es\/wp-json\/wp\/v2\/tags?post=113929"}],"curies":[{"name":"wp","href":"https:\/\/api.w.org\/{rel}","templated":true}]}}