{"id":113938,"date":"2025-09-14T08:06:10","date_gmt":"2025-09-14T08:06:10","guid":{"rendered":"https:\/\/www.europesays.com\/es\/113938\/"},"modified":"2025-09-14T08:06:10","modified_gmt":"2025-09-14T08:06:10","slug":"el-museo-de-bellas-artes-de-sevilla-cerrara-el-ano-con-una-gran-exposicion-que-reunira-120-obras-maestras-de-la-familia-becquer","status":"publish","type":"post","link":"https:\/\/www.europesays.com\/es\/113938\/","title":{"rendered":"El Museo de Bellas Artes de Sevilla cerrar\u00e1 el a\u00f1o con una gran exposici\u00f3n que reunir\u00e1 120 obras maestras de la familia B\u00e9cquer"},"content":{"rendered":"<p style=\"\">El <a href=\"https:\/\/www.museosdeandalucia.es\/web\/museodebellasartesdesevilla\" target=\"_self\" data-voc-vtm-id=\"in-text-traffic\" title=\"Museo de Bellas Artes de Sevilla\" data-mrf-link=\"www.museosdeandalucia.es\" rel=\"nofollow noopener\">Museo de Bellas Artes de Sevilla<\/a> cerrar\u00e1 el a\u00f1o con una gran exposici\u00f3n, <strong>&#8216;Los B\u00e9cquer, un linaje de artistas&#8217;<\/strong>, que reunir\u00e1 en torno a <strong>120 obras<\/strong>, entre <strong>dibujos y pinturas<\/strong>, pertenecientes a una de las sagas m\u00e1s importantes del  &#8230; arte espa\u00f1ol del siglo XIX: la de la familia B\u00e9cquer. La muestra se podr\u00e1 disfrutar desde el pr\u00f3ximo mes de diciembre hasta marzo de 2026 y ofrecer\u00e1 creaciones procedentes de pr\u00e9stamos de numerosos museos de la talla del Mus\u00e9e Bonnat-Helleu de Bayona, (Francia), el<strong> Museo del Prado<\/strong>, el Museo San Telmo de San Sebasti\u00e1n, el <strong>Museo Nacional del Romanticismo<\/strong>, el Museo L\u00e1zaro Galdiano, el Museo Carmen Thyssen de M\u00e1laga, el Museo de C\u00e1diz y la Biblioteca Nacional. A estos se suman los procedentes de diversas colecciones particulares espa\u00f1olas. <\/p>\n<p class=\"voc-p\" style=\"\">La muestra estar\u00e1 dividida en tres secciones y abordar\u00e1 la producci\u00f3n art\u00edstica de <strong>Jos\u00e9 Dom\u00ednguez Insausti<\/strong> (1805-1841), el iniciador de la saga, conocido como <strong>Jos\u00e9 Dom\u00ednguez B\u00e9cquer<\/strong> al adoptar el hoy c\u00e9lebre segundo apellido de su padre; su primo <strong>Joaqu\u00edn Dom\u00ednguez B\u00e9cquer<\/strong> (1816\u20131879), el m\u00e1s longevo y prol\u00edfico de la estirpe, y los hijos del primero, <strong>Valeriano<\/strong> y <strong>Gustavo Adolfo<\/strong>, autor de las &#8216;Rimas&#8217; y las &#8216;Leyendas&#8217;, quien fue particularmente diestro en el dibujo.<\/p>\n<p class=\"voc-p\" style=\"\">El recorrido ofrecer\u00e1 al p\u00fablico la producci\u00f3n de cada uno de ellos, <strong>permitiendo conocer sus obras, as\u00ed como sus rasgos individuales<\/strong>, al mismo tiempo que facilitar\u00e1 la percepci\u00f3n de una serie de caracter\u00edsticas comunes que los relacionan, como la continuidad de temas y estilos, o su particular agudeza como testigos anal\u00edticos de una \u00e9poca fundamental en la historia de Espa\u00f1a.<\/p>\n<p><img decoding=\"async\" loading=\"lazy\" src=\"https:\/\/www.europesays.com\/es\/wp-content\/uploads\/2025\/09\/retrato-gustavoadolfo-becquer-U82353686415WaW-760x1000@diario_abc.jpg\" class=\"voc-img\" width=\"760\" height=\"1000\" alt=\"'Retrato de Gustavo Adolfo B\u00e9cquer' (1862), de Valeriano Dom\u00ednguez B\u00e9cquer\" data-voc-vtm-id=\"in-text-traffic\"\/><\/p>\n<p>&#8216;Retrato de Gustavo Adolfo B\u00e9cquer&#8217; (1862), de Valeriano Dom\u00ednguez B\u00e9cquer<\/p>\n<p>ABC<\/p>\n<p class=\"voc-p\" style=\"\">La primera parte de la exposici\u00f3n estar\u00e1 dedicada a<strong> Jos\u00e9 Dom\u00ednguez B\u00e9cquer<\/strong>, cuyas litograf\u00edas populares se difundieron por toda Europa. La segunda secci\u00f3n presentar\u00e1 el trabajo de su primo <strong>Joaqu\u00edn Dom\u00ednguez B\u00e9cquer<\/strong>, conocido por su idealizaci\u00f3n de la cultura andaluza. Ambos pintores son esenciales para entender el desarrollo del costumbrismo en Espa\u00f1a. Finalmente, la tercera parte pondr\u00e1 el foco en Valeriano Dom\u00ednguez B\u00e9cquer y Gustavo Adolfo B\u00e9cquer, poeta y tambi\u00e9n dibujante, cuya contribuci\u00f3n literaria y art\u00edstica es un referente en la historia cultural espa\u00f1ola.<\/p>\n<p class=\"voc-p\" style=\"\">En palabras de la consejera de Cultura y Deporte, <strong>Patricia del Pozo<\/strong>, \u00abla exposici\u00f3n, que cierra el programa expositivo del Museo de Bellas Artes de Sevilla para 2025 <strong>pretende dar a conocer la singular importancia de los pintores de la familia B\u00e9cquer<\/strong>, una saga de influyentes artistas en el panorama rom\u00e1ntico sevillano y espa\u00f1ol\u00bb. Adem\u00e1s, la titular de Cultura destaca que la propuesta incide en el prop\u00f3sito de la pinacoteca que dirige <strong>Valme Mu\u00f1oz<\/strong> de <strong>\u00abestudiar, conocer y divulgar el patrimonio art\u00edstico sevillano y andaluz\u00bb<\/strong>.<\/p>\n<p class=\"voc-p\" style=\"\">A trav\u00e9s de sus pinturas y dibujos, <strong>estos artistas realizan el retrato de toda una \u00e9poca<\/strong>, constituida por las d\u00e9cadas centrales del siglo XIX \u2014el reinado de Isabel II\u2014 , que en el plano art\u00edstico corresponde al apogeo del romanticismo, mientras que el plano pol\u00edtico y social muestra un contexto complejo: el dif\u00edcil equilibrio entre la tradici\u00f3n y los renovados cambios sociales que sacuden el siglo XIX.<\/p>\n<p class=\"voc-p\" style=\"\">De Jos\u00e9 Dom\u00ednguez B\u00e9cquer, el iniciador de la saga, se podr\u00e1n ver obras destacadas como <strong>&#8216;Baile en una venta&#8217;<\/strong>, perteneciente a la Colecci\u00f3n Abell\u00f3. Similar tema es el que cultiva su primo Joaqu\u00edn en su cuadro <strong>&#8216;Baile en el exterior de una venta&#8217;<\/strong> (1867), que pertenece a la colecci\u00f3n del Museo Carmen Thyssen de M\u00e1laga. En este \u00faltimo lienzo, pareja de<strong> &#8216;La Feria de Sevilla&#8217;<\/strong>, se puede contemplar un paisaje abierto, probablemente de los alrededores de Sevilla, en el que varios personajes celebran una merienda campestre al atardecer, junto a una cruz de t\u00e9rmino. Asimismo, de Joaqu\u00edn Dom\u00ednguez B\u00e9cquer se expondr\u00e1 otro lienzo fundamental, <strong>&#8216;Carnaval en la lonja de Sevilla&#8217;<\/strong> (1879), de los fondos del Museo del Romanticismo. Se trata de un excelente paisaje urbano que refleja la antigua Casa Lonja o Casa de Contrataci\u00f3n de Indias (hoy Archivo de Indias) durante la \u00e9poca del carnaval. <\/p>\n<p><img decoding=\"async\" loading=\"lazy\" src=\"https:\/\/www.europesays.com\/es\/wp-content\/uploads\/2025\/09\/Foto-Patricia-delpozo-U37745808568llR-760x600@diario_abc.jpeg\" class=\"voc-img\" width=\"760\" height=\"600\" alt=\"Patricia del Pozo cuando anunci\u00f3 la programaci\u00f3n del Museo de Bellas Artes de Sevilla para el a\u00f1o 2025\" data-voc-vtm-id=\"in-text-traffic\"\/><\/p>\n<p>Patricia del Pozo cuando anunci\u00f3 la programaci\u00f3n del Museo de Bellas Artes de Sevilla para el a\u00f1o 2025<\/p>\n<p>abc<\/p>\n<p class=\"voc-p\" style=\"\">Jos\u00e9 Dom\u00ednguez B\u00e9cquer estuvo vinculado a la Academia de Bellas Artes de Sevilla hacia 1830. En aquella \u00e9poca cultiv\u00f3 la amistad del viajero ingl\u00e9s <strong>Richard Ford<\/strong>. A lo largo de su carrera realiz\u00f3 \u00e1lbumes de dibujos, acuarelas y aguadas e ilustraciones, adem\u00e1s de sus pinturas al \u00f3leo. Por su parte, su primo Joaqu\u00edn obtuvo un gran reconocimiento en vida y fue tambi\u00e9n director de restauraci\u00f3n de obras del Real Alc\u00e1zar. Asimismo, <strong>solicit\u00f3 permiso a la reina Isabel II para poder vivir en una casa del Patio de Banderas<\/strong>. Cont\u00f3 con el favor de los duques de Montpensier, siendo profesor de dibujo de sus hijos. Igualmente particip\u00f3 en la catalogaci\u00f3n de las obras del Museo de Bellas Artes de Sevilla. Fue fundamental en la formaci\u00f3n art\u00edstica de su sobrino Valeriano, que se hab\u00eda quedado hu\u00e9rfano al morir a la edad de 36 a\u00f1os. <\/p>\n<p><img decoding=\"async\" loading=\"lazy\" src=\"https:\/\/www.europesays.com\/es\/wp-content\/uploads\/2025\/09\/pintor-carlista-familia-U76164380805QuF-760x600@diario_abc.jpg\" class=\"voc-img\" width=\"760\" height=\"600\" alt=\"'El pintor carlista y su familia' (1859), uno de los lienzos m\u00e1s notables de Valeriano Dom\u00ednguez B\u00e9cquer, que vendr\u00e1 del Museo desde el Prado\" data-voc-vtm-id=\"in-text-traffic\"\/><\/p>\n<p>&#8216;El pintor carlista y su familia&#8217; (1859), uno de los lienzos m\u00e1s notables de Valeriano Dom\u00ednguez B\u00e9cquer, que vendr\u00e1 del Museo desde el Prado<\/p>\n<p>ABC<\/p>\n<p>El Palacio de Monsalves albergar\u00e1 las obras de los artistas del siglo XIX y del siglo XX<\/p>\n<p class=\"voc-p\">Al margen de la oferta expositiva, el Museo de Bellas Artes de Sevilla atraviesa una etapa fundamental despu\u00e9s de que la consejera Patricia del Pozo acordase el pasado mes de julio el impulso al proyecto de ampliaci\u00f3n de la pinacoteca al Palacio de Monsalves y la antigua biblioteca p\u00fablica de la calle Alfonso XII, ambos inmuebles propiedad de la Junta de Andaluc\u00eda, ampliando su superficie \u00fatil de 5.937 metros cuadrados a un total de 13.526 metros cuadrados. La propuesta recalca la afortunada relaci\u00f3n entre el antiguo convento de la Merced y el contenido que albergar\u00eda (principalmente, obras renacentistas y barrocas), ofreciendo un valioso factor de contextualizaci\u00f3n, mientras que el Palacio de Monsalves ofrece tambi\u00e9n esa vinculaci\u00f3n para las obras del coleccionismo y las donaciones de la sociedad sevillana en el siglo XIX. En este \u00faltimo inmueble no s\u00f3lo se podr\u00e1n ver en el futuro los cuadros de la familia B\u00e9cquer, sino tambi\u00e9n pinturas de grandes artistas del XIX y del XX, como Manuel Cabral Bejarano, Eduardo Cano, Fernando Tirado, Jos\u00e9 Villegas, Jos\u00e9 Garc\u00eda Ramos, Gonzalo Bilbao, etc.<\/p>\n<p class=\"voc-p\" style=\"\">La tercera parte de la exposici\u00f3n se dedica a Valeriano Dom\u00ednguez B\u00e9cquer y a su hermano Gustavo Adolfo. En la muestra no faltar\u00e1 al famoso <strong>&#8216;Retrato de Gustavo Adolfo B\u00e9cquer&#8217;<\/strong> (1862), una de las obras maestras del romanticismo espa\u00f1ol que pertenece a la colecci\u00f3n del Museo de Bellas Artes de Sevilla. La pinacoteca sevillana \u2014que tiene una sala permanente dedicada a los B\u00e9cquer\u2014 posee otros lienzos notables de Valeriano, como <strong>&#8216;Retrato del pintor Francisco Trist\u00e1n&#8217;<\/strong> (1859), <strong>&#8216;Retrato del pintor Gumersindo D\u00edaz&#8217;<\/strong> (1859) \u2014que fue disc\u00edpulo de su t\u00edo Joaqu\u00edn en la Academia de Bellas Artes\u2014, &#8216;El chocolate&#8217; o &#8216;Interior de una casa de campo en un pueblo de Arag\u00f3n&#8217; (1866) o &#8216;Retrato de Julia B\u00e9cquer Coghan&#8217;, hija del artista, que fue pintada con apenas cinco meses de vida. Esta don\u00f3 el lienzo a la pinacoteca hispalense en 1925. <\/p>\n<p class=\"voc-p\" style=\"\">De los fondos del Museo del Prado podr\u00e1n verse otras dos pinturas notables de Valeriano Dom\u00ednguez B\u00e9cquer. La primera de estas es <strong>&#8216;El pintor carlista y su familia&#8217;<\/strong> (1859), que muestra una familia burguesa. Aparte de los hijos y de su esposa, que toca el piano, en el centro aparece un militar carlista pintando en un caballete. Destaca la iluminaci\u00f3n que proviene del lado izquierdo. El otro lienzo del Prado es<strong> &#8216;El presente. Fiesta mayor en Moncayo (Arag\u00f3n), la v\u00edspera del santo patrono&#8217;<\/strong> (1866). De este mismo artista se expondr\u00e1 <strong>&#8216;Retrato de muchacha&#8217;<\/strong> (1866), del Museo L\u00e1zaro Galdiano. <\/p>\n","protected":false},"excerpt":{"rendered":"El Museo de Bellas Artes de Sevilla cerrar\u00e1 el a\u00f1o con una gran exposici\u00f3n, &#8216;Los B\u00e9cquer, un linaje&hellip;\n","protected":false},"author":2,"featured_media":113939,"comment_status":"","ping_status":"","sticky":false,"template":"","format":"standard","meta":{"footnotes":""},"categories":[173],"tags":[29821,1611,229,233,1968,231,230,38507,1967,12626,232,234,146,147,25,24,2003,367,3956,38506,470,474,9509,1171,23],"class_list":{"0":"post-113938","1":"post","2":"type-post","3":"status-publish","4":"format-standard","5":"has-post-thumbnail","7":"category-arte-y-diseno","8":"tag-29821","9":"tag-ano","10":"tag-arte","11":"tag-arte-y-diseno","12":"tag-artes","13":"tag-arts","14":"tag-arts-and-design","15":"tag-becquer","16":"tag-bellas","17":"tag-cerrara","18":"tag-design","19":"tag-diseno","20":"tag-entertainment","21":"tag-entretenimiento","22":"tag-es","23":"tag-espana","24":"tag-exposicion","25":"tag-familia","26":"tag-gran","27":"tag-maestras","28":"tag-museo","29":"tag-obras","30":"tag-reunira","31":"tag-sevilla","32":"tag-spain"},"share_on_mastodon":{"url":"","error":""},"_links":{"self":[{"href":"https:\/\/www.europesays.com\/es\/wp-json\/wp\/v2\/posts\/113938","targetHints":{"allow":["GET"]}}],"collection":[{"href":"https:\/\/www.europesays.com\/es\/wp-json\/wp\/v2\/posts"}],"about":[{"href":"https:\/\/www.europesays.com\/es\/wp-json\/wp\/v2\/types\/post"}],"author":[{"embeddable":true,"href":"https:\/\/www.europesays.com\/es\/wp-json\/wp\/v2\/users\/2"}],"replies":[{"embeddable":true,"href":"https:\/\/www.europesays.com\/es\/wp-json\/wp\/v2\/comments?post=113938"}],"version-history":[{"count":0,"href":"https:\/\/www.europesays.com\/es\/wp-json\/wp\/v2\/posts\/113938\/revisions"}],"wp:featuredmedia":[{"embeddable":true,"href":"https:\/\/www.europesays.com\/es\/wp-json\/wp\/v2\/media\/113939"}],"wp:attachment":[{"href":"https:\/\/www.europesays.com\/es\/wp-json\/wp\/v2\/media?parent=113938"}],"wp:term":[{"taxonomy":"category","embeddable":true,"href":"https:\/\/www.europesays.com\/es\/wp-json\/wp\/v2\/categories?post=113938"},{"taxonomy":"post_tag","embeddable":true,"href":"https:\/\/www.europesays.com\/es\/wp-json\/wp\/v2\/tags?post=113938"}],"curies":[{"name":"wp","href":"https:\/\/api.w.org\/{rel}","templated":true}]}}