{"id":113942,"date":"2025-09-14T08:08:10","date_gmt":"2025-09-14T08:08:10","guid":{"rendered":"https:\/\/www.europesays.com\/es\/113942\/"},"modified":"2025-09-14T08:08:10","modified_gmt":"2025-09-14T08:08:10","slug":"la-mentira-de-maria-se-acaba","status":"publish","type":"post","link":"https:\/\/www.europesays.com\/es\/113942\/","title":{"rendered":"La mentira de Mar\u00eda se acaba"},"content":{"rendered":"<p data-journey-content=\"true\" data-node-id=\"3\" class=\"css-i9p093 emevuu60\">Esta semana en &#8216;<a href=\"https:\/\/www.diezminutos.es\/suenos-de-libertad\/\" target=\"_blank\" data-vars-ga-outbound-link=\"https:\/\/www.diezminutos.es\/suenos-de-libertad\/\" data-vars-ga-ux-element=\"Hyperlink\" data-vars-ga-call-to-action=\"Sue\u00f1os de libertad\" data-node-id=\"3.1\" class=\"body-link css-177bzfx emevuu60\" rel=\"nofollow noopener\">Sue\u00f1os de libertad<\/a>&#8216;, la muerte de Tasio golpea al chico con fuerza brutal. Se vuelve esquivo con sus hermanos, como si cada palabra pudiera quebrarle a\u00fan m\u00e1s. Un enfrentamiento con Dami\u00e1n enciende la chispa de un conflicto que arde sin control, empeorando su \u00e1nimo ya fr\u00e1gil. <strong data-node-id=\"3.3\">Tasio organiza el funeral de \u00c1ngela con una condici\u00f3n<\/strong> inquebrantable: <a href=\"https:\/\/www.diezminutos.es\/telenovela\/espanolas\/a66034536\/suenos-de-libertad-capitulo-391-avance-jueves-11-septiembre-antena-3\/\" target=\"_blank\" data-vars-ga-outbound-link=\"https:\/\/www.diezminutos.es\/telenovela\/espanolas\/a66034536\/suenos-de-libertad-capitulo-391-avance-jueves-11-septiembre-antena-3\/\" data-vars-ga-ux-element=\"Hyperlink\" data-vars-ga-call-to-action=\"Dami\u00e1n no debe aparecer\" data-node-id=\"3.5\" class=\"body-link css-177bzfx emevuu60\" rel=\"nofollow noopener\">Dami\u00e1n no debe aparecer<\/a>. El empresario cumple su promesa y se ausenta del entierro, dejando a todos descolocados ante la fr\u00eda ausencia. Tasio, desgarrado, se desploma finalmente ante Gaspar. En ese gesto, la coraza que hab\u00eda sostenido durante d\u00edas se quiebra, y la fragilidad del dolor se hace visible, inevitable, humana.<\/p>\n<p><img draggable=\"true\" alt=\"sue\u00f1os de libertad\" title=\"Pelayo en Suenos de libertad\" loading=\"lazy\" width=\"1280\" height=\"853\" decoding=\"async\" data-nimg=\"1\" style=\"color:transparent;width:100%;height:auto;\"   src=\"https:\/\/www.europesays.com\/es\/wp-content\/uploads\/2025\/09\/gv92a1bw0aavh-w-68778b0480219.jpeg\" class=\"css-0 e1g79fud0\"\/><\/p>\n<p>Atresmedia<\/p>\n<p>La visita de Vaca anima a la familia en &#8216;Sue\u00f1os de libertad&#8217;<\/p>\n<p data-journey-content=\"true\" data-node-id=\"8\" class=\"css-i9p093 emevuu60\">Mientras tanto, Dami\u00e1n logra que Vaca acceda a recalificar los terrenos de los Merino, abriendo un camino que antes estaba bloqueado. La visita de Vaca a la f\u00e1brica confirma su respaldo al proyecto de Pasi\u00f3n Oculta, y la maquinaria del poder y la ambici\u00f3n comienza a moverse sin freno. Por su parte, <strong data-node-id=\"8.1\">Mar\u00eda contin\u00faa manipulando a Luz<\/strong>, ocultando tras una fachada de fragilidad y victimismo cada movimiento calculado. La tensi\u00f3n aumenta cuando Julia comenta a Bego\u00f1a que ha visto los zapatos de Mar\u00eda desabrochados, y Gabriel no puede ocultar su nerviosismo. Poco despu\u00e9s, Bego\u00f1a escucha el ruido de pasos que se alejan por la habitaci\u00f3n de Mar\u00eda y empieza a sospechar que la joven ha recuperado la movilidad en sus piernas, especialmente ahora que ha decidido iniciar una nueva rehabilitaci\u00f3n m\u00e1s intensa en Madrid.<\/p>\n<p>Pedro logra manipular a Cristina en &#8216;Sue\u00f1os de libertad&#8217;<img draggable=\"true\" alt=\"sue\u00f1os de libertad\" title=\"Sue\u00f1os de libertad\" loading=\"lazy\" width=\"3500\" height=\"2333\" decoding=\"async\" data-nimg=\"1\" style=\"color:transparent;width:100%;height:auto;\"   src=\"https:\/\/www.europesays.com\/es\/wp-content\/uploads\/2025\/09\/alta-sdl-t03-e397-10se-31-03-25-c-sergio-martinez-223-68c2b04d5c9da.jpg\" class=\"css-0 e1g79fud0\"\/><\/p>\n<p>Add antena 3<\/p>\n<p data-journey-content=\"true\" data-node-id=\"12\" class=\"css-i9p093 emevuu60\">En otro frente, Dami\u00e1n propone a los Merino relevar a don Pedro y coloca a Marta como candidata a nueva directora. Andr\u00e9s consigue que Mar\u00eda apoye la decisi\u00f3n, sumando fuerzas a la estrategia. Mientras tanto, <strong data-node-id=\"12.1\">Digna conversa con sus hijos sobre la situaci\u00f3n con don Pedro<\/strong>, y Luis y Joaqu\u00edn sienten una impotencia amarga: ver c\u00f3mo su madre es obligada a cuidar del anciano les hiere profundamente. Cristina, atrapada en un dilema emocional, recibe de Luz una carta de don Pedro. A pesar de la frialdad y la distancia que las separa, Irene la presiona para que mantenga su postura firme, pero el coraz\u00f3n de Cristina cede ante la emoci\u00f3n. <strong data-node-id=\"12.3\">La carta la conmueve y la impulsa a visitar a su t\u00edo<\/strong>. All\u00ed, don Pedro manipula con habilidad, y la joven, incapaz de resistir, le concede el perd\u00f3n, cayendo en la red de sus propias emociones y del poder sutil de la persuasi\u00f3n familiar.<\/p>\n<p><img src=\"https:\/\/www.europesays.com\/es\/wp-content\/uploads\/2025\/09\/1757837290_785_43af9b8f-983e-4e74-8e74-9a7479b0966b_1681831601.file\" alt=\"Headshot of Pilar Mart\u00ednez\" title=\"Headshot of Pilar Mart\u00ednez\" width=\"100%\" height=\"100%\" decoding=\"async\" loading=\"lazy\" class=\"css-o0wq4v ev8dhu53\"\/><\/p>\n<p>Pilar Mart\u00ednez es periodista especializada en contenidos de televisi\u00f3n y cultura, se gradu\u00f3 en la carrera en Periodismo en la Facultad de Ciencias de la Informaci\u00f3n (Universidad Complutense de Madrid) en el a\u00f1o 2018. Desde entonces ha pasado por las redacciones de Ecoteuve (El Economista), donde realiz\u00f3 sus primeras pr\u00e1cticas durante el verano del 2016.<\/p>\n<p>Posteriormente, concretamente, en el a\u00f1o 2017 se pas\u00f3 al grupo Hearst Espa\u00f1a, donde comenz\u00f3 su andadura en las revistas de televisi\u00f3n: Supertele, Teleprograma, Telenovela. Ahora colabora con Diez Minutos, en su versi\u00f3n web, donde se encarga de realizar los avances semanales de las ficciones diarias de moda, as\u00ed como entrevistas y art\u00edculos sobre los melodramas o telenovelas que aterrizan en nuestro pa\u00eds y aquellos que est\u00e1n por venir.<\/p>\n<p>Toda una cazadora de exclusivas. A esto, se suma su puesto como redactora jefe de la secci\u00f3n de novela narrativa en la revista Culturamas, medio digital de alto impacto al que lleva unida desde el a\u00f1o 2013. \u00c1vida lectora, cin\u00e9fila y seri\u00e9fila de primer nivel, ha hecho de su vocaci\u00f3n su oficio. \u00a0<\/p>\n","protected":false},"excerpt":{"rendered":"Esta semana en &#8216;Sue\u00f1os de libertad&#8216;, la muerte de Tasio golpea al chico con fuerza brutal. Se vuelve&hellip;\n","protected":false},"author":2,"featured_media":113943,"comment_status":"","ping_status":"","sticky":false,"template":"","format":"standard","meta":{"footnotes":""},"categories":[171],"tags":[253,146,147,25,24,23,214],"class_list":{"0":"post-113942","1":"post","2":"type-post","3":"status-publish","4":"format-standard","5":"has-post-thumbnail","7":"category-tv","8":"tag-discover","9":"tag-entertainment","10":"tag-entretenimiento","11":"tag-es","12":"tag-espana","13":"tag-spain","14":"tag-tv"},"share_on_mastodon":{"url":"","error":""},"_links":{"self":[{"href":"https:\/\/www.europesays.com\/es\/wp-json\/wp\/v2\/posts\/113942","targetHints":{"allow":["GET"]}}],"collection":[{"href":"https:\/\/www.europesays.com\/es\/wp-json\/wp\/v2\/posts"}],"about":[{"href":"https:\/\/www.europesays.com\/es\/wp-json\/wp\/v2\/types\/post"}],"author":[{"embeddable":true,"href":"https:\/\/www.europesays.com\/es\/wp-json\/wp\/v2\/users\/2"}],"replies":[{"embeddable":true,"href":"https:\/\/www.europesays.com\/es\/wp-json\/wp\/v2\/comments?post=113942"}],"version-history":[{"count":0,"href":"https:\/\/www.europesays.com\/es\/wp-json\/wp\/v2\/posts\/113942\/revisions"}],"wp:featuredmedia":[{"embeddable":true,"href":"https:\/\/www.europesays.com\/es\/wp-json\/wp\/v2\/media\/113943"}],"wp:attachment":[{"href":"https:\/\/www.europesays.com\/es\/wp-json\/wp\/v2\/media?parent=113942"}],"wp:term":[{"taxonomy":"category","embeddable":true,"href":"https:\/\/www.europesays.com\/es\/wp-json\/wp\/v2\/categories?post=113942"},{"taxonomy":"post_tag","embeddable":true,"href":"https:\/\/www.europesays.com\/es\/wp-json\/wp\/v2\/tags?post=113942"}],"curies":[{"name":"wp","href":"https:\/\/api.w.org\/{rel}","templated":true}]}}