{"id":113946,"date":"2025-09-14T08:10:08","date_gmt":"2025-09-14T08:10:08","guid":{"rendered":"https:\/\/www.europesays.com\/es\/113946\/"},"modified":"2025-09-14T08:10:08","modified_gmt":"2025-09-14T08:10:08","slug":"reveladas-las-primeras-descripciones-de-star-wars-the-mandalorian-grogu","status":"publish","type":"post","link":"https:\/\/www.europesays.com\/es\/113946\/","title":{"rendered":"Reveladas las primeras descripciones de \u2018Star Wars: The Mandalorian &#038; Grogu\u2019"},"content":{"rendered":"<p class=\"\">Tras a\u00f1os de ausencia, Lucasfilm prepara el regreso de la saga gal\u00e1ctica a los cines. Lo har\u00e1 con<a href=\"https:\/\/as.com\/meristation\/cine\/the-mandalorian-grogu-traera-de-vuelta-a-uno-de-los-personajes-que-desaparecieron-para-siempre-de-star-wars-n\/\" target=\"_self\" rel=\"nofollow noopener\" title=\"https:\/\/as.com\/meristation\/cine\/the-mandalorian-grogu-traera-de-vuelta-a-uno-de-los-personajes-que-desaparecieron-para-siempre-de-star-wars-n\/\"> \u2018Star Wars: The Mandalorian &amp; Grogu\u2019<\/a>, un filme que <b>continuar\u00e1 la historia de la serie de Disney+<\/b>. Todav\u00eda no han compartido ning\u00fan tr\u00e1iler p\u00fablico, pero s\u00ed se han destapado varias descripciones que dibujan el contexto del argumento.<\/p>\n<p class=\"\">\u201cDespu\u00e9s de la muerte de <a href=\"https:\/\/as.com\/meristation\/comics\/star-wars-esta-es-la-razon-por-la-que-darth-vader-construye-su-castillo-en-el-lugar-de-su-mayor-derrota-n\/\" target=\"_self\" rel=\"nofollow noopener\" title=\"https:\/\/as.com\/meristation\/comics\/star-wars-esta-es-la-razon-por-la-que-darth-vader-construye-su-castillo-en-el-lugar-de-su-mayor-derrota-n\/\">Darth Vader<\/a>, la galaxia se ha convertido en una regi\u00f3n sin ley. El solitario cazarrecompensas el Mandaloriano se encuentra con el ni\u00f1o Grogu, que usa la Fueza durante un trabajo concreto. Sintiendo un misterioso v\u00ednculo con Grogu, el Mandaloriano emprende un viaje con \u00e9l, sin importar el peligro que corre. A lo largo del camino, <b>el Mandaloriano y Grogu desarrollan un lazo similar al de padre e hijo<\/b>. Sin embargo, los restos de las antiguas fuerzas imperiales comienzan a acercarse a ellos\u00bb.<\/p>\n<p><img decoding=\"async\" src=\"https:\/\/www.europesays.com\/es\/wp-content\/uploads\/2025\/09\/EIQJHEIJNRBR7J6UCI4TPNP2GA.jpg\" alt=\"Star Wars: The Mandalorian &amp; Grogu\" class=\"mm__img\"   width=\"1500\" height=\"844\" loading=\"lazy\"\/><\/p>\n<p>Ampliar<\/p>\n<p>Grogu, el heredero de la Fuerza<\/p>\n<p class=\"\">En otra descripci\u00f3n que ha salido a la luz con motivo de la Walt Disney Studios Marketing Expo se refieren a Grogu como \u201cel heredero de la Fuerza en la galaxia\u201d. Se anuncia adem\u00e1s que<b> habr\u00e1 m\u00e1s merchandising centrado en el peque\u00f1o mandaloriano<\/b>, que fue aprendiz de Luke Skywalker durante un corto per\u00edodo de tiempo. <\/p>\n<p class=\"\">A pesar de ser un beb\u00e9, <b>la especie de Grogu es tan longeva que esta etapa de la vida se alarga d\u00e9cadas<\/b>. Es por ello que el ni\u00f1o fue un iniciado Jedi en la \u00e9poca de las Guerras Clon. Sobrevivi\u00f3 a la Orden 66 porque fue rescatado in extremis cuando Darth Vader y los clones irrumpieron en el templo.<\/p>\n<p class=\"\">\u2018The Mandalorian &amp; Grogu\u2019 se estrena en cines el<b> 22 de mayo de 2026<\/b>. \u00e7<\/p>\n<p>Noticias relacionadas<\/p>\n<p class=\"\">Suscr\u00edbete al <a href=\"https:\/\/www.youtube.com\/@meristation\" target=\"_self\" rel=\"nofollow noopener\" title=\"https:\/\/www.youtube.com\/@meristation\">canal de MeriStation en YouTube<\/a>, tu web de videojuegos y entretenimiento para conocer todas las noticias y novedades sobre el mundo del videojuego, cine, series, manga y anime. An\u00e1lisis, entrevistas, tr\u00e1ileres, gameplays, p\u00f3dcast y mucho m\u00e1s. Tambi\u00e9n te animamos a seguir <a href=\"https:\/\/www.tiktok.com\/@meristation\" rel=\"nofollow noopener\" title=\"https:\/\/www.tiktok.com\/@meristation\" target=\"_blank\">nuestra cuenta de TikTok<\/a>. <\/p>\n<p class=\"\">\u00a1S\u00edguenos en ambas y, si est\u00e1s interesado en licenciar este contenido, pincha <a href=\"https:\/\/profesional.elpais.com\/soluciones-sindicacion?utm_medium=interno&amp;utm_source=crosslinking&amp;utm_campaign=sindicacion_as_pie_articulos\" target=\"_blank\" rel=\"nofollow noopener\" title=\"https:\/\/profesional.elpais.com\/soluciones-sindicacion?utm_medium=interno&amp;utm_source=crosslinking&amp;utm_campaign=sindicacion_as_pie_articulos\">aqu\u00ed<\/a>!<\/p>\n<p><script async src=\"\/\/www.tiktok.com\/embed.js\"><\/script><\/p>\n","protected":false},"excerpt":{"rendered":"Tras a\u00f1os de ausencia, Lucasfilm prepara el regreso de la saga gal\u00e1ctica a los cines. Lo har\u00e1 con&hellip;\n","protected":false},"author":2,"featured_media":113947,"comment_status":"","ping_status":"","sticky":false,"template":"","format":"standard","meta":{"footnotes":""},"categories":[169],"tags":[177,146,147,25,24,176,175,23],"class_list":{"0":"post-113946","1":"post","2":"type-post","3":"status-publish","4":"format-standard","5":"has-post-thumbnail","7":"category-cine","8":"tag-cine","9":"tag-entertainment","10":"tag-entretenimiento","11":"tag-es","12":"tag-espana","13":"tag-film","14":"tag-movies","15":"tag-spain"},"share_on_mastodon":{"url":"","error":""},"_links":{"self":[{"href":"https:\/\/www.europesays.com\/es\/wp-json\/wp\/v2\/posts\/113946","targetHints":{"allow":["GET"]}}],"collection":[{"href":"https:\/\/www.europesays.com\/es\/wp-json\/wp\/v2\/posts"}],"about":[{"href":"https:\/\/www.europesays.com\/es\/wp-json\/wp\/v2\/types\/post"}],"author":[{"embeddable":true,"href":"https:\/\/www.europesays.com\/es\/wp-json\/wp\/v2\/users\/2"}],"replies":[{"embeddable":true,"href":"https:\/\/www.europesays.com\/es\/wp-json\/wp\/v2\/comments?post=113946"}],"version-history":[{"count":0,"href":"https:\/\/www.europesays.com\/es\/wp-json\/wp\/v2\/posts\/113946\/revisions"}],"wp:featuredmedia":[{"embeddable":true,"href":"https:\/\/www.europesays.com\/es\/wp-json\/wp\/v2\/media\/113947"}],"wp:attachment":[{"href":"https:\/\/www.europesays.com\/es\/wp-json\/wp\/v2\/media?parent=113946"}],"wp:term":[{"taxonomy":"category","embeddable":true,"href":"https:\/\/www.europesays.com\/es\/wp-json\/wp\/v2\/categories?post=113946"},{"taxonomy":"post_tag","embeddable":true,"href":"https:\/\/www.europesays.com\/es\/wp-json\/wp\/v2\/tags?post=113946"}],"curies":[{"name":"wp","href":"https:\/\/api.w.org\/{rel}","templated":true}]}}