{"id":113948,"date":"2025-09-14T08:11:17","date_gmt":"2025-09-14T08:11:17","guid":{"rendered":"https:\/\/www.europesays.com\/es\/113948\/"},"modified":"2025-09-14T08:11:17","modified_gmt":"2025-09-14T08:11:17","slug":"la-rfef-contradice-a-hansi-flick-por-la-lesion-de-lamine-yamal-y-manda-un-mensaje-al-barca","status":"publish","type":"post","link":"https:\/\/www.europesays.com\/es\/113948\/","title":{"rendered":"La RFEF contradice a Hansi Flick por la lesi\u00f3n de Lamine Yamal y manda un mensaje al Bar\u00e7a"},"content":{"rendered":"<p>                <a href=\"https:\/\/cronicaglobal.elespanol.com\/culemania\/palco\/\" class=\"kicker--section\" rel=\"nofollow noopener\" target=\"_blank\">Palco<\/a><\/p>\n<p>\n    El organismo espa\u00f1ol se defiende tras las acusaciones del t\u00e9cnico alem\u00e1n sobre la falta de cuidado f\u00edsico del astro de Rocafonda en su estancia con la selecci\u00f3n nacional\n<\/p>\n<p>    Noticias relacionadas<\/p>\n<p class=\"paragraph\" id=\"paragraph_1\"><a href=\"https:\/\/cronicaglobal.elespanol.com\/culemania\/primer-equipo\/20250913\/hansi-flick-lamine-yamal-seleccion-espanola-acusacion\/1003742688473_0.html?utm_cmp_rs=linksinline\" target=\"_blank\" rel=\"nofollow noopener\">Hansi Flick<\/a> no est\u00e1 demasiado contento. De hecho, todo lo contrario. El entrenador alem\u00e1n <strong>no podr\u00e1 <\/strong>contar con Lamine Yamal para el encuentro contra el Valencia y es duda para el inicio de la Champions League. \u00bfEl motivo? <strong>La carga a la que le ha sometido la selecci\u00f3n espa\u00f1ola<\/strong>. Asimismo, Flick no ha dudado en lanzar acusaciones a la <a href=\"https:\/\/cronicaglobal.elespanol.com\/culemania\/primer-equipo\/20250913\/hansi-flick-lamine-yamal-seleccion-espanola-acusacion\/1003742688473_0.html?utm_cmp_rs=linksinline\" target=\"_blank\" rel=\"nofollow noopener\">RFEF<\/a> por \u00abno cuidar\u00bb a los jugadores y, ahora, <strong>el organismo espa\u00f1ol ha salido a defenderse<\/strong>. La guerra ha empezado.<\/p>\n<p>Las quejas de Flick<\/p>\n<p class=\"paragraph\" id=\"paragraph_2\">\u00abSu baja es <strong>una pena porque fue con dolor<\/strong> con Espa\u00f1a. <strong>Le dieron analg\u00e9sicos<\/strong> para matar el dolor. <strong>Ten\u00edan tres goles de ventaja en cada partido y jug\u00f3 73 y 79 minutos<\/strong>. No entren\u00f3 entre partidos\u00bb. Estas son las palabras que ha escogido <a href=\"https:\/\/cronicaglobal.elespanol.com\/culemania\/primer-equipo\/20250913\/hansi-flick-lamine-yamal-seleccion-espanola-acusacion\/1003742688473_0.html?utm_cmp_rs=linksinline\" target=\"_blank\" rel=\"nofollow noopener\">Hansi Flick<\/a> para manifestar su descontento con la selecci\u00f3n espa\u00f1ola por la lesi\u00f3n del astro de Rocafonda. Lamine presenta unas molestias en el pubis, que seg\u00fan Flick no fueron tratadas correctamente.<\/p>\n<p><img decoding=\"async\" alt=\"El primer entrenamiento de Lamine Yamal con la selecci\u00f3n absoluta de Espa\u00f1a\" data-imgm=\"true\" height=\"180\" loading=\"lazy\"  src=\"https:\/\/www.europesays.com\/es\/wp-content\/uploads\/2025\/09\/791931092_15140688_1024x576.jpg\"  width=\"320\"\/><\/p>\n<p>                                                            El primer entrenamiento de Lamine Yamal con la selecci\u00f3n absoluta de Espa\u00f1a<\/p>\n<p>                    EFE<\/p>\n<p><img decoding=\"async\" alt=\"Hansi Flick atiende a los medios de comunicaci\u00f3n en rueda de prensa\" data-imgm=\"true\" height=\"180\" loading=\"lazy\"  src=\"https:\/\/www.europesays.com\/es\/wp-content\/uploads\/2025\/09\/1003742688482_15139936_1024x576.jpg\"  width=\"320\"\/><\/p>\n<p>                                                            Hansi Flick atiende a los medios de comunicaci\u00f3n en rueda de prensa<\/p>\n<p>                    FCB<\/p>\n<p>La RFEF responde<\/p>\n<p class=\"paragraph\" id=\"paragraph_4\">Tras las duras declaraciones del t\u00e9cnico de Heidelberg, la <a href=\"https:\/\/cronicaglobal.elespanol.com\/culemania\/primer-equipo\/20250913\/hansi-flick-lamine-yamal-seleccion-espanola-acusacion\/1003742688473_0.html?utm_cmp_rs=linksinline\" target=\"_blank\" rel=\"nofollow noopener\">RFEF<\/a> ha querido cubrirse las espaldas. El organismo espa\u00f1ol <strong>explica que en ning\u00fan momento hubo comunicaci\u00f3n activa entre el FC Barcelona y la selecci\u00f3n<\/strong> sobre alguna molestia previa de Lamine. <\/p>\n<p class=\"paragraph\" id=\"paragraph_5\">Adem\u00e1s, a\u00f1aden que si realmente hubiera existido alg\u00fan resquicio f\u00edsico en el astro de Rocafonda, <strong>Fernando Gal\u00e1n, <\/strong>quien desde hace a\u00f1os es uno de los cuidadores de los jugadores del Bar\u00e7a cuando est\u00e1n en la concentraci\u00f3n de <a href=\"https:\/\/cronicaglobal.elespanol.com\/culemania\/primer-equipo\/20250913\/hansi-flick-lamine-yamal-seleccion-espanola-acusacion\/1003742688473_0.html?utm_cmp_rs=linksinline\" target=\"_blank\" rel=\"nofollow noopener\">la Roja<\/a> y que, adem\u00e1s, es fisioterapeuta externo del Bar\u00e7a, habr\u00eda hecho saltar las alarmas. De esta manera,<strong> argumentan que Luis de la Fuente actu\u00f3 con todo su derecho sin el conocimiento del riesgo f\u00edsico<\/strong> que asum\u00eda el delantero catal\u00e1n.<\/p>\n<p><img decoding=\"async\" alt=\"Luis de la Fuente da indicaciones a Lamine Yamal\" data-imgm=\"true\" height=\"180\" loading=\"lazy\"  src=\"https:\/\/www.europesays.com\/es\/wp-content\/uploads\/2025\/09\/893420784_13584730_1024x576.jpg\"  width=\"320\"\/><\/p>\n<p>                                                            Luis de la Fuente da indicaciones a Lamine Yamal<\/p>\n<p>                    RFEF<\/p>\n<p>Cuesti\u00f3n de comunicaci\u00f3n<\/p>\n<p class=\"paragraph\" id=\"paragraph_7\">Finalmente, <strong>la RFEF tambi\u00e9n ha querido remarcar la buena comunicaci\u00f3n que existe entre el cuerpo t\u00e9cnico de la selecci\u00f3n nacional y los clubes de la Liga<\/strong> &#8211;contando el <a href=\"https:\/\/cronicaglobal.elespanol.com\/culemania\/primer-equipo\/20250913\/hansi-flick-lamine-yamal-seleccion-espanola-acusacion\/1003742688473_0.html?utm_cmp_rs=linksinline\" target=\"_blank\" rel=\"nofollow noopener\">Bar\u00e7a<\/a>&#8211;, como se ha podido demostrar en otros casos como el de Gavi o Yeremy Pino.<\/p>\n<p><img decoding=\"async\" alt=\"Gavi llora tras caer lesionado en el Espa\u00f1a-Chipre\" data-imgm=\"true\" height=\"180\" loading=\"lazy\"  src=\"https:\/\/www.europesays.com\/es\/wp-content\/uploads\/2025\/09\/810928950_15075176_1024x576.jpg\"  width=\"320\"\/><\/p>\n<p>                                                            Gavi llora tras caer lesionado en el Espa\u00f1a-Chipre<\/p>\n<p>                    REDES<\/p>\n","protected":false},"excerpt":{"rendered":"Palco El organismo espa\u00f1ol se defiende tras las acusaciones del t\u00e9cnico alem\u00e1n sobre la falta de cuidado f\u00edsico&hellip;\n","protected":false},"author":2,"featured_media":113949,"comment_status":"","ping_status":"","sticky":false,"template":"","format":"standard","meta":{"footnotes":""},"categories":[93],"tags":[2296,168,25,24,13342,8138,16774,38510,3714,23,167],"class_list":{"0":"post-113948","1":"post","2":"type-post","3":"status-publish","4":"format-standard","5":"has-post-thumbnail","7":"category-deportes","8":"tag-barca","9":"tag-deportes","10":"tag-es","11":"tag-espana","12":"tag-hansi-flick","13":"tag-lamine-yamal","14":"tag-palco","15":"tag-real-federacion-espanola-de-futbol-rfef","16":"tag-seleccion-espanola","17":"tag-spain","18":"tag-sports"},"share_on_mastodon":{"url":"","error":""},"_links":{"self":[{"href":"https:\/\/www.europesays.com\/es\/wp-json\/wp\/v2\/posts\/113948","targetHints":{"allow":["GET"]}}],"collection":[{"href":"https:\/\/www.europesays.com\/es\/wp-json\/wp\/v2\/posts"}],"about":[{"href":"https:\/\/www.europesays.com\/es\/wp-json\/wp\/v2\/types\/post"}],"author":[{"embeddable":true,"href":"https:\/\/www.europesays.com\/es\/wp-json\/wp\/v2\/users\/2"}],"replies":[{"embeddable":true,"href":"https:\/\/www.europesays.com\/es\/wp-json\/wp\/v2\/comments?post=113948"}],"version-history":[{"count":0,"href":"https:\/\/www.europesays.com\/es\/wp-json\/wp\/v2\/posts\/113948\/revisions"}],"wp:featuredmedia":[{"embeddable":true,"href":"https:\/\/www.europesays.com\/es\/wp-json\/wp\/v2\/media\/113949"}],"wp:attachment":[{"href":"https:\/\/www.europesays.com\/es\/wp-json\/wp\/v2\/media?parent=113948"}],"wp:term":[{"taxonomy":"category","embeddable":true,"href":"https:\/\/www.europesays.com\/es\/wp-json\/wp\/v2\/categories?post=113948"},{"taxonomy":"post_tag","embeddable":true,"href":"https:\/\/www.europesays.com\/es\/wp-json\/wp\/v2\/tags?post=113948"}],"curies":[{"name":"wp","href":"https:\/\/api.w.org\/{rel}","templated":true}]}}