{"id":113952,"date":"2025-09-14T08:13:08","date_gmt":"2025-09-14T08:13:08","guid":{"rendered":"https:\/\/www.europesays.com\/es\/113952\/"},"modified":"2025-09-14T08:13:08","modified_gmt":"2025-09-14T08:13:08","slug":"con-playas-de-arena-dorada-y-un-rico-patrimonio-historico","status":"publish","type":"post","link":"https:\/\/www.europesays.com\/es\/113952\/","title":{"rendered":"con playas de arena dorada y un rico patrimonio hist\u00f3rico"},"content":{"rendered":"<p>13\/09\/2025<br \/>\n<br \/><strong><br \/>\nActualizado 14\/09\/2025 a las 06:27h.<br \/>\n<\/strong><\/p>\n<p class=\"voc-p\" style=\"\">La relaci\u00f3n de <strong>Richard Gere<\/strong> con Espa\u00f1a viene de lejos: conoci\u00f3 a Alejandra Silva, nacida en La Coru\u00f1a, en 2014 en Italia, mientras ambos estaban en proceso de divorcio, consolidando desde entonces un medi\u00e1tico y estable matrimonio. El actor estadounidense, que este 2025 ha recibido un <strong>Goya internacional<\/strong>, ha sido noticia recientemente por su inter\u00e9s en comprar una <strong>majestuosa propiedad<\/strong> en la costa gallega, valorada en unos 10 millones de euros, seg\u00fan apunta la revista &#8216;Semana&#8217;.<\/p>\n<p class=\"voc-p\" style=\"\">El protagonista de <strong>&#8216;Pretty Woman&#8217; y &#8216;Chicago&#8217;<\/strong> habr\u00eda encontrado junto a su mujer un lugar ideal para establecer su nuevo refugio familiar. Un pueblo a escasos 10 kil\u00f3metros de La Coru\u00f1a que se ha ganado el estar entre los ayuntamientos m\u00e1s ricos de Espa\u00f1a. \u00abCuando mi mujer habla de Galicia es como si viniera del para\u00edso de los para\u00edsos, y todo lo bueno parece que viene de all\u00ed\u00bb, explicaba el actor en una entrevista reciente.<\/p>\n<p><img decoding=\"async\" loading=\"lazy\" src=\"https:\/\/www.europesays.com\/es\/wp-content\/uploads\/2025\/09\/oleiros-imagen-kTOF--760x427@diario_abc.jpg\" class=\"voc-img\" width=\"760\" height=\"427\" alt=\"El pueblo de Galicia que ha enamorado a Richard Gere: con playas de arena dorada y un rico patrimonio hist\u00f3rico\" data-voc-vtm-id=\"in-text-traffic\"\/><\/p>\n<p class=\"voc-p\" style=\"\">El pueblo de Galicia que ha enamorado a Richard Gere tiene <strong>38.000 habitantes<\/strong> y ya se encuentra situado en el mapa de las estrellas de Hollywood. <strong>Oleiros<\/strong> es uno de los municipios con mayor renta per c\u00e1pita de nuestro pa\u00eds. Acantilados, playas de ensue\u00f1o, parques, chiringuitos y un ambiente cool <strong>han hecho de esta zona de Galicia una de las m\u00e1s deseadas<\/strong> para no solo pasar el verano, sino tambi\u00e9n para acercarse a degustar su rica gastronom\u00eda, darse un chapuz\u00f3n en sus playas, o como ha hecho el matrimonio Gere-Silva, interesarse por vivir all\u00ed, donde tambi\u00e9n tiene casa Marta Ortega.<\/p>\n<p>\nQu\u00e9 ver en Oleiros, el pueblo que ha conquistado a Richard Gere\n<\/p>\n<p class=\"voc-p\" style=\"\">Sus <strong>dorados arenales<\/strong> son apreciados por propios y for\u00e1neos y adem\u00e1s, cuatro de ellos <strong>gozan de bandera azul<\/strong>. Santa Cristina, Bastiagueiro, Mera, Espi\u00f1eiro o Canide ofrecen distintos grados de exposici\u00f3n al viento y oleaje, lo que permite una variedad de usos: desde el ba\u00f1o en familia hasta el surf y otros deportes acu\u00e1ticos.<\/p>\n<p class=\"voc-p\" style=\"\">Miradores naturales permiten contemplar la r\u00eda en todo su alcance, con vistas que alcanzan, en d\u00edas despejados, <strong>hasta la silueta de la Torre de H\u00e9rcules al otro lado del agua<\/strong> y, como si todav\u00eda se pudiese pedir algo m\u00e1s a esta postal de pel\u00edcula son diversas las peque\u00f1as calas con acceso directo al mar que han cautivado a diversas celebridades.<\/p>\n<p class=\"voc-p\" style=\"\">Uno de los sitios que no se pueden dejar de visitar en Oleiros es el <strong>castillo de Santa Cruz, del siglo XVI<\/strong> y de los m\u00e1s especiales de esta comunidad aut\u00f3noma. Enclavado en un islote de la r\u00eda de A Coru\u00f1a, se accede a \u00e9l por una pasarela de madera. Tras perder su funci\u00f3n defensiva, pas\u00f3 a ser residencia de la hija de la escritora coru\u00f1esa Emilia Pardo Baz\u00e1n en el siglo XIX. Tras su muerte, fue donado al Ej\u00e9rcito en 1938 para acoger a hu\u00e9rfanos de la guerra. Finalmente, en 1989 fue declarado Bien de inter\u00e9s Cultural y hoy acoge exposiciones y actividades relacionadas con el medio ambiente.<\/p>\n<p class=\"voc-p\" style=\"\">En el resto del municipio pueden encontrarse iglesias rom\u00e1nicas, pazos rurales, antiguos molinos y ejemplos de arquitectura popular.<\/p>\n<p>\nBuena comida y senderos litorales en una de las zonas de Galicia m\u00e1s deseadas\n<\/p>\n<p class=\"voc-p\" style=\"\">Otro imprescindible en el concello de Oleiros es el <strong>puerto de Lorb\u00e9<\/strong>, una peque\u00f1a <strong>aldea pesquera famosa por sus mejillones<\/strong>. Si hay un buen momento para probar los mejillones es durante las Festas do Carme de Lorb\u00e9 (del 3 al 6 de agosto). En Oleiros no falta la buena comida: El pulpo a feira, los caldos gallegos y las empanadas artesanas siguen ocupando un lugar central en las mesas.<\/p>\n<p class=\"voc-p\" style=\"\">El sistema de senderos litorales es otra de las se\u00f1as de identidad del municipio. Rutas como la que va <strong>desde Mera hasta la Punta de Seixo Branco<\/strong> permiten caminar durante kil\u00f3metros junto al mar, entre acantilados, faros, antiguos b\u00fankeres de la Guerra Civil y formaciones geol\u00f3gicas singulares.<\/p>\n<p>Reportar un error<\/p>\n","protected":false},"excerpt":{"rendered":"13\/09\/2025 Actualizado 14\/09\/2025 a las 06:27h. La relaci\u00f3n de Richard Gere con Espa\u00f1a viene de lejos: conoci\u00f3 a&hellip;\n","protected":false},"author":2,"featured_media":113953,"comment_status":"","ping_status":"","sticky":false,"template":"","format":"standard","meta":{"footnotes":""},"categories":[91],"tags":[3334,12977,28156,146,147,25,24,816,12075,1903,1397,9550,4899,12074,13316,23],"class_list":{"0":"post-113952","1":"post","2":"type-post","3":"status-publish","4":"format-standard","5":"has-post-thumbnail","7":"category-entretenimiento","8":"tag-arena","9":"tag-dorada","10":"tag-enamorado","11":"tag-entertainment","12":"tag-entretenimiento","13":"tag-es","14":"tag-espana","15":"tag-galicia","16":"tag-gere","17":"tag-historico","18":"tag-patrimonio","19":"tag-playas","20":"tag-pueblo","21":"tag-richard","22":"tag-rico","23":"tag-spain"},"share_on_mastodon":{"url":"","error":""},"_links":{"self":[{"href":"https:\/\/www.europesays.com\/es\/wp-json\/wp\/v2\/posts\/113952","targetHints":{"allow":["GET"]}}],"collection":[{"href":"https:\/\/www.europesays.com\/es\/wp-json\/wp\/v2\/posts"}],"about":[{"href":"https:\/\/www.europesays.com\/es\/wp-json\/wp\/v2\/types\/post"}],"author":[{"embeddable":true,"href":"https:\/\/www.europesays.com\/es\/wp-json\/wp\/v2\/users\/2"}],"replies":[{"embeddable":true,"href":"https:\/\/www.europesays.com\/es\/wp-json\/wp\/v2\/comments?post=113952"}],"version-history":[{"count":0,"href":"https:\/\/www.europesays.com\/es\/wp-json\/wp\/v2\/posts\/113952\/revisions"}],"wp:featuredmedia":[{"embeddable":true,"href":"https:\/\/www.europesays.com\/es\/wp-json\/wp\/v2\/media\/113953"}],"wp:attachment":[{"href":"https:\/\/www.europesays.com\/es\/wp-json\/wp\/v2\/media?parent=113952"}],"wp:term":[{"taxonomy":"category","embeddable":true,"href":"https:\/\/www.europesays.com\/es\/wp-json\/wp\/v2\/categories?post=113952"},{"taxonomy":"post_tag","embeddable":true,"href":"https:\/\/www.europesays.com\/es\/wp-json\/wp\/v2\/tags?post=113952"}],"curies":[{"name":"wp","href":"https:\/\/api.w.org\/{rel}","templated":true}]}}