{"id":113954,"date":"2025-09-14T08:14:18","date_gmt":"2025-09-14T08:14:18","guid":{"rendered":"https:\/\/www.europesays.com\/es\/113954\/"},"modified":"2025-09-14T08:14:18","modified_gmt":"2025-09-14T08:14:18","slug":"es-un-iman-de-estafas-y-se-activa-por-defecto","status":"publish","type":"post","link":"https:\/\/www.europesays.com\/es\/113954\/","title":{"rendered":"es un im\u00e1n de estafas y se activa por defecto"},"content":{"rendered":"<p><strong>Es un im\u00e1n de estafas y se activa por defecto<\/strong>, esta funci\u00f3n de <a href=\"https:\/\/okdiario.com\/noticias\/whatsapp\/\" rel=\"nofollow noopener\" target=\"_blank\">WhatsApp<\/a> que se ha convertido en tu peor enemigo. Este sistema de comunicaci\u00f3n es uno de los m\u00e1s usados del mundo, los n\u00fameros hablan por s\u00ed mismos y nos obligan a saber en todo momento lo que nos est\u00e1 esperando en estos d\u00edas que quiz\u00e1s deberemos empezar a tener en consideraci\u00f3n. Habr\u00e1 llegado ese momento de poner en pr\u00e1ctica algunos elementos que ser\u00e1n esenciales.<\/p>\n<p>Este tipo de detalles que podemos usar a diario, son los que acabar\u00e1n de darnos m\u00e1s de una sorpresa inesperada. Un cambio de tendencia que puede ser el que nos acompa\u00f1ar\u00e1 en estos d\u00edas que tenemos por delante. Con lo cual, habr\u00e1 llegado el momento de apostar claramente por un giro radical que debe ser el que nos acompa\u00f1ar\u00e1 en estos d\u00edas que tenemos por delante. Una nueva realidad que puede acabar siendo la que nos afectar\u00e1 de lleno en estos d\u00edas que tenemos por delante. Este elemento perjudicial, debes retirarlo desde ya mismo de tu tel\u00e9fono, puede causarte m\u00e1s da\u00f1os de lo que imaginas<\/p>\n<p>Es un im\u00e1n de estafas y se activa por defecto<\/p>\n<p>El <strong>uso de WhatsApp ha ido creciendo por momentos<\/strong> y se ha convertido en uno de los m\u00e1s destacados de los \u00faltimos tiempos. Sin duda alguna, habr\u00e1 llegado es momento de poner en pr\u00e1ctica una serie de novedades importantes que pueden acabar siendo las que nos marcar\u00e1n de cerca, con algunas herramientas que ser\u00e1n esenciales.<\/p>\n<p>La manera de comunicarnos ha cambiado mucho desde que tenemos los tel\u00e9fonos inteligentes, nos hacen la vida m\u00e1s f\u00e1cil, pero tambi\u00e9n pueden complicarnos la vida por completo. Es momento de estar pendientes de una serie de novedades que pueden acabar marcando una diferencia importante.<\/p>\n<p>Habr\u00e1 llegado el momento de poner sobre la mesa una serie de detalles que ser\u00e1n los que nos acompa\u00f1ar\u00e1n en estos d\u00edas que hasta la fecha no sab\u00edamos que podr\u00edamos tener por delante. Con lo cual, es hora de ver qu\u00e9 es lo que puede pasar en estos d\u00edas.<\/p>\n<p>Un cambio de tendencia que, sin duda alguna, puede acabar convirti\u00e9ndose en una de las m\u00e1s destacadas. A la hora de hacernos la vida m\u00e1s f\u00e1cil, puede suponer una amenaza que quiz\u00e1s hasta ahora no hubi\u00e9remos tenido en consideraci\u00f3n hasta la fecha.<\/p>\n<p>Debes desactivar de inmediato esta funci\u00f3n de WhatsApp<\/p>\n<p>Esta funci\u00f3n de WhatsApp la debes desactivar de inmediato, con la llegada de una serie de novedades que pueden ser las que marcar\u00e1n estas pr\u00f3ximas jornadas. Sin duda alguna, habr\u00e1 llegado el momento de poner sobre la mesa una funci\u00f3n de este sistema que puede ser esencial para eliminar algunos detalles que ser\u00e1n fundamentales.<\/p>\n<p>Esta funci\u00f3n se presenta en el blog de WhatsApp: \u00abLa base de la privacidad en WhatsApp es que tus mensajes personales y llamadas est\u00e9n protegidos por el cifrado de extremo a extremo, lo que garantiza que solo el remitente y el destinatario puedan verlos, escucharlos o compartirlos. Por lo tanto, incorporamos varias capas de privacidad, como los mensajes temporales y la funci\u00f3n para restringir chats, que elevan la privacidad a otro nivel. Hoy presentamos nuestra capa de privacidad m\u00e1s reciente llamada Privacidad avanzada del chat. Este nuevo ajuste, disponible tanto en chats como en grupos, ayuda a evitar que otras personas compartan el contenido fuera de WhatsApp, ideal para cuando buscas un nivel adicional de privacidad. Cuando este ajuste est\u00e1 activado, puedes evitar que otros exporten chats, descarguen contenido autom\u00e1ticamente en su tel\u00e9fono o usen los mensajes para funciones de IA. De esta forma, todos en el chat pueden estar tranquilos de que lo que se dice no saldr\u00e1 de la conversaci\u00f3n\u00bb.<\/p>\n<p>Siguiendo con la misma explicaci\u00f3n: \u00ab<strong>Los grupos de WhatsApp son cada vez m\u00e1s una extensi\u00f3n <\/strong>de nuestras redes del mundo real, algunos de ellos mucho m\u00e1s cercanos que otros. Pensamos que esta funci\u00f3n es ideal para grupos donde no todos se conocen bien, pero las conversaciones son delicadas, como hablar de problemas de salud en un grupo de apoyo u organizar a tu comunidad para algo importante para ti. Para activar esta funci\u00f3n, toca el nombre del chat y, luego, toca Privacidad avanzada del chat. Esta es la primera versi\u00f3n de esta funci\u00f3n y estamos planeando a\u00f1adir m\u00e1s opciones para que, con el tiempo, incluya a\u00fan m\u00e1s protecciones. Este nuevo ajuste est\u00e1 disponible para todos los usuarios que tengan la versi\u00f3n m\u00e1s reciente de WhatsApp\u00bb.<\/p>\n<p>Desactivando la descarga autom\u00e1tica de fotos y de archivos, podremos revisar todos los archivos que llegan a nuestro tel\u00e9fono, autorizando o no una descarga que puede acabar siendo especialmente peligrosa. Teniendo en cuenta que en nuestro tel\u00e9fono tenemos toda nuestra vida y contrase\u00f1as, las consecuencias de este elemento pueden ser terribles.<\/p>\n","protected":false},"excerpt":{"rendered":"Es un im\u00e1n de estafas y se activa por defecto, esta funci\u00f3n de WhatsApp que se ha convertido&hellip;\n","protected":false},"author":2,"featured_media":113955,"comment_status":"","ping_status":"","sticky":false,"template":"","format":"standard","meta":{"footnotes":""},"categories":[81],"tags":[119,123,124,25,24,117,121,122,23,118,120],"class_list":{"0":"post-113954","1":"post","2":"type-post","3":"status-publish","4":"format-standard","5":"has-post-thumbnail","7":"category-ciencia-y-tecnologia","8":"tag-ciencia","9":"tag-ciencia-y-tecnologia","10":"tag-cienciaytecnologia","11":"tag-es","12":"tag-espana","13":"tag-science","14":"tag-science-and-technology","15":"tag-scienceandtechnology","16":"tag-spain","17":"tag-technology","18":"tag-tecnologia"},"share_on_mastodon":{"url":"","error":""},"_links":{"self":[{"href":"https:\/\/www.europesays.com\/es\/wp-json\/wp\/v2\/posts\/113954","targetHints":{"allow":["GET"]}}],"collection":[{"href":"https:\/\/www.europesays.com\/es\/wp-json\/wp\/v2\/posts"}],"about":[{"href":"https:\/\/www.europesays.com\/es\/wp-json\/wp\/v2\/types\/post"}],"author":[{"embeddable":true,"href":"https:\/\/www.europesays.com\/es\/wp-json\/wp\/v2\/users\/2"}],"replies":[{"embeddable":true,"href":"https:\/\/www.europesays.com\/es\/wp-json\/wp\/v2\/comments?post=113954"}],"version-history":[{"count":0,"href":"https:\/\/www.europesays.com\/es\/wp-json\/wp\/v2\/posts\/113954\/revisions"}],"wp:featuredmedia":[{"embeddable":true,"href":"https:\/\/www.europesays.com\/es\/wp-json\/wp\/v2\/media\/113955"}],"wp:attachment":[{"href":"https:\/\/www.europesays.com\/es\/wp-json\/wp\/v2\/media?parent=113954"}],"wp:term":[{"taxonomy":"category","embeddable":true,"href":"https:\/\/www.europesays.com\/es\/wp-json\/wp\/v2\/categories?post=113954"},{"taxonomy":"post_tag","embeddable":true,"href":"https:\/\/www.europesays.com\/es\/wp-json\/wp\/v2\/tags?post=113954"}],"curies":[{"name":"wp","href":"https:\/\/api.w.org\/{rel}","templated":true}]}}