{"id":113964,"date":"2025-09-14T08:20:16","date_gmt":"2025-09-14T08:20:16","guid":{"rendered":"https:\/\/www.europesays.com\/es\/113964\/"},"modified":"2025-09-14T08:20:16","modified_gmt":"2025-09-14T08:20:16","slug":"la-ilusion-de-juan-ortega","status":"publish","type":"post","link":"https:\/\/www.europesays.com\/es\/113964\/","title":{"rendered":"La ilusi\u00f3n de Juan Ortega"},"content":{"rendered":"<p><a class=\"v-mdl-ath__fig-a\" href=\"https:\/\/www.lagacetadesalamanca.es\/autor\/javier-lorenzo-5975.html\" title=\"Javier Lorenzo\" rel=\"nofollow noopener\" target=\"_blank\"><br \/>\n<img decoding=\"async\" class=\"v-mdl-ath__img\" src=\"https:\/\/www.europesays.com\/es\/wp-content\/uploads\/2025\/09\/1757748131_340_autor-5975-foto-1.png\" alt=\"Javier Lorenzo\"\/><br \/>\n<\/a><\/p>\n<p class=\"v-mdl-ath__p v-mdl-ath__p--6\">\nDomingo, 14 de septiembre 2025, 07:00<\/p>\n<p class=\"v-p\">La arrolladora llegada de Roca Rey a La Glorieta, con la primera gran entrada de la Feria en la que espera rozar el lleno \u2014aunque el tir\u00f3n efervescente del peruano se haya deca\u00eddo ligeramente respecto a pasadas temporadas\u2014, trae una de las novedades de este ciclo: la presentaci\u00f3n de Juan Ortega. Que es torero caro. Irregular tambi\u00e9n. Tras un inicio de temporada gris, se destap\u00f3 a lo grande con una fant\u00e1stica faena en Aranjuez de las que quedan guardadas en la retina  para siempre. Ha logrado a lo largo del verano mayor continuidad de triunfos y obras brillantes aunque en su paso por cosos menores. <strong>Llega a La Glorieta tras deslumbrar el viernes en Albacete.<\/strong> Torero cl\u00e1sico, fr\u00e1gil tambi\u00e9n, fr\u00edo y distante si no encuentra las teclas, sin embargo gusta y persigue el toreo de la despaciosidad y ah\u00ed, cuando lo consigue, marca las distancias con el resto. Torea de capa como el mejor. Su elegancia innata hace que sea capaz de llenar el escenario como pocos. <a href=\"https:\/\/www.lagacetadesalamanca.es\/toros\/juan-ortega-ante-debut-glorieta-ambicioso-dinero-20250909070000-nt.html\" target=\"_blank\" data-voc-vtm-id=\"in-text-traffic\" title=\"Llega a Salamanca\" data-mrf-link=\"www.lagacetadesalamanca.es\" rel=\"nofollow noopener\">Llega a Salamanca<\/a> con un a\u00f1o de retraso tras no alcanzar en 2024 un acuerdo con la empresa en el a\u00f1o en el que firm\u00f3 una de las grandes obras de su vida, con el toro Florentino de Domingo Hern\u00e1ndez en la Feria de Abril de Sevilla, que fue la que le asent\u00f3 en un lugar de distinci\u00f3n en las grandes ferias de la temporada.<\/p>\n<p class=\"v-p\">No solo aparece Juan Ortega sino que adem\u00e1s vuelve Garcigrande al ruedo charro, con el est\u00edmulo de <strong>revalidar el Toro de Oro que gan\u00f3 en la pasada Feria<\/strong> (tambi\u00e9n en 2011 y 2017, adem\u00e1s de 2016 y 2019 con el hierro de Domingo Hern\u00e1ndez), y en su retorno a La Glorieta despu\u00e9s de que Morante de la Puebla le cortara <a href=\"https:\/\/www.lagacetadesalamanca.es\/toros\/faena-vida-vidas-20250614223822-nt.html\" target=\"_blank\" data-voc-vtm-id=\"in-text-traffic\" title=\"un rabo a Repique el pasado 14 de junio\" data-mrf-link=\"www.lagacetadesalamanca.es\" rel=\"nofollow noopener\">un rabo a Repique el pasado 14 de junio<\/a> en una de las faenas m\u00e1s gloriosas vividas en esta plaza en sus 138 a\u00f1os de historia. <strong>Garcigrande es quien m\u00e1s veces y m\u00e1s toros ha lidiado en Salamanca en lo que va de siglo: 135 toros y seis novillos<\/strong> en un tiempo en el que lidi\u00f3 en todas y cada una de las ferias celebradas (2020-2024): <strong>Burgu\u00e9s<\/strong> (2011), <strong>Treinta y Cinco<\/strong> y <strong>Almir\u00f3n<\/strong> (ambos en 2014) y <strong>Barquito<\/strong> (2019), los cuatro de Domingo Hern\u00e1ndez; adem\u00e1s de <strong>Capit\u00e1n<\/strong> (2018) y <strong>Querido<\/strong> (2024), ambos de Garcigrande, y a los que se suma <strong>Repique<\/strong> (el pasado 14 de junio) son sus ocho toros premiados con la vuelta al ruedo.<\/p>\n<p><img decoding=\"async\" loading=\"lazy\" src=\"https:\/\/www.europesays.com\/es\/wp-content\/uploads\/2025\/09\/toros 2025 entrevista (22194444)-U45077037774YCV-650x455@Gaceta Salamanca.jpg\" class=\"v-a-img\" width=\"650\" height=\"455\" alt=\"Tres de los toros de Garcigrande que se lidiar\u00e1n hoy, en los corrales de La Glorieta.\" data-voc-vtm-id=\"in-text-traffic\"\/><\/p>\n<p>Tres de los toros de Garcigrande que se lidiar\u00e1n hoy, en los corrales de La Glorieta.<\/p>\n<p>ALMEIDA<\/p>\n<p><img loading=\"lazy\" decoding=\"async\" src=\"https:\/\/www.europesays.com\/es\/wp-content\/uploads\/2025\/09\/toros 2025 entrevista (22194444)-U45077037774YCV-650x455@Gaceta Salamanca.jpg\" class=\"v-mdl__img-z\" width=\"650\" height=\"455\" alt=\"\"\/><\/p>\n<p class=\"v-p\">Garcigrande debut\u00f3 en La Glorieta en 1996 (y Domingo Hern\u00e1ndez en 1998); hoy lo har\u00e1 Juan Ortega; <strong>Emilio de Justo lo hizo en 2021<\/strong> y desde entonces suma tres pase\u00edllos en esta plaza, en la que ha cortado tres orejas, las dos primeras la tarde de su presentaci\u00f3n (11 de septiembre de 2021) que le valieron para disfrutar su \u00fanica salida a hombros en esta plaza. <strong>Roca Rey se present\u00f3 en La Glorieta en la Feria de 2017<\/strong> y sobre \u00e9l recae hoy el peso y la responsabilidad de la taquilla.<\/p>\n<p>Roca Rey en La Glorieta<\/p>\n<p class=\"v-p\">De las <strong>seis tardes que tore\u00f3 Roca Rey en La Glorieta<\/strong> en cuatro de ellas sali\u00f3 por la puerta grande: la \u00faltima el a\u00f1o pasado y tambi\u00e9n lo hizo en los abonos de 2018, 2021 y 2022.<\/p>\n<p class=\"v-p\">\u2014 <strong>Roca Rey y Capit\u00e1n de Garcigrande. <\/strong>El diestro peruano firm\u00f3 su actuaci\u00f3n m\u00e1s rotunda y contundente en La Glorieta ante un bravo toro de Garcigrande llamado Capit\u00e1n, el 16 de septiembre de 2018. Le cort\u00f3 las dos orejas tras un derroche de poder y autoridad y sali\u00f3 a hombros.<\/p>\n<p>Tal d\u00eda como hoy&#8230;<\/p>\n<p class=\"v-p\">Un <strong>14 de septiembre<\/strong> de 2016, <strong>Juan del \u00c1lamo<\/strong> indult\u00f3 al toro <strong>Higuero<\/strong>, con el hierro de Domingo Hern\u00e1ndez, y en esa misma fecha pero de 2007, el toro <strong>Fortunito<\/strong>, de Garcigrande fue castigado con banderillas negras. Y en 2015 el banderillero <strong>Agust\u00edn Serrano,<\/strong> en la cuadrilla de Juan del \u00c1lamo, result\u00f3 herido grave.<\/p>\n<p><img decoding=\"async\" loading=\"lazy\" src=\"https:\/\/www.europesays.com\/es\/wp-content\/uploads\/2025\/09\/Higuero-U18151452118TaD-650x455@Gaceta Salamanca.jpg\" class=\"v-a-img\" width=\"650\" height=\"455\" alt=\"Derechazo de Juan del \u00c1lamo a Higuero, de Domingo Hern\u00e1ndez.\" data-voc-vtm-id=\"in-text-traffic\"\/><\/p>\n<p>Derechazo de Juan del \u00c1lamo a Higuero, de Domingo Hern\u00e1ndez.<\/p>\n<p>ALMEIDA<\/p>\n<p><img loading=\"lazy\" decoding=\"async\" src=\"https:\/\/www.europesays.com\/es\/wp-content\/uploads\/2025\/09\/Higuero-U18151452118TaD-650x455@Gaceta Salamanca.jpg\" class=\"v-mdl__img-z\" width=\"650\" height=\"455\" alt=\"\"\/><\/p>\n<p>Sab\u00eda qu\u00e9&#8230;<\/p>\n<p class=\"v-p\">\u2014 <strong>Iv\u00e1n Fandi\u00f1o<\/strong> se present\u00f3 en La Glorieta tal d\u00eda como hoy, 14 de septiembre, de 2012: cort\u00f3 las dos orejas a Fumadito, de Adelaida Rodr\u00edguez que fue premiado con la vuelta al ruedo.<\/p>\n<p class=\"v-p\">\u2014 <strong>Pedraza de Yeltes<\/strong> lidi\u00f3 su \u00fanico toro en La Glorieta un 14 de septiembre de 2014, en la primera edici\u00f3n del desaf\u00edo ganadero de divisas charras: Resistente, al que Javier Casta\u00f1o desorej\u00f3, y gan\u00f3 el Toro de Oro. Esta divisa no volvi\u00f3 a lidiar en esta plaza.<\/p>\n<p>Roca Rey manda tambi\u00e9n en Instagram<\/p>\n<p class=\"v-p\"><strong>Roca Rey se impone a todos los toreros de la Feria<\/strong> en seguidores en Instagram: 364.000, m\u00e1s del doble que <strong>Lea Vicens<\/strong> (157.000) que sigue en segundo lugar entre los nueve primeros protagonistas del ciclo, cuyo ranking tras ellos sigue as\u00ed: <strong>Olga Casado<\/strong> (125.000), <strong>Emilio de Justo<\/strong> (70.800), <strong>Juan Ortega<\/strong> (45.900), <strong>Diego San Rom\u00e1n<\/strong> (10.600), <strong>Ismael Mart\u00edn<\/strong> (10.000), <strong>Raquel Mart\u00edn<\/strong> (9.126) y <strong>Dami\u00e1n Casta\u00f1o<\/strong> (4.497).<\/p>\n<p>Comenta<\/p>\n<p>Reporta un error<\/p>\n","protected":false},"excerpt":{"rendered":"Domingo, 14 de septiembre 2025, 07:00 La arrolladora llegada de Roca Rey a La Glorieta, con la primera&hellip;\n","protected":false},"author":2,"featured_media":113965,"comment_status":"","ping_status":"","sticky":false,"template":"","format":"standard","meta":{"footnotes":""},"categories":[277],"tags":[373,168,25,24,3814,409,4813,23,167,374],"class_list":{"0":"post-113964","1":"post","2":"type-post","3":"status-publish","4":"format-standard","5":"has-post-thumbnail","7":"category-toreo","8":"tag-bullfighting","9":"tag-deportes","10":"tag-es","11":"tag-espana","12":"tag-ilusion","13":"tag-juan","14":"tag-ortega","15":"tag-spain","16":"tag-sports","17":"tag-toreo"},"share_on_mastodon":{"url":"","error":""},"_links":{"self":[{"href":"https:\/\/www.europesays.com\/es\/wp-json\/wp\/v2\/posts\/113964","targetHints":{"allow":["GET"]}}],"collection":[{"href":"https:\/\/www.europesays.com\/es\/wp-json\/wp\/v2\/posts"}],"about":[{"href":"https:\/\/www.europesays.com\/es\/wp-json\/wp\/v2\/types\/post"}],"author":[{"embeddable":true,"href":"https:\/\/www.europesays.com\/es\/wp-json\/wp\/v2\/users\/2"}],"replies":[{"embeddable":true,"href":"https:\/\/www.europesays.com\/es\/wp-json\/wp\/v2\/comments?post=113964"}],"version-history":[{"count":0,"href":"https:\/\/www.europesays.com\/es\/wp-json\/wp\/v2\/posts\/113964\/revisions"}],"wp:featuredmedia":[{"embeddable":true,"href":"https:\/\/www.europesays.com\/es\/wp-json\/wp\/v2\/media\/113965"}],"wp:attachment":[{"href":"https:\/\/www.europesays.com\/es\/wp-json\/wp\/v2\/media?parent=113964"}],"wp:term":[{"taxonomy":"category","embeddable":true,"href":"https:\/\/www.europesays.com\/es\/wp-json\/wp\/v2\/categories?post=113964"},{"taxonomy":"post_tag","embeddable":true,"href":"https:\/\/www.europesays.com\/es\/wp-json\/wp\/v2\/tags?post=113964"}],"curies":[{"name":"wp","href":"https:\/\/api.w.org\/{rel}","templated":true}]}}