{"id":113966,"date":"2025-09-14T08:21:08","date_gmt":"2025-09-14T08:21:08","guid":{"rendered":"https:\/\/www.europesays.com\/es\/113966\/"},"modified":"2025-09-14T08:21:08","modified_gmt":"2025-09-14T08:21:08","slug":"un-salvaje-ko-del-suplente-de-topuria-hace-estallar-la-noche-ufc","status":"publish","type":"post","link":"https:\/\/www.europesays.com\/es\/113966\/","title":{"rendered":"Un salvaje KO del suplente de Topuria hace estallar la Noche UFC"},"content":{"rendered":"<p class=\"parrafo\"><strong>Diego Lopes se rehizo a lo grande de la <a href=\"https:\/\/www.estadiodeportivo.com\/ufc\/volkanovski-cobra-revancha-borra-ilia-topuria-del-peso-pluma-20250413-490533.html\" class=\"intext-link\" rel=\"nofollow noopener\" target=\"_blank\">derrota sufrida ante Alexander Volkanovski <\/a>el pasado mes de abril y volvi\u00f3 a posicionarse como retador al t\u00edtulo en el peso Pluma de la <\/strong>UFC despu\u00e9s de <strong>derrotar al tambi\u00e9n brasile\u00f1o Jean Silva en la <a href=\"https:\/\/www.estadiodeportivo.com\/ufc\/nocheufc-cartelera-completa-donde-ver-por-espana-velada-con-diego-lopes-jean-silva-como-combate-estelar-20250913-511821.html\" class=\"intext-link\" rel=\"nofollow noopener\" target=\"_blank\">Noche UFC<\/a> <\/strong>celebrada en San Antonio. El que fuera suplente de Topuria y Holloway el pasado mes de octubre est\u00e1 de vuelta.<\/p>\n<p class=\"parrafo\"><strong>Lopes, con un codo giratorio que desat\u00f3 la locura de los espectadores, super\u00f3 a un Silva que hab\u00eda salido respond\u00f3n<\/strong> y que estaba tratando de cambiar la direcci\u00f3n del combate tras un primer asalto de domingo del 2 del peso Pluma. Diego Lopes estuvo mejor en ese primer round, marcando la distancia ante el buen stricking de Silva y dominando con su grappling. Su compatriota trat\u00f3 de reaccionar y cambiar la iniciativa en el inicio del segundo asalto, pero se encontr\u00f3 con una respuesta que le dej\u00f3 fuera de combate. <strong>Diego Lopes hizo un giro perfecto que abri\u00f3 un corte brutal y cerr\u00f3 la pelea.<\/strong><\/p>\n<p class=\"parrafo\">Tras las derrotas de Caio Borralho y Mauricio Ruffy la pasada semana en Par\u00eds, esta de Jean Silva <strong>acaba con el mito de los Fighting Nerds, el grupo de moda en la UFC que se presentaban como un equipo de peleadores brasile\u00f1os revolucionarios<\/strong> que estaban invictos en la compa\u00f1\u00eda. El primero en perder este invicto fue Carlos Prates y, tras estas tres derrotas consecutivas, su aura desaparece.<\/p>\n<p><a class=\"elementos-rel-t2\" href=\"https:\/\/www.estadiodeportivo.com\/ufc\/ilia-topuria-lia-busca-otra-pelea-20250909-511306.html\" title=\"Ilia Topuria la l\u00eda y se busca otra pelea\" rel=\"nofollow noopener\" target=\"_blank\">Ilia Topuria la l\u00eda y se busca otra pelea<img decoding=\"async\" src=\"https:\/\/www.europesays.com\/es\/wp-content\/uploads\/2025\/09\/5d281909-5aa2-4148-96cc-9004489051f1_320x180.jpeg\" alt=\"Ilia Topuria la l\u00eda y se busca otra pelea\"\/><\/a><\/p>\n<p class=\"parrafo\">Este UFC Fight Night, denominado Noche UFC, estaba dedicado al d\u00eda de la independencia de M\u00e9xico y pudo coronarse con una gran victoria del luchador mexicano en la pelea coestelar. <strong>David Mart\u00ednez super\u00f3 al veterano Rob Font por decisi\u00f3n un\u00e1nime<\/strong> y se aventura como nuevo ranqueado en el peso gallo<\/p>\n<p>Resultados Cartelera principal Noche UFC  <\/p>\n<p class=\"parrafo\">Diego Lopes a Jean Silva por TKO en el segundo asalto (4:48 minutos) &#8211; Peso pluma<\/p>\n<p class=\"parrafo\">David Mart\u00ednez a Rob Font por decisi\u00f3n un\u00e1nime &#8211; Peso gallo<\/p>\n<p class=\"parrafo\">Rafa Garc\u00eda a Jared Gordon por KO en el tercer asalto a Jared Gordon (2:27) &#8211; Peso ligero<\/p>\n<p class=\"parrafo\">Kelvin Gastelum a Dustin Stoltzfus por decisi\u00f3n un\u00e1nime  &#8211; Peso medio<\/p>\n<p class=\"parrafo\">Santiago Luna a Quang Le por TKO en el primer asalto (2:48) &#8211; Peso gallo<\/p>\n<p class=\"parrafo\">Resultados Cartelera preliminar Noche UFC<\/p>\n<p class=\"parrafo\">Alexander Hern\u00e1ndez a Diego Ferreira por TKO en el segundo round (3:46) &#8211; Peso ligero<\/p>\n<p class=\"parrafo\">Dusko Todorovic a Jos\u00e9 Daniel Medina por sumisi\u00f3n en el primer asalto (4:21) &#8211; Peso medio<\/p>\n<p class=\"parrafo\">Joaquim Silva a Claudio Puelles por decisi\u00f3n dividida &#8211; Peso ligero<\/p>\n<p class=\"parrafo\">Tatiana Su\u00e1rez a Amanda Lemos por decisi\u00f3n un\u00e1nime &#8211; Peso paja femenino<\/p>\n<p class=\"parrafo\">Jesus Aguilar a Luis Gurule por decisi\u00f3n un\u00e1nime &#8211; Peso mosca<\/p>\n<p class=\"parrafo\">Zachary Reese vs. Sedriques Dimas no tuvo resultado (golpe accidental) en el primer asalto (0:51) &#8211; Peso medio<\/p>\n<p class=\"parrafo\">Alden Coria a Alessandro Costa por TKO en el tercer asalto (0:47) &#8211; Peso mosca<\/p>\n<p class=\"parrafo\">Montserrat Rendon a Alice Pereira por decisi\u00f3n dividida &#8211; Peso gallo femenino<\/p>\n<p class=\"parrafo\">Daniil Donchenko a Rodrigo Sezinado por TKO en el primer asalto (4:27) &#8211; Peso w\u00e9lter<\/p>\n","protected":false},"excerpt":{"rendered":"Diego Lopes se rehizo a lo grande de la derrota sufrida ante Alexander Volkanovski el pasado mes de&hellip;\n","protected":false},"author":2,"featured_media":113967,"comment_status":"","ping_status":"","sticky":false,"template":"","format":"standard","meta":{"footnotes":""},"categories":[276],"tags":[168,25,24,284,1523,743,744,23,167,343,2649,8887],"class_list":{"0":"post-113966","1":"post","2":"type-post","3":"status-publish","4":"format-standard","5":"has-post-thumbnail","7":"category-ufc","8":"tag-deportes","9":"tag-es","10":"tag-espana","11":"tag-estadio-deportivo","12":"tag-ilia-topuria","13":"tag-mma","14":"tag-polideportivo","15":"tag-spain","16":"tag-sports","17":"tag-ufc","18":"tag-ufc-fight-night","19":"tag-volkanovski"},"share_on_mastodon":{"url":"","error":""},"_links":{"self":[{"href":"https:\/\/www.europesays.com\/es\/wp-json\/wp\/v2\/posts\/113966","targetHints":{"allow":["GET"]}}],"collection":[{"href":"https:\/\/www.europesays.com\/es\/wp-json\/wp\/v2\/posts"}],"about":[{"href":"https:\/\/www.europesays.com\/es\/wp-json\/wp\/v2\/types\/post"}],"author":[{"embeddable":true,"href":"https:\/\/www.europesays.com\/es\/wp-json\/wp\/v2\/users\/2"}],"replies":[{"embeddable":true,"href":"https:\/\/www.europesays.com\/es\/wp-json\/wp\/v2\/comments?post=113966"}],"version-history":[{"count":0,"href":"https:\/\/www.europesays.com\/es\/wp-json\/wp\/v2\/posts\/113966\/revisions"}],"wp:featuredmedia":[{"embeddable":true,"href":"https:\/\/www.europesays.com\/es\/wp-json\/wp\/v2\/media\/113967"}],"wp:attachment":[{"href":"https:\/\/www.europesays.com\/es\/wp-json\/wp\/v2\/media?parent=113966"}],"wp:term":[{"taxonomy":"category","embeddable":true,"href":"https:\/\/www.europesays.com\/es\/wp-json\/wp\/v2\/categories?post=113966"},{"taxonomy":"post_tag","embeddable":true,"href":"https:\/\/www.europesays.com\/es\/wp-json\/wp\/v2\/tags?post=113966"}],"curies":[{"name":"wp","href":"https:\/\/api.w.org\/{rel}","templated":true}]}}