{"id":113968,"date":"2025-09-14T08:23:04","date_gmt":"2025-09-14T08:23:04","guid":{"rendered":"https:\/\/www.europesays.com\/es\/113968\/"},"modified":"2025-09-14T08:23:04","modified_gmt":"2025-09-14T08:23:04","slug":"zeballos-fue-una-garantia-y-molteni-un-animal-en-la-victoria-de-argentina-sobre-paises-bajos-rumbo-al-final-8","status":"publish","type":"post","link":"https:\/\/www.europesays.com\/es\/113968\/","title":{"rendered":"Zeballos fue una garant\u00eda y Molteni, \u201cun animal\u201d, en la victoria de Argentina sobre Pa\u00edses Bajos rumbo al Final 8"},"content":{"rendered":"<p>En la inolvidable <strong>Copa Davis<\/strong> de 2016, Argentina jug\u00f3 cuatro partidos antes de levantar la Ensaladera de Plata y en todos fue visitante. Pas\u00f3 a Polonia, Italia y Gran Breta\u00f1a antes de disputar esa hist\u00f3rica final con Croacia. En cada lugar, su p\u00fablico se hizo sentir, como tambi\u00e9n lo hizo este s\u00e1bado en el estadio MartiniPlaza de Groningen, a 180 kil\u00f3metros de \u00c1msterdam, donde el equipo de Javier Frana cerr\u00f3 3-0 <strong>una serie perfecta sin ceder ni un set contra Pa\u00edses Bajos<\/strong>, vigente subcampe\u00f3n, para clasificarse al Final 8 por <strong>segundo a\u00f1o consecutivo<\/strong>. Esta vez, la cita ser\u00e1 en Bolonia del 18 al 23 de noviembre.<\/p>\n<p>Apenas fue un pu\u00f1ado de unos 40 argentinos el que se acerc\u00f3 hasta tierra neerlandesa. Pero no se acallaron pese a que eran cuatro mil los que formaban esa marea naranja en las tribunas del coqueto estadio techado, en el que la superficie dej\u00f3 de ser un dilema el viernes, cuando <strong>Tom\u00e1s Mart\u00edn Etcheverry<\/strong> y <strong>Francisco Cer\u00fandolo<\/strong> se impusieron al debutante Jesper de Jong y al peligroso Botic Van de Zandschulp, que ten\u00eda en su historial un triunfo frente a Carlos Alcaraz en el US Open 2024 y la victoria ante Rafael Nadal en su \u00faltimo partido como profesional como puntos altos.<\/p>\n<p>El turno, menos de 24 horas despu\u00e9s, era del dobles y all\u00ed estaba el destacado <strong>Horacio Zeballos<\/strong>, el mejor doblista argentino de la historia y reciente campe\u00f3n del Abierto de Estados Unidos -en su habitual dupla con el espa\u00f1ol Marcel Granollers-, aunque quien se destac\u00f3 sobre la carpeta fue <strong>Andr\u00e9s Molteni<\/strong>, clave para cerrar el segundo set cuando los neerlandeses Sander Arends y van de Zandschulp (reemplazante a \u00faltimo momento de Sem Verbeek) se ilusionaban con la remontada.<\/p>\n<p>Como si fueran esos chicos que jugaban juntos en interclubes y que, en los veranos, se ve\u00edan en el Edison Lawn Tenis de Mar del Plata, el club fundado por Horacio Zeballos padre, los integrantes de la dupla jugaron como si lo hicieran habitualmente en el circuito, circunstancia en la que ganaron dos t\u00edtulos, los lejanos Atlanta 2016 y Buenos Aires 2018. Aunque el que incomod\u00f3 m\u00e1s a los locales fue Molto, quiz\u00e1s porque al Cebolla lo ten\u00edan m\u00e1s observado y sab\u00edan c\u00f3mo controlar mejor su servicio.<\/p>\n<p>Lo cierto es que el primer set transcurri\u00f3 con paridad hasta el sexto game, momento en el que la pareja neerlandesa cometi\u00f3 errores y la albiceleste pudo capitalizarlos. <strong>Tras la primera doble falta del partido<\/strong>, que dej\u00f3 a Argentina 30-15, una enorme devoluci\u00f3n de Molteni le dio el punto al equipo, para pasar al frente 4-2 y, con esa ventaja, edificar el triunfo por 6-3, que se cerr\u00f3 con Molto preciso en la red, con puntos consecutivos para ponerse doble set point y un gran saque de Zeballos.<\/p>\n<p>Despu\u00e9s de una breve demora porque van de Zandschulp estuvo m\u00e1s tiempo del deseado en el vestuario, el segundo set arranc\u00f3 con el singlista neerland\u00e9s entregando errores t\u00edpicos de quien no est\u00e1 acostumbrado a jugar dobles. Fue, sin embargo, un momento del partido porque luego la concreci\u00f3n se hizo presente y <strong>Pa\u00edses Bajos logr\u00f3 el quiebre en el momento clave (4-2), confirm\u00f3 con el saque (5-2) y puso contra las cuerdas a Argentina con cinco set point en el game m\u00e1s largo del partido<\/strong>, que finalmente Molteni sac\u00f3 adelante con una devoluci\u00f3n perfecta para recuperar el quiebre y dejar el juego 5-4.<\/p>\n<blockquote class=\"twitter-tweet\">\n<p lang=\"es\" dir=\"ltr\">\u00a1Cinco puntos de set salvados y este quiebre! \ud83c\udde6\ud83c\uddf7\ud83e\udec0<a href=\"https:\/\/twitter.com\/andymolto?ref_src=twsrc%5Etfw\" rel=\"nofollow noopener\" target=\"_blank\">@andymolto<\/a> y <a href=\"https:\/\/twitter.com\/HoracioZeballos?ref_src=twsrc%5Etfw\" rel=\"nofollow noopener\" target=\"_blank\">@HoracioZeballos<\/a> resisten en el segundo set<a href=\"https:\/\/twitter.com\/hashtag\/CopaDavis?src=hash&amp;ref_src=twsrc%5Etfw\" rel=\"nofollow noopener\" target=\"_blank\">#CopaDavis<\/a> | <a href=\"https:\/\/twitter.com\/AATenis?ref_src=twsrc%5Etfw\" rel=\"nofollow noopener\" target=\"_blank\">@AATenis<\/a> <a href=\"https:\/\/t.co\/ELJMceA5iQ\" rel=\"nofollow\">pic.twitter.com\/ELJMceA5iQ<\/a><\/p>\n<p>\u2014 Copa Davis (@CopaDavis) <a href=\"https:\/\/twitter.com\/CopaDavis\/status\/1966862851391254947?ref_src=twsrc%5Etfw\" rel=\"nofollow noopener\" target=\"_blank\">September 13, 2025<\/a><\/p><\/blockquote>\n<p>Con el <strong>envi\u00f3n an\u00edmico<\/strong>, Zeballos volvi\u00f3 a sacar tras aquel servicio perdido y se mostr\u00f3 seguro en el fondo y m\u00e1s que acompa\u00f1ado por Molteni en la red para, luego, juntos volver a quebrar (6-5) y sacar para partido. La tensi\u00f3n extrema de los locales se hizo notar en cada grito de Arends y en el punto brillante de van de Zandschulp para mantener la ilusi\u00f3n viva. Pero, entonces, <strong>Molto la pulveriz\u00f3<\/strong>: primero con un gran saque, despu\u00e9s con una enorme salvada que el smash de Zeballos transform\u00f3 en match point y luego con el punto para ganar el set por 7-5 y clasificar al equipo de Javier Frana al Final 8.<\/p>\n<p>\u00abEs muy emocionante, jugamos un gran partido. <strong>Nunca hay que darse por vencido, la luchamos mucho en el segundo set<\/strong>. Nuestros rivales son grandes jugadores y fue una pelea hasta el final. Estoy muy contento de estar en las Finales, es un gran sue\u00f1o para todos nosotros y para nuestra gente que vino desde muy lejos\u00bb, destac\u00f3 el marplatense, cuya temporada <strong>ya no terminar\u00e1 en el Masters con Granollers en Tur\u00edn, sino que ser\u00e1 a 300 kil\u00f3metros, en Bolonia<\/strong>. \u00abLas vacaciones ser\u00e1n m\u00e1s adelante, llevar a la Argentina a las finales es hermoso\u00bb, aclar\u00f3, no sin antes elogiar a su pareja de turno. \u00abMolto es un animal, creo que ni \u00e9l sabe c\u00f3mo jug\u00f3. Por suerte lo acompa\u00f1\u00e9 bien hoy\u00bb, expres\u00f3.<\/p>\n<blockquote class=\"twitter-tweet\">\n<p lang=\"es\" dir=\"ltr\">\u00bf2-5, 0-30 en el segundo set? \ud83d\ude0e<\/p>\n<p>Conozco un grupo de personas que resuelven problemas: <a href=\"https:\/\/twitter.com\/HoracioZeballos?ref_src=twsrc%5Etfw\" rel=\"nofollow noopener\" target=\"_blank\">@HoracioZeballos<\/a> + <a href=\"https:\/\/twitter.com\/andymolto?ref_src=twsrc%5Etfw\" rel=\"nofollow noopener\" target=\"_blank\">@andymolto<\/a> \ud83c\udde6\ud83c\uddf7<a href=\"https:\/\/twitter.com\/hashtag\/CopaDavis?src=hash&amp;ref_src=twsrc%5Etfw\" rel=\"nofollow noopener\" target=\"_blank\">#CopaDavis<\/a> | <a href=\"https:\/\/twitter.com\/AATenis?ref_src=twsrc%5Etfw\" rel=\"nofollow noopener\" target=\"_blank\">@AATenis<\/a> <a href=\"https:\/\/t.co\/VeuG4Opglr\" rel=\"nofollow\">pic.twitter.com\/VeuG4Opglr<\/a><\/p>\n<p>\u2014 Copa Davis (@CopaDavis) <a href=\"https:\/\/twitter.com\/CopaDavis\/status\/1966886871327535300?ref_src=twsrc%5Etfw\" rel=\"nofollow noopener\" target=\"_blank\">September 13, 2025<\/a><\/p><\/blockquote>\n<p>Quien ya hab\u00eda sido su compa\u00f1ero en enero, en la serie contra Noruega con un triunfo en sets corridos, destac\u00f3 \u00abesa conexi\u00f3n\u00bb que tienen pese a no jugar seguido. \u00abNos conocemos desde hace mucho tiempo, jugamos juntos interclubes y <strong>tenemos esa conexi\u00f3n que suma mucho a la hora de juntarnos en la cancha<\/strong>\u00ab, resalt\u00f3. Luego, en espa\u00f1ol, les agradeci\u00f3 a los hinchas: \u00abGracias por venir a todos a apoyar, como siempre locales\u00bb.<\/p>\n<p>Argentina, <strong>adem\u00e1s de convertirse en el tercer clasificado<\/strong> al Final 8 despu\u00e9s de Italia -\u00faltimo campe\u00f3n y anfitri\u00f3n- y Alemania, quien en el inicio de la jornada hab\u00eda asegurado la victoria contra Jap\u00f3n en Tokio, <strong>provoc\u00f3 la primera derrota de Pa\u00edses Bajos en una serie de local desde septiembre de 2014<\/strong>. Desde entonces, el equipo que este fin de semana no cont\u00f3 con su principal figura, Tallon Griekspoor, hab\u00eda ganado cuatro veces, adem\u00e1s de haber llegado a la final de la Copa Davis el a\u00f1o pasado en M\u00e1laga por primera vez en su historia. Pese a eso, la marea naranja termin\u00f3 festejando el triunfo de <strong>Jesper de Jong<\/strong>, quien en el cuarto punto se impuso en sets corridos (6-4 y 6-3) a <strong>Francisco Comesa\u00f1a<\/strong>, que hizo su debut en la Copa Davis.<\/p>\n<p><script async src=\"https:\/\/platform.twitter.com\/widgets.js\" charset=\"utf-8\"><\/script><\/p>\n","protected":false},"excerpt":{"rendered":"En la inolvidable Copa Davis de 2016, Argentina jug\u00f3 cuatro partidos antes de levantar la Ensaladera de Plata&hellip;\n","protected":false},"author":2,"featured_media":113969,"comment_status":"","ping_status":"","sticky":false,"template":"","format":"standard","meta":{"footnotes":""},"categories":[274],"tags":[168,25,24,23,167,327,326],"class_list":{"0":"post-113968","1":"post","2":"type-post","3":"status-publish","4":"format-standard","5":"has-post-thumbnail","7":"category-tenis","8":"tag-deportes","9":"tag-es","10":"tag-espana","11":"tag-spain","12":"tag-sports","13":"tag-tenis","14":"tag-tennis"},"share_on_mastodon":{"url":"","error":""},"_links":{"self":[{"href":"https:\/\/www.europesays.com\/es\/wp-json\/wp\/v2\/posts\/113968","targetHints":{"allow":["GET"]}}],"collection":[{"href":"https:\/\/www.europesays.com\/es\/wp-json\/wp\/v2\/posts"}],"about":[{"href":"https:\/\/www.europesays.com\/es\/wp-json\/wp\/v2\/types\/post"}],"author":[{"embeddable":true,"href":"https:\/\/www.europesays.com\/es\/wp-json\/wp\/v2\/users\/2"}],"replies":[{"embeddable":true,"href":"https:\/\/www.europesays.com\/es\/wp-json\/wp\/v2\/comments?post=113968"}],"version-history":[{"count":0,"href":"https:\/\/www.europesays.com\/es\/wp-json\/wp\/v2\/posts\/113968\/revisions"}],"wp:featuredmedia":[{"embeddable":true,"href":"https:\/\/www.europesays.com\/es\/wp-json\/wp\/v2\/media\/113969"}],"wp:attachment":[{"href":"https:\/\/www.europesays.com\/es\/wp-json\/wp\/v2\/media?parent=113968"}],"wp:term":[{"taxonomy":"category","embeddable":true,"href":"https:\/\/www.europesays.com\/es\/wp-json\/wp\/v2\/categories?post=113968"},{"taxonomy":"post_tag","embeddable":true,"href":"https:\/\/www.europesays.com\/es\/wp-json\/wp\/v2\/tags?post=113968"}],"curies":[{"name":"wp","href":"https:\/\/api.w.org\/{rel}","templated":true}]}}