{"id":113970,"date":"2025-09-14T08:24:08","date_gmt":"2025-09-14T08:24:08","guid":{"rendered":"https:\/\/www.europesays.com\/es\/113970\/"},"modified":"2025-09-14T08:24:08","modified_gmt":"2025-09-14T08:24:08","slug":"horario-recorrido-y-perfil-y-donde-termina","status":"publish","type":"post","link":"https:\/\/www.europesays.com\/es\/113970\/","title":{"rendered":"horario, recorrido y perfil y d\u00f3nde termina"},"content":{"rendered":"<p>A los seguidores de este maravilloso deporte les toca despedirse de<a href=\"https:\/\/okdiario.com\/deportes\/donde-ver-vuelta-espana-2025-television-online-directo-15284549\" rel=\"nofollow noopener\" target=\"_blank\"><strong> La Vuelta Ciclista a Espa\u00f1a 2025<\/strong><\/a> que ha sido apasionante. Hace m\u00e1s de un mes terminaba un <a href=\"https:\/\/okdiario.com\/deportes\/que-significan-colores-maillots-del-tour-francia-15069281\" rel=\"nofollow noopener\" target=\"_blank\"><strong>Tour de Francia<\/strong><\/a> fren\u00e9tico en el que <a href=\"https:\/\/okdiario.com\/deportes\/todo-sobre-tadej-pogacar-edad-cuantos-tour-francia-ganado-cuanto-gana-ano-todo-sobre-vida-15073649\" rel=\"nofollow noopener\" target=\"_blank\"><strong>Tadej Pogacar<\/strong><\/a> se volv\u00eda a proclamar campe\u00f3n, pero el esloveno no ha participado en esta 80\u00aa edici\u00f3n de la hist\u00f3rica ronda espa\u00f1ola que comenz\u00f3 el pasado s\u00e1bado 23 de agosto en <strong>Italia<\/strong>. El pelot\u00f3n ha pasado por suelo franc\u00e9s y tambi\u00e9n andorrano antes de comenzar a recorrer nuestro pa\u00eds. Todo terminar\u00e1 en la etapa 21 de hoy, domingo 14 de septiembre, que comenzar\u00e1 en <strong>Alalpardo<\/strong> y finalizar\u00e1 en la capital: <strong>Madrid<\/strong>. Este a\u00f1o la competici\u00f3n ha tenido en su calendario seis etapas de media monta\u00f1a, cinco de monta\u00f1a, cuatro llanas, una llana con final en alto, tres onduladas con final en alto y dos contrarrelojes, una individual y una por equipos.<\/p>\n<p>Cuando termine la etapa 21 de <a href=\"https:\/\/okdiario.com\/deportes\/todos-equipos-ciclistas-que-participan-vuelta-espana-2025-15281216\" rel=\"nofollow noopener\" target=\"_blank\"><strong>La Vuelta Ciclista a Espa\u00f1a 2025<\/strong><\/a>, la \u00faltima de la competici\u00f3n, el pelot\u00f3n habr\u00e1 recorrido pr\u00e1cticamente 3.151 kil\u00f3metros, una cifra inferior a la que se enfrentaron hace ya m\u00e1s de un mes en el <strong><a href=\"https:\/\/okdiario.com\/deportes\/palmares-del-tour-francia-todos-ganadores-espanoles-que-han-triunfado-4322533\" rel=\"nofollow noopener\" target=\"_blank\">Tour de Francia<\/a>. Madrid<\/strong> coronar\u00e1 al nuevo campe\u00f3n, que ocupar\u00e1 el trono de un <strong>Primoz Roglic<\/strong> que, al igual que su compatriota esloveno, tampoco particip\u00f3 en esta 80\u00aa edici\u00f3n de la m\u00edtica ronda espa\u00f1ola.<\/p>\n<p>A qu\u00e9 hora empieza La Vuelta a Espa\u00f1a 2025 hoy domingo 14 de septiembre<\/p>\n<p>Los ciclistas que participan en esta etapa 21 de <a href=\"https:\/\/okdiario.com\/deportes\/donde-pasa-vuelta-espana-2025-todas-ciudades-etapas-15280080\" rel=\"nofollow noopener\" target=\"_blank\"><strong>La Vuelta Ciclista a Espa\u00f1a 2025<\/strong><\/a> de hoy, domingo 14 de septiembre, comenzar\u00e1n a las 16:40 horas, una menos en las Islas canarias, con la salida neutralizada en <strong>Alalpardo<\/strong>. La organizaci\u00f3n estima que el pelot\u00f3n comenzar\u00e1 a llegar a las 19:22 (horario peninsular) a la l\u00ednea de meta que estar\u00e1 ubicada en el centro de <strong>Madrid<\/strong>.<\/p>\n<p>Recorrido y perfil de la etapa de hoy de Alalpardo a Madrid<\/p>\n<p>La etapa 21 de <a href=\"https:\/\/okdiario.com\/deportes\/cuando-vuelta-espana-2025-fechas-etapas-cuando-acaba-15252743\" rel=\"nofollow noopener\" target=\"_blank\"><strong>La Vuelta Ciclista a Espa\u00f1a 2025<\/strong><\/a> de hoy, domingo 14 de septiembre, comenzar\u00e1 en <strong>Alalpardo<\/strong> y el pelot\u00f3n tendr\u00e1 que recorrer un total de 111,6 kil\u00f3metros hasta alcanzar la l\u00ednea de meta, que estar\u00e1 situada en el centro de <strong>Madrid<\/strong>. Esta ser\u00e1 la cuarta y \u00faltima etapa llana de las que figuraban en esta 80\u00aa edici\u00f3n de la m\u00edtica competici\u00f3n que transcurre por nuestras carreteras.<\/p>\n<p>Esta etapa 21 de <a href=\"https:\/\/okdiario.com\/deportes\/palmares-vuelta-espana-quien-ganado-mas-veces-15292421\" rel=\"nofollow noopener\" target=\"_blank\"><strong>La Vuelta Ciclista a Espa\u00f1a 2025<\/strong><\/a> de hoy, domingo 14 de septiembre, ser\u00e1 emocionante porque todo terminar\u00e1 en esta 80\u00aa edici\u00f3n de la hist\u00f3rica ronda espa\u00f1ola. <strong>Madrid<\/strong> ser\u00e1 el colof\u00f3n final a un recorrido que ha tenido de todo y que ha estado marcado por las protestas contra <strong>Israel<\/strong>. Todo apunta a que se decidir\u00e1 al sprint y todos los especialistas tratar\u00e1n de aprovechar esta \u00faltima oportunidad para ganar una carrera.<\/p>\n<p>D\u00f3nde ver La Vuelta a Espa\u00f1a hoy en directo<\/p>\n<p>HBO Max y Eurosport fueron los medios de comunicaci\u00f3n que compraron los derechos para emitir en nuestro pa\u00eds en exclusiva de manera \u00edntegra todas las etapas de <strong>La Vuelta Ciclista a Espa\u00f1a 2025<\/strong>. RTVE tambi\u00e9n ofrecer\u00e1 el \u00faltimo tramo de esta carrera a trav\u00e9s de La1 o Teledeporte en directo por televisi\u00f3n gratis y en abierto. Estas tres plataformas tienen disponibles sus aplicaciones para todos sus usuarios para que puedan ver la prueba en streaming y en vivo online y que no se pierdan la fiesta final. En <strong>la web de OKDIARIO<\/strong> te contaremos con todo tipo de detalles lo que ocurra en la jornada de clausura de esta 80\u00aa edici\u00f3n de la competici\u00f3n que se celebra en nuestro pa\u00eds, donde hemos prestado especial atenci\u00f3n a nuestros representantes, como a <a href=\"https:\/\/okdiario.com\/deportes\/quien-juan-ayuso-edad-donde-equipo-quienes-son-sus-padres-todo-sobre-ciclista-15261631\" rel=\"nofollow noopener\" target=\"_blank\"><strong>Juan Ayuso<\/strong><\/a>.<\/p>\n<p>Por d\u00f3nde pasa la etapa de La Vuelta a Espa\u00f1a 2025 hoy<\/p>\n<p>Esta etapa 21 de hoy, domingo 14 de septiembre, de <a href=\"https:\/\/okdiario.com\/deportes\/que-significan-maillots-vuelta-espana-colores-cuales-son-cual-lleva-lider-15288723\" rel=\"nofollow noopener\" target=\"_blank\"><strong>La Vuelta Ciclista a Espa\u00f1a 2025<\/strong><\/a> comenzar\u00e1 en <strong>Alalpardo<\/strong> y el pelot\u00f3n ir\u00e1 pasando por ubicaciones como San Sebasti\u00e1n de los Reyes, Alcobendas, EL Pardo o Aravaca antes de entrar en el centro de <strong>Madrid<\/strong>. En los \u00faltimos kil\u00f3metros pasar\u00e1n por el Palacio Real, la Plaza de Oriente, la Puerta del Sol o el Paseo del Prado.<\/p>\n<p>D\u00f3nde escuchar por radio la etapa de La Vuelta a Espa\u00f1a hoy<\/p>\n<p>Todos los aficionados a este deporte que es el ciclismo que no puedan ver en directo por televisi\u00f3n o en streaming y en vivo online esta etapa 21 de hoy, domingo 14 de septiembre de <a href=\"https:\/\/okdiario.com\/deportes\/dorsales-ciclistas-vuelta-espana-2025-15289405\" rel=\"nofollow noopener\" target=\"_blank\"><strong>La Vuelta Ciclista a Espa\u00f1a 2025<\/strong><\/a> tienen que saber que podr\u00e1n escucharlas por la radio. Emisoras como Onda Cero, Cope, la Ser, Radio Marca o RNE conectar\u00e1n con los diferentes puntos por donde tenga que pasar el pelot\u00f3n en este colof\u00f3n final de la 80\u00aa edici\u00f3n de la hist\u00f3rica ronda espa\u00f1ola.<\/p>\n","protected":false},"excerpt":{"rendered":"A los seguidores de este maravilloso deporte les toca despedirse de La Vuelta Ciclista a Espa\u00f1a 2025 que&hellip;\n","protected":false},"author":2,"featured_media":113971,"comment_status":"","ping_status":"","sticky":false,"template":"","format":"standard","meta":{"footnotes":""},"categories":[273],"tags":[313,312,168,25,24,23,167],"class_list":{"0":"post-113970","1":"post","2":"type-post","3":"status-publish","4":"format-standard","5":"has-post-thumbnail","7":"category-ciclismo","8":"tag-ciclismo","9":"tag-cycling","10":"tag-deportes","11":"tag-es","12":"tag-espana","13":"tag-spain","14":"tag-sports"},"share_on_mastodon":{"url":"","error":""},"_links":{"self":[{"href":"https:\/\/www.europesays.com\/es\/wp-json\/wp\/v2\/posts\/113970","targetHints":{"allow":["GET"]}}],"collection":[{"href":"https:\/\/www.europesays.com\/es\/wp-json\/wp\/v2\/posts"}],"about":[{"href":"https:\/\/www.europesays.com\/es\/wp-json\/wp\/v2\/types\/post"}],"author":[{"embeddable":true,"href":"https:\/\/www.europesays.com\/es\/wp-json\/wp\/v2\/users\/2"}],"replies":[{"embeddable":true,"href":"https:\/\/www.europesays.com\/es\/wp-json\/wp\/v2\/comments?post=113970"}],"version-history":[{"count":0,"href":"https:\/\/www.europesays.com\/es\/wp-json\/wp\/v2\/posts\/113970\/revisions"}],"wp:featuredmedia":[{"embeddable":true,"href":"https:\/\/www.europesays.com\/es\/wp-json\/wp\/v2\/media\/113971"}],"wp:attachment":[{"href":"https:\/\/www.europesays.com\/es\/wp-json\/wp\/v2\/media?parent=113970"}],"wp:term":[{"taxonomy":"category","embeddable":true,"href":"https:\/\/www.europesays.com\/es\/wp-json\/wp\/v2\/categories?post=113970"},{"taxonomy":"post_tag","embeddable":true,"href":"https:\/\/www.europesays.com\/es\/wp-json\/wp\/v2\/tags?post=113970"}],"curies":[{"name":"wp","href":"https:\/\/api.w.org\/{rel}","templated":true}]}}