{"id":113978,"date":"2025-09-14T08:28:15","date_gmt":"2025-09-14T08:28:15","guid":{"rendered":"https:\/\/www.europesays.com\/es\/113978\/"},"modified":"2025-09-14T08:28:15","modified_gmt":"2025-09-14T08:28:15","slug":"el-estilo-del-principe-harry-ha-evolucionado-de-la-rigidez-institucional-a-una-elegancia-relajada","status":"publish","type":"post","link":"https:\/\/www.europesays.com\/es\/113978\/","title":{"rendered":"El estilo del pr\u00edncipe Harry ha evolucionado de la rigidez institucional a una elegancia relajada"},"content":{"rendered":"<p class=\"\" id=\"exv9oG5FOZQ\" data-wc=\"80\">La de Meghan Markle y el pr\u00edncipe Harry fue una de las bodas royals\u00a0del \u00faltimo siglo. Fue preciosa, elegante, medi\u00e1tica&#8230; pero tambi\u00e9n supus\u00f3 un antes y un despu\u00e9s en la vida del hijo peque\u00f1o de Carlos de Inglaterra y Diana de Gales: en enero de 2020, menos de dos a\u00f1os despu\u00e9s del <a class=\"hm-link ho-link\" href=\"https:\/\/www.hola.com\/actualidad\/boda-principe-harry-meghan-markle\/\" data-mrf-recirculation=\"article-body-link\" rel=\"nofollow noopener\" target=\"_blank\">enlace (que se celebr\u00f3 el 19 de mayo de 2019)<\/a>, la pareja dejaba la Casa Real para emprender una nueva vida -m\u00e1s privada, menos protocolaria- en California.\u00a0<\/p>\n<p> <img src=\"https:\/\/www.europesays.com\/es\/wp-content\/uploads\/2025\/09\/bbb5703f2e7e-gettyimages-2166230204.jpg\"   width=\"1024\" height=\"698\" loading=\"lazy\" decoding=\"async\" alt=\"Meghan Markle y Harry, en un viaje a Colombia en agosto de 2024\" fetchpriority=\"auto\" class=\"image ho-image\"\/>\u00a9 AFP via Getty ImagesMeghan Markle y Harry, en un viaje a Colombia en agosto de 2024<\/p>\n<p id=\"eODVEII3J8\" data-wc=\"56\">All\u00ed han crecido sus<strong>\u00a0<\/strong><a class=\"hm-link ho-link\" href=\"https:\/\/www.hola.com\/us-es\/realeza\/20250504829992\/meghan-markle-nueva-foto-principe-harry-hijos\/\" data-mrf-recirculation=\"article-body-link\" rel=\"nofollow noopener\" target=\"_blank\">dos hijos, Archie (de 6 a\u00f1os) y Lilibet Diana (4)<\/a>, alejados de los focos y los compromisos de la realeza. Y tambi\u00e9n Meghan y Harry han evolucionado, tal y como podemos comprobar, por ejemplo, en la forma de vestir del que fuera duque de Sussex.<strong>\u00a0Nos lo explica el dise\u00f1ador Juan Avellaneda.<\/strong><\/p>\n<p>C\u00f3mo vest\u00eda cuando era &#8216;royal&#8217;<\/p>\n<p id=\"e33Li6Nkcl\" data-wc=\"63\">Esta semana, Harry ha visitado Londres (donde<a class=\"hm-link ho-link\" href=\"https:\/\/www.hola.com\/realeza\/casa_inglesa\/20250910855035\/el-principe-harry-se-reune-con-su-padre-tras-18-meses-sin-verse\/\" data-mrf-recirculation=\"article-body-link\" rel=\"nofollow noopener\" target=\"_blank\">\u00a0se ha reunido con su padre, el Rey Carlos III<\/a>), y hemos podido constatar esta evoluci\u00f3n de estilo, comparando sus looks actuales con otras im\u00e1genes del pasado, cuando viv\u00eda en la capital brit\u00e1nica. \u00abEntonces, su estilo estaba mucho m\u00e1s condicionado por el<strong>\u00a0protocolo y por su papel institucional<\/strong> dentro de la familia real\u00bb, confirma Juan Avellaneda.\u00a0<\/p>\n<p>  <img src=\"https:\/\/www.europesays.com\/es\/wp-content\/uploads\/2025\/09\/84bce85605bc-gettyimages-628252802.jpg\"   width=\"1080\" height=\"1800\" loading=\"lazy\" decoding=\"async\" alt=\"Diciembre 2016\" fetchpriority=\"auto\" class=\"image ho-image\"\/>\u00a9 Getty ImagesDiciembre 2016<\/p>\n<p>  <img src=\"https:\/\/www.europesays.com\/es\/wp-content\/uploads\/2025\/09\/63ff974928c6-gettyimages-894549126.jpg\"   width=\"1080\" height=\"1800\" loading=\"lazy\" decoding=\"async\" alt=\"Diciembre 2017\" fetchpriority=\"auto\" class=\"image ho-image\"\/>\u00a9 Getty ImagesDiciembre 2017<\/p>\n<p id=\"eR35ZZTBVB\" data-wc=\"97\">\u00abLo ve\u00edamos habitualmente con uniforme militar en actos oficiales, o con <strong>trajes cl\u00e1sicos de corte brit\u00e1nico<\/strong>: abrigos largos, camisas almidonadas y zapatos formales\u00bb, detalla sobre esta forma de vestir que \u00ab<strong>transmit\u00eda disciplina, tradici\u00f3n y ese papel de representaci\u00f3n<\/strong> que le tocaba desempe\u00f1ar\u00bb. Y es que, adem\u00e1s de los diferentes dress codes\u00a0que la realeza debe seguir en cada tipo de acto oficial, incluso en su d\u00eda a d\u00eda, cada miembro de la Casa Real debe mantener una <a class=\"hm-link ho-link\" href=\"https:\/\/www.hola.com\/moda\/20250911853227\/royals-jovenes-looks-personalidad-psicologia\/\" data-mrf-recirculation=\"article-body-link\" rel=\"nofollow noopener\" target=\"_blank\">est\u00e9tica atemporal, sobria y neutra, acorde a su cargo,<\/a><strong>\u00a0<\/strong>y dejar (algo) de lado sus gustos personales y las tendencias.<\/p>\n<p>  <img src=\"https:\/\/www.europesays.com\/es\/wp-content\/uploads\/2025\/09\/a782637dcca4-gettyimages-1054131006.jpg\"   width=\"1080\" height=\"1800\" loading=\"lazy\" decoding=\"async\" alt=\"Octubre 2018\" fetchpriority=\"auto\" class=\"image ho-image\"\/>\u00a9 WireImageOctubre 2018<\/p>\n<p>  <img src=\"https:\/\/www.europesays.com\/es\/wp-content\/uploads\/2025\/09\/bd882206aee7-gettyimages-1184225944.jpg\"   width=\"1080\" height=\"1800\" loading=\"lazy\" decoding=\"async\" alt=\"Octubre 2019\" fetchpriority=\"auto\" class=\"image ho-image\"\/>\u00a9 WireImageOctubre 2019<\/p>\n<p>Tras casarse con Meghan Markle<\/p>\n<p id=\"elBxkDrE4_U\" data-wc=\"72\">La vida del pr\u00edncipe Harry se transform\u00f3 en 2018 tras su enlace con la actriz Meghan Markle, y tambi\u00e9n <strong>su armario reflej\u00f3 ese cambio \u00abde forma progresiva\u00bb<\/strong>, seg\u00fan Avellaneda. \u00abAunque segu\u00eda llevando traje, lo hac\u00eda de manera menos r\u00edgida: chaquetas m\u00e1s ligeras, camisas sin corbata, pantalones combinados con botas tipo chelsea. Era un<strong>\u00a0estilo algo m\u00e1s urbano y fresco<\/strong>, todav\u00eda formal, pero marcando la transici\u00f3n hacia su nueva etapa\u00bb, explica el experto.\u00a0<\/p>\n<p id=\"eq0cg39q0kT\" data-wc=\"31\">Las <strong>camisas de lino, los zapatos marrones<\/strong> (en vez de negros) o las corbatas m\u00e1s atrevidas, menos tradicionales, se colaron poco a poco en sus looks, d\u00e1ndoles un<strong>\u00a0toque m\u00e1s relajado.<\/strong><\/p>\n<p>  <img src=\"https:\/\/www.europesays.com\/es\/wp-content\/uploads\/2025\/09\/bbdb80b3302f-gettyimages-1232661284.jpg\"   width=\"1080\" height=\"1800\" loading=\"lazy\" decoding=\"async\" alt=\"Mayo 2021\" fetchpriority=\"auto\" class=\"image ho-image\"\/>\u00a9 AFP via Getty ImagesMayo 2021<\/p>\n<p>  <img src=\"https:\/\/www.europesays.com\/es\/wp-content\/uploads\/2025\/09\/9941a2eac4b3-gettyimages-1496725306.jpg\"   width=\"1080\" height=\"1800\" loading=\"lazy\" decoding=\"async\" alt=\"Junio 2023\" fetchpriority=\"auto\" class=\"image ho-image\"\/>\u00a9 WireImageJunio 2023<\/p>\n<p>Su nuevo estilo califoniano<\/p>\n<p id=\"e5x2sll6Dh\" data-wc=\"108\">En 2020, <a class=\"hm-link ho-link\" href=\"https:\/\/www.hola.com\/us-es\/realeza\/20250409825478\/principe-harry-meghan-markle-salida-realeza-seguridad\/\" data-mrf-recirculation=\"article-body-link\" rel=\"nofollow noopener\" target=\"_blank\">Meghan y Harry se separaban de la Familia Real brit\u00e1nica<\/a> y volaban hacia una nueva vida en Estados Unidos. En California, el hijo de Diana de Gales puede vestir de una manera m\u00e1s personal, lo cual se ha traducido en un armario m\u00e1s urbano, sencillo y m\u00e1s contempor\u00e1neo. \u00ab<strong>La evoluci\u00f3n es clara<\/strong>. Ahora Harry apuesta por looks mucho m\u00e1s relajados: <strong>polos, pantalones m\u00e1s informales, sneakers\u2026 un aire californiano\u00a0<\/strong>que refleja naturalidad, comodidad y una vida m\u00e1s privada. Su estilo ya no responde a un protocolo, sino a su propio ritmo y a su nueva vida familiar y lo que quieren transmitir junto a Meghan\u00bb, afirma Avellaneda.<\/p>\n<p> <img src=\"https:\/\/www.europesays.com\/es\/wp-content\/uploads\/2025\/09\/c5801d68bcee-gettyimages-2234558638.jpg\"   width=\"717\" height=\"1024\" loading=\"lazy\" decoding=\"async\" alt=\"Septiembre 2025\" fetchpriority=\"auto\" class=\"image ho-image\"\/>\u00a9 Getty ImagesSeptiembre 2025<\/p>\n<p id=\"eEuAF1TwGN\" data-wc=\"83\">Incluso en su \u00faltima visita a Londres, donde ha asistido a varios encuentros p\u00fablicos, ha querido apostar por estos looks m\u00e1s casuales. Por ejemplo, incluso en actos de trabajo, ya no lleva traje; prefiere<strong>\u00a0americanas abiertas y pantalones tipo jeans\u00a0en tonos oscuros.\u00a0<\/strong>Un nuevo estilo que, seg\u00fan nuestro experto, es coherente con la evoluci\u00f3n que ha vivido: \u00ab<strong>su est\u00e9tica es tambi\u00e9n un reflejo de su recorrido personal<\/strong>: de la rigidez institucional a una elegancia mucho m\u00e1s personal y relajada\u00bb, resume Juan Avellaneda.<\/p>\n<p>  <img src=\"https:\/\/www.europesays.com\/es\/wp-content\/uploads\/2025\/09\/f9a019ed3fcc-gettyimages-2234040686.jpg\"   width=\"1080\" height=\"1800\" loading=\"lazy\" decoding=\"async\" alt=\"El pr\u00edncipe Harry en su visita a Londres, el 10 de septiembre de 2025\" fetchpriority=\"auto\" class=\"image ho-image\"\/>\u00a9 Getty ImagesEl pr\u00edncipe Harry en su visita a Londres, el 10 de septiembre de 2025<\/p>\n<p>  <img src=\"https:\/\/www.europesays.com\/es\/wp-content\/uploads\/2025\/09\/647d19fadfaa-gettyimages-2198634434.jpg\"   width=\"1080\" height=\"1800\" loading=\"lazy\" decoding=\"async\" alt=\"Meghan Markle y Harry en los Juegos Invictus 2025 (febrero 2025)\" fetchpriority=\"auto\" class=\"image ho-image\"\/>\u00a9 Getty ImagesMeghan Markle y Harry en los Juegos Invictus 2025 (febrero 2025)<\/p>\n","protected":false},"excerpt":{"rendered":"La de Meghan Markle y el pr\u00edncipe Harry fue una de las bodas royals\u00a0del \u00faltimo siglo. Fue preciosa,&hellip;\n","protected":false},"author":2,"featured_media":113979,"comment_status":"","ping_status":"","sticky":false,"template":"","format":"standard","meta":{"footnotes":""},"categories":[174],"tags":[517,255,146,147,25,24,38513,256,12939,1023,23],"class_list":{"0":"post-113978","1":"post","2":"type-post","3":"status-publish","4":"format-standard","5":"has-post-thumbnail","7":"category-famosos","8":"tag-actualidad","9":"tag-celebrities","10":"tag-entertainment","11":"tag-entretenimiento","12":"tag-es","13":"tag-espana","14":"tag-expertos-en-moda","15":"tag-famosos","16":"tag-harry-de-inglaterra","17":"tag-moda","18":"tag-spain"},"share_on_mastodon":{"url":"","error":""},"_links":{"self":[{"href":"https:\/\/www.europesays.com\/es\/wp-json\/wp\/v2\/posts\/113978","targetHints":{"allow":["GET"]}}],"collection":[{"href":"https:\/\/www.europesays.com\/es\/wp-json\/wp\/v2\/posts"}],"about":[{"href":"https:\/\/www.europesays.com\/es\/wp-json\/wp\/v2\/types\/post"}],"author":[{"embeddable":true,"href":"https:\/\/www.europesays.com\/es\/wp-json\/wp\/v2\/users\/2"}],"replies":[{"embeddable":true,"href":"https:\/\/www.europesays.com\/es\/wp-json\/wp\/v2\/comments?post=113978"}],"version-history":[{"count":0,"href":"https:\/\/www.europesays.com\/es\/wp-json\/wp\/v2\/posts\/113978\/revisions"}],"wp:featuredmedia":[{"embeddable":true,"href":"https:\/\/www.europesays.com\/es\/wp-json\/wp\/v2\/media\/113979"}],"wp:attachment":[{"href":"https:\/\/www.europesays.com\/es\/wp-json\/wp\/v2\/media?parent=113978"}],"wp:term":[{"taxonomy":"category","embeddable":true,"href":"https:\/\/www.europesays.com\/es\/wp-json\/wp\/v2\/categories?post=113978"},{"taxonomy":"post_tag","embeddable":true,"href":"https:\/\/www.europesays.com\/es\/wp-json\/wp\/v2\/tags?post=113978"}],"curies":[{"name":"wp","href":"https:\/\/api.w.org\/{rel}","templated":true}]}}