{"id":113980,"date":"2025-09-14T08:29:15","date_gmt":"2025-09-14T08:29:15","guid":{"rendered":"https:\/\/www.europesays.com\/es\/113980\/"},"modified":"2025-09-14T08:29:15","modified_gmt":"2025-09-14T08:29:15","slug":"la-casa-surrealista-disenada-por-dali-que-poca-gente-conoce","status":"publish","type":"post","link":"https:\/\/www.europesays.com\/es\/113980\/","title":{"rendered":"la casa surrealista dise\u00f1ada por Dal\u00ed que poca gente conoce"},"content":{"rendered":"<p>Si pensamos en <strong>Salvador Dal\u00ed<\/strong>, es inevitable recordar su casa blanca de Portlligat, abierta al mar de Cadaqu\u00e9s, o <a href=\"https:\/\/www.arquitecturaydiseno.es\/estilo-de-vida\/descubre-todo-que-nunca-habias-visto-salvador-dali_9750\" rel=\"nofollow noopener\" target=\"_blank\">el imponente Teatro-Museo de Figueres<\/a>, convertido en templo de su universo creativo. Sin embargo, el pintor catal\u00e1n no limit\u00f3 su influencia arquitect\u00f3nica a Catalu\u00f1a. Hubo <strong>un proyecto, exc\u00e9ntrico, secreto y profundamente vanguardista<\/strong>, en el que traslad\u00f3 su imaginario m\u00e1s delirante a una residencia privada. Y lo hizo lejos de los olivos del Ampurd\u00e1n y de <a href=\"https:\/\/www.arquitecturaydiseno.es\/decoracion\/errores-comunes-decoracion-mediterranea-y-como-evitarlos_10972\" rel=\"nofollow noopener\" target=\"_blank\">la calidez del Mediterr\u00e1neo<\/a>.<\/p>\n<p>El resultado fue una de esas joyas ocultas que, aunque permanecen fuera de los circuitos tur\u00edsticos, cuentan una historia fascinante: la de <strong>un mecenas brit\u00e1nico que se atrevi\u00f3 a convertir su casa familiar en el escenario de un sue\u00f1o surrealista<\/strong>.<\/p>\n<p>Un Dal\u00ed m\u00e1s all\u00e1 de los t\u00f3picos: el hallazgo inesperado&#13;<img loading=\"lazy\" decoding=\"async\"   src=\"https:\/\/www.europesays.com\/es\/wp-content\/uploads\/2025\/09\/monkton-house-salvador-dali_57f5c865_250905165353_1280x856.webp.webp\" alt=\"Monkton House Salvador Dali\u00b4\" class=\"lazyload\" width=\"1280\" height=\"856\" data-aspectratio=\"1280\/856\"\/> <\/p>\n<p>Dal\u00ed no habr\u00eda imaginado que una t\u00edpica <a href=\"https:\/\/www.arquitecturaydiseno.es\/casas\/una-porqueriza-en-las-afueras-de-londres-se-transforma-en-casa-de-vacaciones_11121\" rel=\"nofollow noopener\" target=\"_blank\">casa de campo inglesa<\/a> pudiera transformarse en una obra surrealista. Pero lo fue gracias a <strong>Edward James<\/strong>, arist\u00f3crata, poeta y gran impulsor del movimiento. \u00c9l decidi\u00f3 invitar al artista a intervenir su residencia, conocida como\u00a0<strong>Monkton House<\/strong>, y el resultado fue una mezcla inaudita: <strong>un cottage eduardiano convertido en fantas\u00eda on\u00edrica.<\/strong><\/p>\n<p>James buscaba romper con la rigidez campestre y<strong> abrazar el desvar\u00edo creativo<\/strong>. Y qui\u00e9n mejor que Dal\u00ed, junto a otros arquitectos y dise\u00f1adores c\u00f3mplices, para torcer la l\u00f3gica de los ladrillos y <strong>hacer de una fachada convencional un lienzo en tres dimensiones<\/strong>. El exterior cambi\u00f3 de color y de car\u00e1cter; el interior se transform\u00f3 en un teatro de sorpresas.<\/p>\n<p><a href=\"https:\/\/www.arquitecturaydiseno.es\/decoracion\/emma-guillen-arquitecta-cama-misma-pared-que-puerta-podras-vivir-pero-es-mejor-cambiarla-posicion_12360\" data-ga4_event=\"custom_event\" data-ga4_event_name=\"click_intext\" data-ga4_link_url=\"https:\/\/www.arquitecturaydiseno.es\/decoracion\/emma-guillen-arquitecta-cama-misma-pared-que-puerta-podras-vivir-pero-es-mejor-cambiarla-posicion_12360\" data-ga4_link_text=\"emma_guillen_arquitecta_con_la_cama_en_la_misma_pared_que_la_puerta_podras_vivir_pero_es_mejor_cambiarla_de_posicion\" data-ga4_content_type=\"photo\" data-ga4_element=\"related\" rel=\"nofollow noopener\" target=\"_blank\">&#13;&#13;<img loading=\"lazy\" decoding=\"async\" src=\"https:\/\/www.europesays.com\/es\/wp-content\/uploads\/2025\/09\/emma-guillen-arquitecta_289d67d4_250910110842_600x600.webp.webp\" alt=\"Emma Guill\u00e9n, arquitecta\" class=\"lazyload\" width=\"600\" height=\"600\" data-aspectratio=\"600\/600\"\/>&#13;&#13;<\/p>\n<p class=\"epigraph\">&#13;Noticia relacionada<\/p>\n<p class=\"title\">Emma Guill\u00e9n, arquitecta: \u00abCon la cama en la misma pared que la puerta podr\u00e1s vivir, pero es mejor cambiarla de posici\u00f3n\u00bb<\/p>\n<p class=\"author-title\">Pablo S\u00e1nchez-Monta\u00f1\u00e9s Quintana<\/p>\n<p><\/a>Un jard\u00edn de ilusiones en la fachada&#13;<img loading=\"lazy\" decoding=\"async\"   src=\"https:\/\/www.europesays.com\/es\/wp-content\/uploads\/2025\/09\/entrada-monkton-house-salvador-dali_49398cb5_250905165523_900x1096.webp.webp\" alt=\"Entrada Monkton House Salvador Dali\u00b4\" class=\"lazyload\" width=\"900\" height=\"1096\" data-aspectratio=\"900\/1096\"\/> <\/p>\n<p>Nada m\u00e1s llegar, la primera impresi\u00f3n deb\u00eda de ser desconcertante. <strong>La sobria fachada de ladrillo rojo se cubri\u00f3 con un\u00a0estucado morado<\/strong>, y la puerta principal, pintada en rosa, parec\u00eda anunciar que dentro no reg\u00eda la misma l\u00f3gica que fuera. Las columnas de la entrada se disfrazaron de palmeras tropicales, los canalones imitaron ca\u00f1as de bamb\u00fa y hasta las chimeneas adoptaron formas caprichosas, todas distintas entre s\u00ed.<br \/>Era una declaraci\u00f3n de intenciones: <strong>domesticar la naturaleza inglesa con un exotismo l\u00fadico, te\u00f1ido de iron\u00eda daliniana<\/strong>. Un rinc\u00f3n del West Sussex que romp\u00eda con el buc\u00f3lico estilo \u201ccottage\u201d para abrir la puerta a la enso\u00f1aci\u00f3n.<\/p>\n<p>Interior con alma surrealista&#13;<img loading=\"lazy\" decoding=\"async\"   src=\"https:\/\/www.europesays.com\/es\/wp-content\/uploads\/2025\/09\/salon-monkton-house-salvador-dali_5314470a_250905165638_960x699.webp.webp\" alt=\"salo\u00b4n Monkton House Salvador Dali\u00b4\" class=\"lazyload\" width=\"960\" height=\"699\" data-aspectratio=\"960\/699\"\/> <\/p>\n<p>Si el exterior sorprend\u00eda, el interior confirmaba que la casa hab\u00eda mutado en escenario surrealista. En los salones, <strong>las paredes tapizadas con lino gris recordaban a sof\u00e1s victorianos<\/strong>, pero la sobriedad era un mero disfraz: de pronto aparec\u00edan un par de sof\u00e1s rojos en forma de labios (los c\u00e9lebres\u00a0Mae West Lips\u00a0de Dal\u00ed), <strong>cuadros de Paul Delvaux<\/strong> colgando de los pasillos y muebles intervenidos hasta rozar la escultura.<\/p>\n<p><a href=\"https:\/\/www.arquitecturaydiseno.es\/estilo-de-vida\/descubre-todo-que-nunca-habias-visto-salvador-dali_9750\" data-ga4_event=\"custom_event\" data-ga4_event_name=\"click_intext\" data-ga4_link_url=\"https:\/\/www.arquitecturaydiseno.es\/estilo-de-vida\/descubre-todo-que-nunca-habias-visto-salvador-dali_9750\" data-ga4_link_text=\"una_escapada_a_figueres_para_descubrir_lo_que_nunca_habias_visto_de_salvador_dali\" data-ga4_content_type=\"photo\" data-ga4_element=\"related\" rel=\"nofollow noopener\" target=\"_blank\">&#13;&#13;<img loading=\"lazy\" decoding=\"async\" src=\"https:\/\/www.europesays.com\/es\/wp-content\/uploads\/2025\/09\/casa-natal-salvador-dali-01_02ca4833_240117143843_600x600.jpg\" alt=\"casa natal salvador dal\u00ed 01\" class=\"lazyload\" width=\"600\" height=\"600\" data-aspectratio=\"600\/600\"\/>&#13;&#13;<\/p>\n<p class=\"epigraph\">&#13;Noticia relacionada<\/p>\n<p class=\"title\">Una escapada a Figueres para descubrir lo que nunca hab\u00edas visto de Salvador Dal\u00ed<\/p>\n<p><\/a>&#13;<img loading=\"lazy\" decoding=\"async\"   src=\"https:\/\/www.europesays.com\/es\/wp-content\/uploads\/2025\/09\/dormitorio-monkton-house-salvador-dali_6ea4bc22_250905165945_1600x2395.webp.webp\" alt=\"dormitorio monkton house Salvador Dali\u00b4\" class=\"lazyload\" width=\"1600\" height=\"2395\" data-aspectratio=\"1600\/2395\"\/> <\/p>\n<p><strong>El dormitorio de James evocaba el coche f\u00fanebre de Napole\u00f3n<\/strong> y su ba\u00f1o, recubierto de alabastro transl\u00facido, brillaba con luces que alternaban la imagen del sol y de la luna creciente. Incluso las alfombras escond\u00edan historias personales: primero marcaron las huellas de su esposa, m\u00e1s tarde las de sus perros, como una especie de diario sentimental tejido en lana.<\/p>\n<p>Una obra perdida (y legendaria)&#13;<img loading=\"lazy\" decoding=\"async\"   src=\"https:\/\/www.europesays.com\/es\/wp-content\/uploads\/2025\/09\/escaleras-monkton-house-salvador-dali_64c7d6d9_250905165918_1024x801.webp.webp\" alt=\"escaleras monkton house Salvador Dali\u0301\" class=\"lazyload\" width=\"1024\" height=\"801\" data-aspectratio=\"1024\/801\"\/> <\/p>\n<p>La casa, descrita en su d\u00eda como <strong>\u201cingeniosa, creativa, cautivadora y completamente distinta a cualquier otro lugar\u201d<\/strong>, no sobrevivi\u00f3 intacta al paso del tiempo. Tras la muerte de Edward James, Monkton House pas\u00f3 a manos privadas y su interior se vaci\u00f3 de tesoros. Hoy apenas se conserva la fachada ins\u00f3lita que un d\u00eda convirti\u00f3 a este cottage en la \u00fanica vivienda <a href=\"https:\/\/www.arquitecturaydiseno.es\/estilo-de-vida\/20-mejores-pinturas-abstractas-historia-arte_9082\" rel=\"nofollow noopener\" target=\"_blank\">surrealista<\/a> del Reino Unido. En ella, Dal\u00ed tradujo su universo de relojes blandos, labios carnosos y sue\u00f1os desbordados en arquitectura. <strong>No est\u00e1 en Cadaqu\u00e9s, pero guarda la misma esencia: la capacidad de transformar lo cotidiano en un espect\u00e1culo fascinante.<\/strong><\/p>\n","protected":false},"excerpt":{"rendered":"Si pensamos en Salvador Dal\u00ed, es inevitable recordar su casa blanca de Portlligat, abierta al mar de Cadaqu\u00e9s,&hellip;\n","protected":false},"author":2,"featured_media":113981,"comment_status":"","ping_status":"","sticky":false,"template":"","format":"standard","meta":{"footnotes":""},"categories":[173],"tags":[229,233,231,230,232,234,146,147,25,24,23],"class_list":{"0":"post-113980","1":"post","2":"type-post","3":"status-publish","4":"format-standard","5":"has-post-thumbnail","7":"category-arte-y-diseno","8":"tag-arte","9":"tag-arte-y-diseno","10":"tag-arts","11":"tag-arts-and-design","12":"tag-design","13":"tag-diseno","14":"tag-entertainment","15":"tag-entretenimiento","16":"tag-es","17":"tag-espana","18":"tag-spain"},"share_on_mastodon":{"url":"","error":""},"_links":{"self":[{"href":"https:\/\/www.europesays.com\/es\/wp-json\/wp\/v2\/posts\/113980","targetHints":{"allow":["GET"]}}],"collection":[{"href":"https:\/\/www.europesays.com\/es\/wp-json\/wp\/v2\/posts"}],"about":[{"href":"https:\/\/www.europesays.com\/es\/wp-json\/wp\/v2\/types\/post"}],"author":[{"embeddable":true,"href":"https:\/\/www.europesays.com\/es\/wp-json\/wp\/v2\/users\/2"}],"replies":[{"embeddable":true,"href":"https:\/\/www.europesays.com\/es\/wp-json\/wp\/v2\/comments?post=113980"}],"version-history":[{"count":0,"href":"https:\/\/www.europesays.com\/es\/wp-json\/wp\/v2\/posts\/113980\/revisions"}],"wp:featuredmedia":[{"embeddable":true,"href":"https:\/\/www.europesays.com\/es\/wp-json\/wp\/v2\/media\/113981"}],"wp:attachment":[{"href":"https:\/\/www.europesays.com\/es\/wp-json\/wp\/v2\/media?parent=113980"}],"wp:term":[{"taxonomy":"category","embeddable":true,"href":"https:\/\/www.europesays.com\/es\/wp-json\/wp\/v2\/categories?post=113980"},{"taxonomy":"post_tag","embeddable":true,"href":"https:\/\/www.europesays.com\/es\/wp-json\/wp\/v2\/tags?post=113980"}],"curies":[{"name":"wp","href":"https:\/\/api.w.org\/{rel}","templated":true}]}}