{"id":113984,"date":"2025-09-14T08:31:17","date_gmt":"2025-09-14T08:31:17","guid":{"rendered":"https:\/\/www.europesays.com\/es\/113984\/"},"modified":"2025-09-14T08:31:17","modified_gmt":"2025-09-14T08:31:17","slug":"tve-lanza-ya-a-buenafuente-para-aprovechar-las-horas-bajas-de-supervivientes-all-stars","status":"publish","type":"post","link":"https:\/\/www.europesays.com\/es\/113984\/","title":{"rendered":"TVE lanza ya a Buenafuente para aprovechar las horas bajas de Supervivientes All Stars"},"content":{"rendered":"<p class=\"ft-text\"><a class=\"ft-link ft-link--decoration\" href=\"https:\/\/www.elperiodico.com\/es\/temas\/tve-14233\" target=\"_blank\" rel=\"nofollow noopener\">TVE<\/a> ya tiene fecha de estreno para la nueva temporada de <strong>&#8216;Futuro imperfecto&#8217;<\/strong>, el programa mon\u00f3logo de <a class=\"ft-link ft-link--decoration\" href=\"https:\/\/www.elperiodico.com\/es\/personajes\/andreu-buenafuente-14670\" target=\"_blank\" rel=\"nofollow noopener\"><strong>Andreu Buenafuente<\/strong><\/a> en la cadena p\u00fablica.<\/p>\n<p class=\"ft-text\">El programa continuar\u00e1 en la noche del jueves, despu\u00e9s de<strong> &#8216;La revuelta&#8217; <\/strong>e intentar\u00e1 aprovechar los buenos n\u00fameros de su primera tanda y las horas bajas de<strong> &#8216;<\/strong><a class=\"ft-link ft-link--decoration\" href=\"https:\/\/www.elperiodico.com\/es\/temas\/supervivientes-17773\" rel=\"nofollow noopener\" target=\"_blank\"><strong>Supervivientes<\/strong><\/a><strong> All Stars&#8217; <\/strong>para hacerse con el cuarto prime time de la semana.<\/p>\n<p class=\"ft-text\">Este regreso coincidir\u00e1 adem\u00e1s con el de <strong>Marc Gir\u00f3<\/strong>, que tambi\u00e9n vuelve <a class=\"ft-link ft-link--decoration\" href=\"https:\/\/www.elperiodico.com\/es\/tele\/yotele\/20250909\/marc-giro-tve-lanza-piscina-estreno-nueva-temporada-regreso-buenafuente-121377642\" target=\"_blank\" rel=\"nofollow noopener\">el pr\u00f3ximo martes a La 1 con su &#8216;Late Xou&#8217;. <\/a>As\u00ed, la p\u00fablica apuesta por enfrentarse al reality de <a class=\"ft-link ft-link--decoration\" href=\"https:\/\/www.elperiodico.com\/es\/temas\/tele-5-14236\" rel=\"nofollow noopener\" target=\"_blank\">Telecinco<\/a> con dos formatos que combinan el humor con la actualidad.<\/p>\n<p class=\"ft-text\">Recordamos que la primera temporada de &#8216;Futuro imperfecto&#8217; anot\u00f3 un buen <strong>11,7%<\/strong> de share a pesar de emitirse en coincidencia &#8211; en su mayor\u00eda &#8211; con &#8216;Supervivientes&#8217;, que en su edici\u00f3n normal de 2025 promediaba cuotas superiores al 20%. Ahora, las tornas son bien distintas, pues la versi\u00f3n &#8216;All Stars&#8217; anot\u00f3 el pasado jueves un 15,3% en su segunda gala, un gran dato &#8211; m\u00e1s a\u00fan para Telecinco &#8211; pero lejos de los que registr\u00f3 entre marzo y junio de este a\u00f1o.<\/p>\n","protected":false},"excerpt":{"rendered":"TVE ya tiene fecha de estreno para la nueva temporada de &#8216;Futuro imperfecto&#8217;, el programa mon\u00f3logo de Andreu&hellip;\n","protected":false},"author":2,"featured_media":113985,"comment_status":"","ping_status":"","sticky":false,"template":"","format":"standard","meta":{"footnotes":""},"categories":[171],"tags":[11286,2058,8107,8917,1270,146,147,25,24,1055,2848,297,2849,2629,23,11287,3947,214,3156],"class_list":{"0":"post-113984","1":"post","2":"type-post","3":"status-publish","4":"format-standard","5":"has-post-thumbnail","7":"category-tv","8":"tag-all","9":"tag-andreu-buenafuente","10":"tag-aprovechar","11":"tag-bajas","12":"tag-buenafuente","13":"tag-entertainment","14":"tag-entretenimiento","15":"tag-es","16":"tag-espana","17":"tag-estreno","18":"tag-futuro","19":"tag-horas","20":"tag-imperfecto","21":"tag-lanza","22":"tag-spain","23":"tag-stars","24":"tag-supervivientes","25":"tag-tv","26":"tag-tve"},"share_on_mastodon":{"url":"","error":""},"_links":{"self":[{"href":"https:\/\/www.europesays.com\/es\/wp-json\/wp\/v2\/posts\/113984","targetHints":{"allow":["GET"]}}],"collection":[{"href":"https:\/\/www.europesays.com\/es\/wp-json\/wp\/v2\/posts"}],"about":[{"href":"https:\/\/www.europesays.com\/es\/wp-json\/wp\/v2\/types\/post"}],"author":[{"embeddable":true,"href":"https:\/\/www.europesays.com\/es\/wp-json\/wp\/v2\/users\/2"}],"replies":[{"embeddable":true,"href":"https:\/\/www.europesays.com\/es\/wp-json\/wp\/v2\/comments?post=113984"}],"version-history":[{"count":0,"href":"https:\/\/www.europesays.com\/es\/wp-json\/wp\/v2\/posts\/113984\/revisions"}],"wp:featuredmedia":[{"embeddable":true,"href":"https:\/\/www.europesays.com\/es\/wp-json\/wp\/v2\/media\/113985"}],"wp:attachment":[{"href":"https:\/\/www.europesays.com\/es\/wp-json\/wp\/v2\/media?parent=113984"}],"wp:term":[{"taxonomy":"category","embeddable":true,"href":"https:\/\/www.europesays.com\/es\/wp-json\/wp\/v2\/categories?post=113984"},{"taxonomy":"post_tag","embeddable":true,"href":"https:\/\/www.europesays.com\/es\/wp-json\/wp\/v2\/tags?post=113984"}],"curies":[{"name":"wp","href":"https:\/\/api.w.org\/{rel}","templated":true}]}}