{"id":113988,"date":"2025-09-14T08:33:08","date_gmt":"2025-09-14T08:33:08","guid":{"rendered":"https:\/\/www.europesays.com\/es\/113988\/"},"modified":"2025-09-14T08:33:08","modified_gmt":"2025-09-14T08:33:08","slug":"marta-medina-y-enrique-lavigne-arrebato-fascina-porque-es-una-pelicula-mutante","status":"publish","type":"post","link":"https:\/\/www.europesays.com\/es\/113988\/","title":{"rendered":"Marta Medina y Enrique Lavigne: \u00ab&#8217;Arrebato&#8217; fascina porque es una pel\u00edcula mutante\u00bb"},"content":{"rendered":"<p>En &#8216;El \u00faltimo arrebato&#8217;, Marta Medina (Valladolid, 1986) y Enrique Lavigne (Madrid, 1967) proponen un heterodoxo e inusual acercamiento a la figura y la obra  &#8230; del realizador donostiarra Iv\u00e1n Zulueta, que no excluye incursiones en la autoficci\u00f3n con escenas sobre los altibajos del rodaje y de su propia relaci\u00f3n. El documental, que se proyectar\u00e1 en la secci\u00f3n Zabaltegi-Tabakalera del Zinemaldia, se aproxima a la vida del director de &#8216;Arrebato&#8217; a trav\u00e9s de testimonios de personas cercanas, pero tambi\u00e9n indaga en sus archivos, desde 2022 en manos de Filmoteca. El resultado es una propuesta inclasificable que busca contagiarse del esp\u00edritu lib\u00e9rrimo de la m\u00edtica pel\u00edcula de Zulueta.<\/p>\n<p class=\"v-p\"><strong>\u2013 Descartaron desde el principio hacer un documental de &#8216;bustos parlantes&#8217;, lo cual les oblig\u00f3 a explorar otros formatos. \u00bfFue complicado dar con el tono exacto? <\/strong><\/p>\n<p class=\"v-p\">\u2013 <strong>Marta Medina<\/strong>: Ha sido una pel\u00edcula que hemos hecho durante tres a\u00f1os. Hemos estado buscando mucho tiempo porque lo que ten\u00edamos claro es que las pel\u00edculas que a nosotros nos gustan no son las de &#8216;bustos parlantes&#8217;. Quer\u00edamos arriesgar un poco y acercarnos a la forma de ver el cine de Zulueta. La trama m\u00e1s heterodoxa de nuestra historia la hemos construido a medida que hac\u00edamos el documental.<\/p>\n<p class=\"v-p\">\u2013 <strong>Enrique Lavigne<\/strong>: Nos hemos rebelado contra lo que inicialmente fue un encargo para hacer un documental sobre Iv\u00e1n Zulueta y &#8216;Arrebato&#8217;. En un principio, me lo pens\u00e9 porque yo soy productor y tampoco ten\u00eda muy claro por qu\u00e9 yo, que no conoc\u00eda a Iv\u00e1n. Sin embargo, tuve la osad\u00eda de decir que s\u00ed y entonces ya uno va entramp\u00e1ndose. La opini\u00f3n que nosotros podamos dar sobre Iv\u00e1n no es algo que a la gente le pueda importar, as\u00ed que ten\u00edamos que buscar la pel\u00edcula en otro sitio. Hoy he estado trabajando con el tr\u00e1iler y nos ha salido algo absolutamente informativo que traicionaba todo lo que quer\u00edamos hacer. Es m\u00e1s un caleidoscopio sobre Iv\u00e1n, sobre su manera de ver el cine y la vida, y c\u00f3mo &#8216;Arrebato&#8217; no es capaz de discernir qu\u00e9 es lo uno y qu\u00e9 lo otro.<\/p>\n<p><a href=\"http:\/\/www.diariovasco.com\/culturas\/zinemaldia\/pelicula-acabado-hartos-cine-20250914195555-nt.html#vtm_modulosEngag=mod-rel:culturas:noticia:1:cmp:1-not\" class=\"v-a-link\" aria-label=\"Imagen\" rel=\"nofollow noopener\" target=\"_blank\"><\/p>\n<p><img decoding=\"async\" loading=\"lazy\" src=\"https:\/\/www.europesays.com\/es\/wp-content\/uploads\/2025\/09\/1500349029-knL--366x256@Diario Vasco.jpg\" class=\"v-a-img\" width=\"258\" height=\"180\" alt=\"\" data-voc-vtm-id=\"in-text-traffic\"\/><\/p>\n<p><\/a><\/p>\n<p class=\"v-p\">\u2013 M. M.: Quer\u00edamos mostrar que es imposible que el cine no contagie lo que ocurre a su alrededor y que lo que ocurre en torno al cine no se contagie a la pel\u00edcula. Hemos intentado que se vea tambi\u00e9n esa parte autobiogr\u00e1fica y mostrar c\u00f3mo a lo largo de estos tres a\u00f1os hemos cambiado, crecido, discutido y renunciado a hacer la pel\u00edcula.<\/p>\n<p class=\"v-p\">\u2013 E. L.: Tambi\u00e9n hemos roto&#8230;<\/p>\n<p class=\"v-p\">\u2013 M. M: &#8230; y hemos vuelto. &#8216;Arrebato&#8217; tambi\u00e9n habla de c\u00f3mo pasas al otro lado de la pantalla y lo que hay en ese lugar tambi\u00e9n te influye a ti.<\/p>\n<p class=\"v-p\"><strong>\u2013 Han colocado &#8216;Arrebato&#8217; en el centro del documental para remontarse primero en la vida de Zulueta y avanzar despu\u00e9s sobre lo que vino a continuaci\u00f3n. Y de paso han retratado dos ciudades \u2013Donostia y Madrid\u2013, y dos \u00e9pocas.<\/strong><\/p>\n<p class=\"v-p\">\u2013 E. L.: Tenemos cerca de ocho horas de pel\u00edcula y con m\u00e1s participantes, pero nos dimos cuenta de que lo que nos interesaba era nuestra relaci\u00f3n con &#8216;Arrebato&#8217; y nuestra investigaci\u00f3n sobre Iv\u00e1n a trav\u00e9s de las personas que realmente tuvo cerca. Iv\u00e1n tuvo una ventana abierta a Madrid desde la Plaza de Espa\u00f1a, desde la cual experimentaba, y otra abierta a La Concha desde Aloha, la casa familiar. Estas dos pantallas de cine son sus pantallas de vida y el resto del tiempo fue un eremita que vivi\u00f3 en estos dos edificios. <\/p>\n<p class=\"v-p\"><strong>\u2013 Mantuvo sus mundos en Madrid y Donostia como dos compartimentos estancos en los que los que pertenec\u00edan a uno nunca se mezclaron con los del otro. La vida familiar y la vida m\u00e1s&#8230;<\/strong><\/p>\n<p class=\"v-p\">\u2013 M. M.: S\u00ed, m\u00e1s experimental. La \u00fanica que estuvo en sus dos mundos fue Virginia (Montenegro). Por otro lado, su familia est\u00e1 muy presente en sus pel\u00edculas en super 8 por esa necesidad que ten\u00eda de registrar todo lo que ten\u00eda a su alrededor. Rodaba tanto los momentos con su familia o con su perro como su vida m\u00e1s nocturna en Madrid.<\/p>\n<p class=\"v-p\">\u2013 E. L.: Hay algo parecido en la propia &#8216;Arrebato&#8217;: est\u00e1 el protagonista Jos\u00e9 Sirgado (Eusebio Poncela) en su apartamento y est\u00e1 tambi\u00e9n en la casa familiar, donde Zulueta incorpora esa vida que hac\u00eda lejos del mundanal ruido de Madrid.<\/p>\n<p class=\"v-p\">\u2013 M. M.: Siempre esa vuelta a la infancia.<\/p>\n<p class=\"v-p\"><strong>\u2013 \u00bfEs parad\u00f3jico que un chico conservador de una buena familia donostiarra firmara una obra tan rompedora?<\/strong><\/p>\n<p class=\"v-p\">\u2013 M.M.: Es que no creo que \u00e9l fuera conservador, aunque viniera de un entorno que s\u00ed lo era. Estaba continuamente experimentando tanto en su cine como en su propia vida. Ves c\u00f3mo se rueda a s\u00ed mismo, trabajando la luz, los colores&#8230; Era un gran curioso y eso le llevaba a experimentar. Pasa de ser un chico con jersey de pico a ser un melenudo.<\/p>\n<p class=\"v-p\">\u2013 \u00bfC\u00f3mo fue bucear en todo ese archivo de filmaciones caseras o incluso de su infancia que guarda Filmoteca?<\/p>\n<p class=\"v-p\">\u2013 M. M.: Virginia rescat\u00f3 ese material que se iba a perder y Filmoteca lo restaur\u00f3. Hemos visto todos los materiales de todas las \u00e9pocas, en busca de lo que rimara con lo que nosotros est\u00e1bamos haciendo. Y hemos visto que muchos de esos cortos eran bocetos de lo que luego aparece en &#8216;Arrebato&#8217;. <\/p>\n<p class=\"v-p\">\u2013 E. L.: Hay una cosa curiosa que se dice en el documental y es que &#8216;Arrebato&#8217; es una \u00f3pera prima y, a la vez, una pel\u00edcula testamentaria. Es como si todo lo que Zulueta experiment\u00f3 a lo largo de su vida hubiera quedado congelado en esa pel\u00edcula \u00fanica que le vaci\u00f3. Todo lo que hab\u00eda sido \u00e9l est\u00e1 ah\u00ed dentro y despu\u00e9s fue incapaz de desarrollar esa cosmogon\u00eda que ya hab\u00eda volcado en esa pel\u00edcula.<\/p>\n<p class=\"v-p\"><strong>\u2013 \u00bfEs una pel\u00edcula que conviene ver a una determinada edad, como pasa con ciertas lecturas?<\/strong><\/p>\n<p class=\"v-p\">\u2013 E. L.: Es un debate que tengo con muchos amigos cineastas y siempre llegamos a la misma conclusi\u00f3n. Nacho Vigalondo, por ejemplo, dice que da igual a qu\u00e9 edad la veas porque siempre es una pel\u00edcula diferente. Yo la vi por primera vez con diecis\u00e9is a\u00f1os y me peg\u00f3 un palo porque no sab\u00eda lo que estaba viendo. Tard\u00e9 muchos a\u00f1os en entender que dentro hab\u00eda un &#8216;flashback&#8217;&#8230; Realmente, su estructura es muy marciana y durante d\u00e9cadas vi una pel\u00edcula diferente a la que he visto en estos \u00faltimos tres a\u00f1os, en los que me ha importado mucho m\u00e1s esa vuelta a la infancia, por ejemplo. La pel\u00edcula fascina y va a seguir haci\u00e9ndolo por su car\u00e1cter poli\u00e9drico, por su capacidad de cambiar. Por ser una pel\u00edcula mutante.<\/p>\n<p class=\"v-p\">\u2013M. M.: No recuerdo exactamente cu\u00e1ndo vi por primera vez &#8216;Arrebato&#8217;, pero cada vez que la veo encuentro cosas que no recordaba. La voy cosiendo en mi cabeza y voy encontrando nuevos significados porque hay muchas cosas que est\u00e1n apuntadas, pero no subrayadas. Creo que da igual la edad que tengas, te sorprende cada vez que la ves.<\/p>\n<p class=\"v-p\"><strong>\u2013 Su pel\u00edcula evoca o directamente da voz a unas cuantas personas ya fallecidas, el \u00faltimo, Eusebio Poncela.<\/strong><\/p>\n<p class=\"v-p\">\u2013 E. L: Realmente, de las personas que han participado es la \u00faltima que pens\u00e1bamos que iba a desaparecer tan pronto. Es verdad que &#8216;El \u00faltimo arrebato&#8217; tiene desde el principio un tono crepuscular por las personas que est\u00e1n envueltas en ella y por la sensaci\u00f3n de que hay algo en el cine que se est\u00e1 diluyendo y desapareciendo. <\/p>\n<p class=\"v-p\">\u2013 \u00bfEs una buena idea dirigir a cuatro manos?<\/p>\n<p class=\"v-p\">\u2013 M. M.: Yo creo que s\u00ed porque Enrique y yo nos complementamos. T\u00fa, \u00bfqu\u00e9 crees?<\/p>\n<p class=\"v-p\">\u2013 E. L.: Ha sido una experiencia que queremos volver a repetir. Hubiera sido incapaz de asumir la direcci\u00f3n yo solo. Por otra parte, hay partes que hemos rodado por separado, algunas est\u00e1n y otras se quedaron fuera. La pel\u00edcula recoge lo mejor de las ideas de los dos.<\/p>\n<p class=\"v-p\"><strong>\u2013 \u00bfQu\u00e9 funci\u00f3n cumplen las escenas dramatizadas del trabajo y la relaci\u00f3n entre ustedes dos durante la gestaci\u00f3n del proyecto y el rodaje?<\/strong><\/p>\n<p class=\"v-p\">\u2013 M. M.: Hay partes que est\u00e1n obviamente dramatizadas, pero era lo que en realidad pasaba.<\/p>\n<p class=\"v-p\">\u2013 E. L.: Como en &#8216;Arrebato&#8217;, es casi una &#8216;home movie&#8217;, casi una pel\u00edcula que puedes hacer de forma impulsiva teniendo una c\u00e1mara al lado&#8230; Tienes la sensaci\u00f3n de que la situaci\u00f3n por la que est\u00e1s pasando y lo que acabas de decir son verdad. Aunque las palabras no sean las mismas, la sensaci\u00f3n que queda s\u00ed lo es. Si hay algo que esta pel\u00edcula comparte con &#8216;Arrebato&#8217; es la sensaci\u00f3n de inmediatez. En la pel\u00edcula de Zulueta ves que hay dos o tres personas que est\u00e1n viviendo algo a trav\u00e9s de la pantalla y a nosotros nos pasa lo mismo. Ha sido un misterio hasta el final porque aunque haya escenas dramatizadas, nada es mentira. Todas las sensaciones que se producen ah\u00ed delante \u2013nuestra tristeza, nuestros entusiasmos&#8230;\u2013, surgen en ese momento, no est\u00e1n rodadas al d\u00eda siguiente.<\/p>\n<p class=\"v-p\">\u2013 M. M.: El \u00faltimo viaje a Donostia fue con la sensaci\u00f3n de que hab\u00eda que acabar esto&#8230;<\/p>\n<p class=\"v-p\">\u2013 E. L.:&#8230; porque ya no nos pod\u00edamos ni ver.<\/p>\n<p class=\"v-p\"><strong>\u2013 Pese a que poco queda de la Aloha familiar, s\u00ed quisieron ir a la villa de los Zulueta.<\/strong><\/p>\n<p class=\"v-p\">\u2013 M. M.: Yo quer\u00eda saltar la verja, pero no me dejaron&#8230;<\/p>\n<p class=\"v-p\">\u2013 E. L.: S\u00ed te dej\u00e1bamos, pero hab\u00eda gente dentro.<\/p>\n<p class=\"v-p\">\u2013M. M.: Est\u00e1 la importancia del magnolio porque es donde est\u00e1 Iv\u00e1n.<\/p>\n<p class=\"v-p\">\u2013 E. L.: Nosotros no sab\u00edamos d\u00f3nde estaba enterrado Iv\u00e1n. No hay trampas, nos enteramos por Virgina a medida que el proyecto avanzaba porque ella tampoco ten\u00eda muy claro si quer\u00eda participar en el documental porque no nos conoc\u00eda de nada. Como albacea y amiga de Iv\u00e1n, como la persona que ha cuidado de su imagen, ha intentado apartar a las moscas y evitar justamente esto. El \u00fanico sitio en el que ha querido aparecer \u2013y porque durante estos tres a\u00f1os nos ha conocido poco a poco y se ha fiado\u2013, ha sido en nuestra pel\u00edcula. Por eso nos parece que tiene mucho valor, se nota esa honestidad ah\u00ed.<\/p>\n","protected":false},"excerpt":{"rendered":"En &#8216;El \u00faltimo arrebato&#8217;, Marta Medina (Valladolid, 1986) y Enrique Lavigne (Madrid, 1967) proponen un heterodoxo e inusual&hellip;\n","protected":false},"author":2,"featured_media":113989,"comment_status":"","ping_status":"","sticky":false,"template":"","format":"standard","meta":{"footnotes":""},"categories":[169],"tags":[38515,177,146,147,25,24,16416,176,175,38516,1257,23],"class_list":{"0":"post-113988","1":"post","2":"type-post","3":"status-publish","4":"format-standard","5":"has-post-thumbnail","7":"category-cine","8":"tag-arrebato","9":"tag-cine","10":"tag-entertainment","11":"tag-entretenimiento","12":"tag-es","13":"tag-espana","14":"tag-fascina","15":"tag-film","16":"tag-movies","17":"tag-mutante","18":"tag-pelicula","19":"tag-spain"},"share_on_mastodon":{"url":"","error":""},"_links":{"self":[{"href":"https:\/\/www.europesays.com\/es\/wp-json\/wp\/v2\/posts\/113988","targetHints":{"allow":["GET"]}}],"collection":[{"href":"https:\/\/www.europesays.com\/es\/wp-json\/wp\/v2\/posts"}],"about":[{"href":"https:\/\/www.europesays.com\/es\/wp-json\/wp\/v2\/types\/post"}],"author":[{"embeddable":true,"href":"https:\/\/www.europesays.com\/es\/wp-json\/wp\/v2\/users\/2"}],"replies":[{"embeddable":true,"href":"https:\/\/www.europesays.com\/es\/wp-json\/wp\/v2\/comments?post=113988"}],"version-history":[{"count":0,"href":"https:\/\/www.europesays.com\/es\/wp-json\/wp\/v2\/posts\/113988\/revisions"}],"wp:featuredmedia":[{"embeddable":true,"href":"https:\/\/www.europesays.com\/es\/wp-json\/wp\/v2\/media\/113989"}],"wp:attachment":[{"href":"https:\/\/www.europesays.com\/es\/wp-json\/wp\/v2\/media?parent=113988"}],"wp:term":[{"taxonomy":"category","embeddable":true,"href":"https:\/\/www.europesays.com\/es\/wp-json\/wp\/v2\/categories?post=113988"},{"taxonomy":"post_tag","embeddable":true,"href":"https:\/\/www.europesays.com\/es\/wp-json\/wp\/v2\/tags?post=113988"}],"curies":[{"name":"wp","href":"https:\/\/api.w.org\/{rel}","templated":true}]}}