{"id":113999,"date":"2025-09-14T08:39:09","date_gmt":"2025-09-14T08:39:09","guid":{"rendered":"https:\/\/www.europesays.com\/es\/113999\/"},"modified":"2025-09-14T08:39:09","modified_gmt":"2025-09-14T08:39:09","slug":"el-asesinato-del-comentarista-charlie-kirk-aviva-la-llama-de-la-violencia-politica-en-ee-uu-el-pais-expres","status":"publish","type":"post","link":"https:\/\/www.europesays.com\/es\/113999\/","title":{"rendered":"El asesinato del comentarista Charlie Kirk aviva la llama de la violencia pol\u00edtica en EE UU | El PA\u00cdS Expr\u00e9s"},"content":{"rendered":"<p><img fetchpriority=\"high\" alt=\"12 September 2025, US, New York: A woman holds a photo of Charlie Kirk, the US conservative activist and co-founder of Turning Point USA, who was shot dead at an event at Utah Valley University, during a vigil in Madison Square Park in Manhattan. Photo: Andrea Renault\/ZUMA Press Wire\/dpa&#13;&#10;Andrea Renault\/ZUMA Press Wire\/d \/ DPA&#13;&#10;12\/09\/2025 ONLY FOR USE IN SPAIN\" decoding=\"auto\" class=\"_re  a_m-h\" height=\"414\"  width=\"414\"  src=\"https:\/\/www.europesays.com\/es\/wp-content\/uploads\/2025\/09\/EZXJBMTDTRDUVKW65C2J7XFISU.jpg\" loading=\"eager\"\/>12 September 2025, US, New York: A woman holds a photo of Charlie Kirk, the US conservative activist and co-founder of Turning Point USA, who was shot dead at an event at Utah Valley University, during a vigil in Madison Square Park in Manhattan. Photo: Andrea Renault\/ZUMA Press Wire\/dpa&#13;<br \/>\nAndrea Renault\/ZUMA Press Wire\/d \/ DPA&#13;<br \/>\n12\/09\/2025 ONLY FOR USE IN SPAINFoto: Andrea Renault (Europa Press)<\/p>\n<p class=\"\">En Estados Unidos siguen conmocionados por la muerte de Charlie Kirk, el comentarista ultraconservador y aliado de Donald Trump que fue asesinato por un disparo. El sospechoso, Tyler Robinson, fue detenido tras una b\u00fasqueda de 36 horas, pero hay muchas inc\u00f3gnitas. <\/p>\n<p class=\"\"><b>La muerte de Kirk se ha convertido en un asunto de Estado. <\/b>El vicepresidente de Estados Unidos, J. D. Vance, viaj\u00f3 a Salt Lake City y ofreci\u00f3 el Air Force 2 para trasladar el f\u00e9retro del comentarista.<\/p>\n<ul>\n<li>Trump dijo que asistir\u00e1 al funeral de su aliado, que fue clave en la movilizaci\u00f3n del voto joven para llevarle de vuelta a la Casa Blanca. <\/li>\n<\/ul>\n<p class=\"\"><b>\u00bfQui\u00e9n era Robinson? <\/b>Se sabe que era un vecino de 22 a\u00f1os de Utah, el estado donde muri\u00f3 Kirk. <\/p>\n<ul>\n<li>Confes\u00f3 el crimen a su padre, que trat\u00f3 de convencerle a que se entregara.<\/li>\n<li>Un religioso amigo de la familia logr\u00f3 persuadirlo. Y entonces, entr\u00f3 en escena un agente con conexiones en la investigaci\u00f3n, que fue el que avis\u00f3 a las autoridades.<\/li>\n<\/ul>\n<p class=\"\"><b>Su afiliaci\u00f3n pol\u00edtica sigue siendo una inc\u00f3gnita\u2026 <\/b>Estaba registrado como votante, pero sin afiliaci\u00f3n partidista, y todo indica que no particip\u00f3 en las \u00faltimas presidenciales.<\/p>\n<ul>\n<li>Su abuela dice que son una familia \u201cconvencidamente trumpista\u201d y con afici\u00f3n por las armas, como muestran muchas fotos. <\/li>\n<\/ul>\n<p class=\"\">\u00a9Foto: Andrea Renault (EP) <\/p>\n<p class=\"\"><a href=\"https:\/\/elpais.com\/internacional\/2025-09-13\/huida-captura-y-enigmas-del-presunto-asesino-que-avivo-la-llama-de-la-violencia-politica-en-estados-unidos.html\" target=\"_self\" rel=\"nofollow noopener\" title=\"https:\/\/elpais.com\/internacional\/2025-09-13\/huida-captura-y-enigmas-del-presunto-asesino-que-avivo-la-llama-de-la-violencia-politica-en-estados-unidos.html\">Si quieres saber m\u00e1s, puedes leer aqu\u00ed.<\/a><\/p>\n","protected":false},"excerpt":{"rendered":"12 September 2025, US, New York: A woman holds a photo of Charlie Kirk, the US conservative activist&hellip;\n","protected":false},"author":2,"featured_media":114000,"comment_status":"","ping_status":"","sticky":false,"template":"","format":"standard","meta":{"footnotes":""},"categories":[42],"tags":[30101,1154,17,18,37536,352,629,13,14,11,2183,61,62,63,64,19,20,9,10,15,16,30471,17918,952,8180,5223,12,21,22,65,66,67],"class_list":{"0":"post-113999","1":"post","2":"type-post","3":"status-publish","4":"format-standard","5":"has-post-thumbnail","7":"category-internacional","8":"tag-armas-de-fuego","9":"tag-asesinatos","10":"tag-breaking-news","11":"tag-breakingnews","12":"tag-charlie-kirk","13":"tag-donald-trump","14":"tag-estados-unidos","15":"tag-featured-news","16":"tag-featurednews","17":"tag-headlines","18":"tag-influencers","19":"tag-internacional","20":"tag-international","21":"tag-international-news","22":"tag-internationalnews","23":"tag-latest-news","24":"tag-latestnews","25":"tag-news","26":"tag-noticias","27":"tag-noticias-destacadas","28":"tag-noticiasdestacadas","29":"tag-partido-democrata-ee-uu","30":"tag-partido-republicano-ee-uu","31":"tag-politica","32":"tag-tiroteos","33":"tag-tiroteos-en-estados-unidos","34":"tag-titulares","35":"tag-ultimas-noticias","36":"tag-ultimasnoticias","37":"tag-world","38":"tag-world-news","39":"tag-worldnews"},"share_on_mastodon":{"url":"","error":""},"_links":{"self":[{"href":"https:\/\/www.europesays.com\/es\/wp-json\/wp\/v2\/posts\/113999","targetHints":{"allow":["GET"]}}],"collection":[{"href":"https:\/\/www.europesays.com\/es\/wp-json\/wp\/v2\/posts"}],"about":[{"href":"https:\/\/www.europesays.com\/es\/wp-json\/wp\/v2\/types\/post"}],"author":[{"embeddable":true,"href":"https:\/\/www.europesays.com\/es\/wp-json\/wp\/v2\/users\/2"}],"replies":[{"embeddable":true,"href":"https:\/\/www.europesays.com\/es\/wp-json\/wp\/v2\/comments?post=113999"}],"version-history":[{"count":0,"href":"https:\/\/www.europesays.com\/es\/wp-json\/wp\/v2\/posts\/113999\/revisions"}],"wp:featuredmedia":[{"embeddable":true,"href":"https:\/\/www.europesays.com\/es\/wp-json\/wp\/v2\/media\/114000"}],"wp:attachment":[{"href":"https:\/\/www.europesays.com\/es\/wp-json\/wp\/v2\/media?parent=113999"}],"wp:term":[{"taxonomy":"category","embeddable":true,"href":"https:\/\/www.europesays.com\/es\/wp-json\/wp\/v2\/categories?post=113999"},{"taxonomy":"post_tag","embeddable":true,"href":"https:\/\/www.europesays.com\/es\/wp-json\/wp\/v2\/tags?post=113999"}],"curies":[{"name":"wp","href":"https:\/\/api.w.org\/{rel}","templated":true}]}}