{"id":11400,"date":"2025-07-29T10:01:11","date_gmt":"2025-07-29T10:01:11","guid":{"rendered":"https:\/\/www.europesays.com\/es\/11400\/"},"modified":"2025-07-29T10:01:11","modified_gmt":"2025-07-29T10:01:11","slug":"solitario-trofeo-para-el-cirbonero-aaron-navas","status":"publish","type":"post","link":"https:\/\/www.europesays.com\/es\/11400\/","title":{"rendered":"Solitario trofeo para el cirbonero Aar\u00f3n Navas"},"content":{"rendered":"<p>    <img loading=\"lazy\" decoding=\"async\" src=\"https:\/\/www.europesays.com\/es\/wp-content\/uploads\/2025\/07\/ed73c1a6-f04e-4b0b-8664-aa7999b6037e_16-9-discover-aspect-ratio_default_0.jpg\" alt=\"Navas torea en redondo al primer y buen novillo del hierro de Fraguas, al que cort\u00f3 una oreja.\" width=\"1200\" height=\"675\" title=\"Navas torea en redondo al primer y buen novillo del hierro de Fraguas, al que cort\u00f3 una oreja.\" style=\"height:auto;\"\/><\/p>\n<p class=\"article-photo__footer\">\n        Navas torea en redondo al primer y buen novillo del hierro de Fraguas, al que cort\u00f3 una oreja.<br \/>\n                    Manuel Sag\u00fc\u00e9s\n            <\/p>\n<p class=\"article-body__text article-body__text--entry article-body__text-middle\">\n        Con un nuevo casi lleno se celebr\u00f3 la cuarta <a href=\"https:\/\/www.noticiasdenavarra.com\/tags\/novillada\/\" title=\"novillada\" class=\"link copy\" rel=\"nofollow noopener\" target=\"_blank\">novillada<\/a> sin picadores del <strong>XXXIII Esp\u00e1rrago de Oro<\/strong>. El festejo tuvo bastante acento navarro. El encierro lo presentaba el <strong>hierro de Fraguas<\/strong>, de <a href=\"https:\/\/www.noticiasdenavarra.com\/tags\/villafranca\/\" title=\"Villafranca\" class=\"link copy\" rel=\"nofollow noopener\" target=\"_blank\">Villafranca<\/a>. Y el primer novillero del mano a mano fue el espigado aspirante de <a href=\"https:\/\/www.noticiasdenavarra.com\/tags\/cintruenigo\/\" title=\"Cintru\u00e9nigo\" class=\"link copy\" rel=\"nofollow noopener\" target=\"_blank\">Cintru\u00e9nigo<\/a>, <strong>Aar\u00f3n Navas<\/strong>, que cort\u00f3 la \u00fanica oreja del festejo. Las reses villafranquesas estuvieron bien, aunque, desigualmente presentadas y dieron distinto juego. Destacaron los erales lidiados en primer y cuarto lugar, siendo m\u00e1s deslucidos por falta de fuerza y casta los otros. <strong>David Sejas<\/strong>, alumno de la Escuela Taurina de Huesca mostr\u00f3 estar m\u00e1s puesto en el oficio que Aar\u00f3n Navas. Sin embargo, el navarro, de menos a m\u00e1s, se fue acoplando, sobre todo al natural y con el m\u00e9rito de soportar rachas de viento continuas. Mat\u00f3 con brevedad de pinchazo y estocada delantera y <strong>se le pidi\u00f3 y concedi\u00f3 ese \u00fanico trofeo<\/strong>. El tercero fue un novillo flojo y deslucido con el que el cirbonero no pudo acoplarse, adem\u00e1s, de nuevo, con el viento en contra para el manejo de los enga\u00f1os. Parecido le pas\u00f3 a Sejas con un segundo mansito, aunque con hechuras y kilos de utrero. Ante el notable cuarto se mostr\u00f3 valiente, en novillero, intentando todo, y consiguiendo no tanto. Valiente y muy decidido propuso hasta bernardinas de rodillas de las que sali\u00f3 volteado. Tard\u00f3 en matar y fue avisado.\n<\/p>\n<p><strong>LOS NOVILLOS<\/strong><\/p>\n<p><strong>Fraguas.<\/strong> 4 erales de distinto juego. De buena nota, 1\u00ba y 4\u00ba.<\/p>\n<p><strong>LOS NOVILLEROS<\/strong><\/p>\n<p><strong>Aar\u00f3n Navas. <\/strong>(De azul marino y oro). Oreja y palmas tras aviso.<\/p>\n<p><strong>El Sejas. <\/strong>(De grana y oro). Silencio tras aviso en ambos.<\/p>\n<p><strong>LAS GRADAS<\/strong><\/p>\n<p><strong>Presidencia. <\/strong>Eva Muro. Bien.<\/p>\n<p><strong>Incidencias. <\/strong>Casi lleno. Viento.<\/p>\n<p>  <strong>Premios de Tudela <\/strong><\/p>\n<p class=\"article-body__text \">\n        <strong>Pablo Aguado<\/strong> e <strong>Iv\u00e1n Garc\u00eda<\/strong>, premios a la mejor faena y mejor subalterno, respectivamente,  de la Feria de Santa Ana. El premio al mejor toro qued\u00f3 desierto. Estos galardones los convocan el Club Taurino de Tudela y la  Secci\u00f3n Taurina de la Sociedad Arenas.<\/p>\n","protected":false},"excerpt":{"rendered":"Navas torea en redondo al primer y buen novillo del hierro de Fraguas, al que cort\u00f3 una oreja.&hellip;\n","protected":false},"author":2,"featured_media":11401,"comment_status":"","ping_status":"","sticky":false,"template":"","format":"standard","meta":{"footnotes":""},"categories":[277],"tags":[8157,373,8156,168,25,24,3645,2078,8155,23,167,374,7132],"class_list":{"0":"post-11400","1":"post","2":"type-post","3":"status-publish","4":"format-standard","5":"has-post-thumbnail","7":"category-toreo","8":"tag-aaron","9":"tag-bullfighting","10":"tag-cirbonero","11":"tag-deportes","12":"tag-es","13":"tag-espana","14":"tag-navas","15":"tag-para","16":"tag-solitario","17":"tag-spain","18":"tag-sports","19":"tag-toreo","20":"tag-trofeo"},"share_on_mastodon":{"url":"","error":""},"_links":{"self":[{"href":"https:\/\/www.europesays.com\/es\/wp-json\/wp\/v2\/posts\/11400","targetHints":{"allow":["GET"]}}],"collection":[{"href":"https:\/\/www.europesays.com\/es\/wp-json\/wp\/v2\/posts"}],"about":[{"href":"https:\/\/www.europesays.com\/es\/wp-json\/wp\/v2\/types\/post"}],"author":[{"embeddable":true,"href":"https:\/\/www.europesays.com\/es\/wp-json\/wp\/v2\/users\/2"}],"replies":[{"embeddable":true,"href":"https:\/\/www.europesays.com\/es\/wp-json\/wp\/v2\/comments?post=11400"}],"version-history":[{"count":0,"href":"https:\/\/www.europesays.com\/es\/wp-json\/wp\/v2\/posts\/11400\/revisions"}],"wp:featuredmedia":[{"embeddable":true,"href":"https:\/\/www.europesays.com\/es\/wp-json\/wp\/v2\/media\/11401"}],"wp:attachment":[{"href":"https:\/\/www.europesays.com\/es\/wp-json\/wp\/v2\/media?parent=11400"}],"wp:term":[{"taxonomy":"category","embeddable":true,"href":"https:\/\/www.europesays.com\/es\/wp-json\/wp\/v2\/categories?post=11400"},{"taxonomy":"post_tag","embeddable":true,"href":"https:\/\/www.europesays.com\/es\/wp-json\/wp\/v2\/tags?post=11400"}],"curies":[{"name":"wp","href":"https:\/\/api.w.org\/{rel}","templated":true}]}}