{"id":114006,"date":"2025-09-14T08:43:19","date_gmt":"2025-09-14T08:43:19","guid":{"rendered":"https:\/\/www.europesays.com\/es\/114006\/"},"modified":"2025-09-14T08:43:19","modified_gmt":"2025-09-14T08:43:19","slug":"inedito-e-historico-dos-colombianos-hoy-en-las-ventas-juan-de-castilla-y-sebastian-ritter","status":"publish","type":"post","link":"https:\/\/www.europesays.com\/es\/114006\/","title":{"rendered":"In\u00e9dito E HIST\u00d3RICO : Dos colombianos hoy en Las Ventas. Juan de CASTILLA y Sebasti\u00e1n Ritter"},"content":{"rendered":"<p>No recuerdo que dos colombianos est\u00e9n anunciados en un mismo cartel en Las Ventas desde la inauguraci\u00f3n de la plaza en 1931.<\/p>\n<p>Pues este domingo  entr\u00f3 Sebasti\u00e1n Ritter porque Dami\u00e1n Casta\u00f1o fue herido en Salamanca y no podr\u00e1 actuar.<\/p>\n<p>As\u00ed que dos colombianos y antioque\u00f1os para mas se\u00f1as parten el pase\u00edllo en Madrid.<\/p>\n<p>Tarde , por tanto, muy emotiva.<\/p>\n<p>Torero Sebasti\u00e1n Ritter.<\/p>\n<p><strong>Fecha de nacimiento:<\/strong>\u00a0el 11 de julio de 1992 en Medell\u00edn-Antioqu\u00eda (Colombia).<\/p>\n<p><strong>Debut\u00f3 con picadores:<\/strong>\u00a0el 2 de junio del 2012 en Moralzarzal (Madrid).<\/p>\n<p><strong>Alternativa:<\/strong>\u00a0el 4 de octubre de 2013.<\/p>\n<p><strong>Informaci\u00f3n complementaria:<\/strong><\/p>\n<p>Hijo del matador de toros Luis Ritter. A los ocho a\u00f1os de edad empez\u00f3 a actuar como ni\u00f1o torero en numerosas becerradas.<\/p>\n<p>En 2006 ingres\u00f3 en la escuela taurina de Antioquia que dirige su padre y luego en Espa\u00f1a, en julio de 2010, continu\u00f3 su aprendizaje en la Escuela Taurina de Arganda del Rey Fundaci\u00f3n El Juli.<\/p>\n<p>Sebasti\u00e1n se fue formando poco a poco en novilladas econ\u00f3micas durante un periodo de ocho a\u00f1os.<\/p>\n<p>Ha sufrido varios percances, pero su \u00e1nimo sigue bien arriba.<\/p>\n<p>Justamente la alternativa la tom\u00f3 en Madrid con El Cid de padrino<\/p>\n<p>Desaf\u00edo ganadero de Escolar y Rehuelga.<\/p>\n<p>TORERO JUAN DE CASTILLA<\/p>\n<p><img loading=\"lazy\" data-recalc-dims=\"1\" decoding=\"async\" width=\"794\" height=\"1024\" data-attachment-id=\"55527\" data-permalink=\"https:\/\/tendido7.co\/inedito-dos-colombianos-este-domingo-en-las-ventas-juan-de-castilla-y-sebastian-ritter\/juan-lajas-2\/\" data-orig-file=\"https:\/\/i0.wp.com\/tendido7.co\/wp-content\/uploads\/2025\/09\/juan-lajas.jpg?fit=992%2C1280&amp;ssl=1\" data-orig-size=\"992,1280\" data-comments-opened=\"1\" data-image-meta=\"{&quot;aperture&quot;:&quot;0&quot;,&quot;credit&quot;:&quot;&quot;,&quot;camera&quot;:&quot;&quot;,&quot;caption&quot;:&quot;&quot;,&quot;created_timestamp&quot;:&quot;0&quot;,&quot;copyright&quot;:&quot;&quot;,&quot;focal_length&quot;:&quot;0&quot;,&quot;iso&quot;:&quot;0&quot;,&quot;shutter_speed&quot;:&quot;0&quot;,&quot;title&quot;:&quot;&quot;,&quot;orientation&quot;:&quot;0&quot;}\" data-image-title=\"juan lajas\" data-image-description=\"\" data-image-caption=\"\" data-medium-file=\"https:\/\/i0.wp.com\/tendido7.co\/wp-content\/uploads\/2025\/09\/juan-lajas.jpg?fit=233%2C300&amp;ssl=1\" data-large-file=\"https:\/\/i0.wp.com\/tendido7.co\/wp-content\/uploads\/2025\/09\/juan-lajas.jpg?fit=794%2C1024&amp;ssl=1\" src=\"https:\/\/www.europesays.com\/es\/wp-content\/uploads\/2025\/09\/juan-lajas.jpg\" alt=\"\" class=\"wp-image-55527 lazyload\"  data- style=\"--smush-placeholder-width: 794px; --smush-placeholder-aspect-ratio: 794\/1024;\"\/><\/p>\n<p>Se llama Juan Pablo Correa S\u00e1nchez, naci\u00f3 en septiembre de 1994 en la localidad colombiana de Medell\u00edn, es torero y se anuncia en los carteles como Juan de Castilla, como homenaje a sus padres, originarios como \u00e9l de ese barrio donde naci\u00f3. \u201cY tambi\u00e9n como un gesto de rebeld\u00eda\u201d, explica, \u201cporque la primera vez que tore\u00e9, tendr\u00eda 14 a\u00f1os, not\u00e9 malas caras entre los asistentes cuando dije que hab\u00eda nacido en Castilla, que es verdad que ha sido un barrio dif\u00edcil, de donde salieron muchos sicarios del narcotr\u00e1fico, pero yo procedo de una familia muy buena, humilde y trabajadora, de la que me siento muy orgulloso\u201d.<\/p>\n<p>Miguel Andrades confirma alternativa EN LA TARDE EN LA QUE ESTAR\u00c1N DE PADRINO Y TESTIGO  DOS COLOMBIANOS.<\/p>\n<p><img loading=\"lazy\" data-recalc-dims=\"1\" decoding=\"async\" width=\"851\" height=\"1024\" data-attachment-id=\"55528\" data-permalink=\"https:\/\/tendido7.co\/inedito-dos-colombianos-este-domingo-en-las-ventas-juan-de-castilla-y-sebastian-ritter\/miguel-andrades\/\" data-orig-file=\"https:\/\/i0.wp.com\/tendido7.co\/wp-content\/uploads\/2025\/09\/MIGUEL-ANDRADES-scaled.jpeg?fit=1645%2C1980&amp;ssl=1\" data-orig-size=\"1645,1980\" data-comments-opened=\"1\" data-image-meta=\"{&quot;aperture&quot;:&quot;0&quot;,&quot;credit&quot;:&quot;&quot;,&quot;camera&quot;:&quot;&quot;,&quot;caption&quot;:&quot;&quot;,&quot;created_timestamp&quot;:&quot;0&quot;,&quot;copyright&quot;:&quot;&quot;,&quot;focal_length&quot;:&quot;0&quot;,&quot;iso&quot;:&quot;0&quot;,&quot;shutter_speed&quot;:&quot;0&quot;,&quot;title&quot;:&quot;&quot;,&quot;orientation&quot;:&quot;0&quot;}\" data-image-title=\"MIGUEL ANDRADES\" data-image-description=\"\" data-image-caption=\"\" data-medium-file=\"https:\/\/i0.wp.com\/tendido7.co\/wp-content\/uploads\/2025\/09\/MIGUEL-ANDRADES-scaled.jpeg?fit=249%2C300&amp;ssl=1\" data-large-file=\"https:\/\/i0.wp.com\/tendido7.co\/wp-content\/uploads\/2025\/09\/MIGUEL-ANDRADES-scaled.jpeg?fit=851%2C1024&amp;ssl=1\" src=\"https:\/\/www.europesays.com\/es\/wp-content\/uploads\/2025\/09\/MIGUEL-ANDRADES.jpeg\" alt=\"\" class=\"wp-image-55528 lazyload\"  data- style=\"--smush-placeholder-width: 851px; --smush-placeholder-aspect-ratio: 851\/1024;\"\/><\/p>\n<p>Ante su confirmaci\u00f3n de alternativa en Las Ventas: \u201cSolamente hay un camino y es el de la humildad, el trabajo y el esfuerzo\u201d.-<\/p>\n<p><strong>Miguel Andrades<\/strong>\u00a0confirma su alternativa este\u00a0<strong>domingo 14 de septiembre<\/strong>\u00a0en el\u00a0<strong>primero de los desaf\u00edos ganaderos<\/strong>\u00a0del mes torista por excelencia en\u00a0<strong>Las Ventas<\/strong>. Una cita para la que se anuncian toros de\u00a0<strong>Jos\u00e9 Escolar\u00a0<\/strong>y\u00a0<strong>Rehuelga<\/strong>\u00a0en un cartel que completan\u00a0<strong>Dami\u00e1n Casta\u00f1o\u00a0<\/strong>y\u00a0<strong>Juan de Castilla<\/strong>. Trenzar\u00e1n el pase\u00edllo a las 18:00h.\u00a0<\/p>\n<p>El jerezano\u00a0<strong>regresa<\/strong>\u00a0a Las Ventas tres\u00a0meses despu\u00e9s de\u00a0<strong>tomar la alternativa<\/strong>. Fue el 31 de mayo en la localidad francesa de Al\u00e8s. Lidi\u00f3 un lote de toros de las divisas galas de Heritiers de Fran\u00e7ois \u2013 Andr\u00e9 y La Golosina. S\u00e1nchez Vara actu\u00f3 de padrino y Dami\u00e1n Casta\u00f1o de testigo. Antes, en el mes de abril, trenz\u00f3 el\u00a0<strong>segundo pase\u00edllo<\/strong>\u00a0de su carrera como novillero con picadores en esta plaza. Una tarde muy importante, que le puso en boca de todos los aficionados, tras mostrar una\u00a0<strong>gran dimensi\u00f3n<\/strong>\u00a0en su lote de Hnos. S\u00e1nchez Herrero. Salud\u00f3 ovaci\u00f3n y dio una vuelta al ruedo que pudo ser mucho m\u00e1s. Tambi\u00e9n en abril, pero en la temporada de 2023, se<strong>\u00a0present\u00f3\u00a0<\/strong>con los del castore\u00f1o ante la afici\u00f3n vente\u00f1a, saludando una calurosa ovaci\u00f3n tras la lidia del sexto novillo de Guadaira.\u00a0<\/p>\n<p>Esta \u00faltima cita en Madrid,\u00a0<strong>Andrades<\/strong>\u00a0la recuerda de una manera muy especial: \u201cFue casi m\u00e1s especial que la alternativa. Me llev\u00e9 momentos maravillosos, de esos que sue\u00f1a cualquier ni\u00f1o en una tarde as\u00ed\u201d. Ahora vuelve con \u201clas expectativas muy altas y ojal\u00e1 poder rematar lo que nos dejamos\u201d.\u00a0<\/p>\n<p><strong>Miguel Andrades\u00a0<\/strong>es un torero diferente, con una personalidad \u00fanica y, adem\u00e1s, muy ligado, porque as\u00ed lo demuestran los datos de su carrera con picadores,\u00a0a la\u00a0<strong>variedad de encastes<\/strong>. Ha estoqueado novilladas de la mayor\u00eda de los encastes de la caba\u00f1a brava tanto en Espa\u00f1a como en la vecina Francia y as\u00ed se ha ganado a pulso el\u00a0<strong>respeto\u00a0<\/strong>de toda la afici\u00f3n. \u201cNo me gusta decir como soy yo, ni como torero ni como persona, prefiero que lo diga el aficionado y la gente que me conoce, pero s\u00ed decir que conmigo nadie se aburre, y creo que eso es fundamental\u201d, se\u00f1ala\u00a0<strong>Andrades<\/strong>\u00a0al preguntarle sobre c\u00f3mo definir\u00eda su concepto.\u00a0<\/p>\n<p>\nRelacionado<\/p>\n","protected":false},"excerpt":{"rendered":"No recuerdo que dos colombianos est\u00e9n anunciados en un mismo cartel en Las Ventas desde la inauguraci\u00f3n de&hellip;\n","protected":false},"author":2,"featured_media":114007,"comment_status":"","ping_status":"","sticky":false,"template":"","format":"standard","meta":{"footnotes":""},"categories":[277],"tags":[373,168,25,24,23,167,374],"class_list":{"0":"post-114006","1":"post","2":"type-post","3":"status-publish","4":"format-standard","5":"has-post-thumbnail","7":"category-toreo","8":"tag-bullfighting","9":"tag-deportes","10":"tag-es","11":"tag-espana","12":"tag-spain","13":"tag-sports","14":"tag-toreo"},"share_on_mastodon":{"url":"","error":""},"_links":{"self":[{"href":"https:\/\/www.europesays.com\/es\/wp-json\/wp\/v2\/posts\/114006","targetHints":{"allow":["GET"]}}],"collection":[{"href":"https:\/\/www.europesays.com\/es\/wp-json\/wp\/v2\/posts"}],"about":[{"href":"https:\/\/www.europesays.com\/es\/wp-json\/wp\/v2\/types\/post"}],"author":[{"embeddable":true,"href":"https:\/\/www.europesays.com\/es\/wp-json\/wp\/v2\/users\/2"}],"replies":[{"embeddable":true,"href":"https:\/\/www.europesays.com\/es\/wp-json\/wp\/v2\/comments?post=114006"}],"version-history":[{"count":0,"href":"https:\/\/www.europesays.com\/es\/wp-json\/wp\/v2\/posts\/114006\/revisions"}],"wp:featuredmedia":[{"embeddable":true,"href":"https:\/\/www.europesays.com\/es\/wp-json\/wp\/v2\/media\/114007"}],"wp:attachment":[{"href":"https:\/\/www.europesays.com\/es\/wp-json\/wp\/v2\/media?parent=114006"}],"wp:term":[{"taxonomy":"category","embeddable":true,"href":"https:\/\/www.europesays.com\/es\/wp-json\/wp\/v2\/categories?post=114006"},{"taxonomy":"post_tag","embeddable":true,"href":"https:\/\/www.europesays.com\/es\/wp-json\/wp\/v2\/tags?post=114006"}],"curies":[{"name":"wp","href":"https:\/\/api.w.org\/{rel}","templated":true}]}}