{"id":114022,"date":"2025-09-14T08:51:17","date_gmt":"2025-09-14T08:51:17","guid":{"rendered":"https:\/\/www.europesays.com\/es\/114022\/"},"modified":"2025-09-14T08:51:17","modified_gmt":"2025-09-14T08:51:17","slug":"maria-castro-recibio-el-premio-de-honor-2025-del-south-international-series-festival","status":"publish","type":"post","link":"https:\/\/www.europesays.com\/es\/114022\/","title":{"rendered":"Mar\u00eda Castro recibi\u00f3 el Premio de Honor 2025 del South International Series Festival"},"content":{"rendered":"<p class=\"article-text\">\n        La III edici\u00f3n de <strong>South International Series Festival<\/strong> se ha iniciado en <strong>C\u00e1diz <\/strong>con una gran Gala de Inauguraci\u00f3n, celebrada en el ic\u00f3nico <strong>Gran Teatro Falla<\/strong>, conformada por un espect\u00e1culo-musical presentado por la televisiva <strong>Mar\u00eda G\u00f3mez<\/strong>, y que ha contado con sendos n\u00fameros musicales a cargo de Angy, Agoney, A\u00f1il Fern\u00e1ndez, Bel\u00e9n L\u00f3pez y Adri\u00e1n Fern\u00e1ndez, as\u00ed como la participaci\u00f3n de rostros tan conocidos como los de To\u00f1i Moreno, Javier Achaga, Fernando Trueba u Okuda San Miguel.\n    <\/p>\n<p>    <a href=\"https:\/\/www.eldiario.es\/series\/el-centro-movistar-plus-nueva-serie-cni-trabajo-diario-no-idea_1_12598176.html\" data-mrf-recirculation=\"saber-mas\" data-dl-event=\"saber-mas\" rel=\"nofollow noopener\" target=\"_blank\"><\/p>\n<p class=\"know-more__title\">&#8216;El Centro&#8217;, la nueva serie de Movistar Plus+ que pone en valor al CNI: \u00abDe su trabajo diario no tenemos ni idea\u00bb<\/p>\n<p>            <img decoding=\"async\" class=\"lazy\" loading=\"lazy\" data-src=\"https:\/\/static.eldiario.es\/clip\/27cbb832-a2c5-4a2f-81bc-fdf8f439cad3_16-9-aspect-ratio_default_0.jpg\" src=\"data:image\/svg+xml,%3Csvg xmlns=\" http:=\"\" viewbox=\"0 0 880 495\" alt=\"'El Centro', la nueva serie de Movistar Plus+ que pone en valor al CNI: &quot;De su trabajo diario no tenemos ni idea&quot;\"\/><\/p>\n<p>                        <\/a><\/p>\n<p class=\"article-text\">\n        Todos ellos dieron forma a una Gala de Inauguraci\u00f3n en la que tuvo lugar la entrega del <strong>Premio de Honor 2025<\/strong> a la actriz <strong>Mar\u00eda Castro<\/strong>, seguida por la proyecci\u00f3n de la serie inaugural El Centro, de Movistar Plus+ en colaboraci\u00f3n con Fonte Films.\n    <\/p>\n<p class=\"article-text\">\n        Con una trayectoria profesional de m\u00e1s de un cuarto de siglo, la actriz y presentadora Mar\u00eda Castro, natural de Vigo en 1981, es ampliamente conocida en el sector audiovisual y seri\u00e9filo, por su participaci\u00f3n en multitud de series como Amar es para siempre, La promesa, Sin tetas no hay para\u00edso, Tierra de lobos, Vive cantando o Seis hermanas, entre muchos otras, adem\u00e1s de en pel\u00edculas, programas de televisi\u00f3n y obras teatrales.\n    <\/p>\n<p class=\"article-text\">\n        No es este del festival de C\u00e1diz el primer galard\u00f3n que recibe en su carrera, ya que Mar\u00eda Castro ha sido premiada y nominada en multitud de ocasiones, teniendo en su poder el Premio Ondas a Mejor int\u00e9rprete femenina de ficci\u00f3n nacional de 2009, o el de Mejor actriz de cine de los Neox Fan Awards de 2014, entre otros, siendo tambi\u00e9n nominada a Mejor actriz de los TP de Oro en 2009 o Mejor actriz de televisi\u00f3n de 2013 en Fotogramas de Plata.\n    <\/p>\n<p>            <img decoding=\"async\" class=\"lazy\" loading=\"lazy\" data-src=\"https:\/\/static.eldiario.es\/clip\/5f268fb0-f948-4936-a780-871ec64e5dda_16-9-aspect-ratio_default_1125728.jpg\" src=\"data:image\/svg+xml,%3Csvg xmlns=\" http:=\"\" viewbox=\"0 0 5872 3303\" alt=\"Mar\u00eda Castro, recibiendo su premio\"\/><\/p>\n<p class=\"article-text\">\n        Previo a todo ello, la Plaza Fragela fue testigo de la primera gran alfombra roja del festival, y es que, hasta el martes, cada tarde desfilar\u00e1n por la misma los rostros protagonistas de las series del d\u00eda, as\u00ed como los de otros invitados del festival de Womack Group. De esta manera, este viernes 12 de septiembre pasaron por la misma nombres como los de Mar\u00eda G\u00f3mez, Angy, Agoney, A\u00f1il Fern\u00e1ndez, Bel\u00e9n L\u00f3pez, Mar\u00eda Castro, Adri\u00e1n Fern\u00e1ndez, To\u00f1i Moreno, Pep\u00f3n Nieto, Javier Achaga, Fernando Trueba, Okuda San Miguel, Elena Mart\u00edn Gimeno, Clara Segura, Elisabet Gasanovas, Ni\u00f1o Josele, Dani T\u00e9llez, Carmen Daza, Paula D\u00edaz, Ronan Bennet, Antonio Gonz\u00e1lez, Jeremy Pisker, Patricia Vico, Ana de Caro, Erika Leiva o Luc\u00eda Benavides, entre otros.\n    <\/p>\n<p>    <a href=\"https:\/\/www.eldiario.es\/vertele\/noticias\/aznar-javier-ruiz-faes-rtve-mananeros-360_1_12599024.html\" data-mrf-recirculation=\"saber-mas-abajo\" data-dl-event=\"saber-mas-abajo\" rel=\"nofollow noopener\" target=\"_blank\"><\/p>\n<p class=\"know-more__title\">La respuesta de Javier Ruiz a Aznar por el comunicado de FAES contra RTVE: \u201cFalta de memoria\u201d<\/p>\n<p>            <img decoding=\"async\" class=\"lazy\" loading=\"lazy\" data-src=\"https:\/\/static.eldiario.es\/clip\/f27fb592-4dc0-4d0c-ba4c-e98af1795a30_16-9-aspect-ratio_default_0.jpg\" src=\"data:image\/svg+xml,%3Csvg xmlns=\" http:=\"\" viewbox=\"0 0 880 495\" alt=\"La respuesta de Javier Ruiz a Aznar por el comunicado de FAES contra RTVE: &quot;Falta de memoria&quot;\"\/><\/p>\n<p>                        <\/a><\/p>\n<p class=\"article-text\">\n        No ser\u00e1n los \u00fanicos rostros que brillen en South 2025, ya que en las siguientes jornadas, tanto las fotos matutinas en la playa de La Caleta, como las alfombras rojas nocturnas, ser\u00e1n escenarios por donde pueda verse a actores, cantantes y personalidades como Diane Kruger, Paco Le\u00f3n, M\u00e9lani Olivares, Marti\u00f1o Rivas, Karina Kolojolchykova, Cristian de Moret, Mar\u00eda Luisa Bol\u00edvar, Jos\u00e9 Luis Moreno, Unax Ugalde, Laquarn Lewis, las hermanas Celia y Natalia de Molina, Fernando Tejero, Chris Brancato, Fran Doblas, Eva Isanta, Marimar Vega, Fran Perea, Mar\u00eda Cerezuela, Jorge Coria, Marisol Bizcocho, Sonia M\u00aa Priego \u201cLa H\u00fangara\u201d, Armando de Castro (Bar\u00f3n Rojo) o Manuel Jim\u00e9nez, entre muchos otros.\n    <\/p>\n","protected":false},"excerpt":{"rendered":"La III edici\u00f3n de South International Series Festival se ha iniciado en C\u00e1diz con una gran Gala de&hellip;\n","protected":false},"author":2,"featured_media":114023,"comment_status":"","ping_status":"","sticky":false,"template":"","format":"standard","meta":{"footnotes":""},"categories":[174],"tags":[45,14982,255,146,147,25,24,256,3931,9228,62,1932,843,6382,805,38526,23],"class_list":{"0":"post-114022","1":"post","2":"type-post","3":"status-publish","4":"format-standard","5":"has-post-thumbnail","7":"category-famosos","8":"tag-45","9":"tag-castro","10":"tag-celebrities","11":"tag-entertainment","12":"tag-entretenimiento","13":"tag-es","14":"tag-espana","15":"tag-famosos","16":"tag-festival","17":"tag-honor","18":"tag-international","19":"tag-maria","20":"tag-premio","21":"tag-recibio","22":"tag-series","23":"tag-south","24":"tag-spain"},"share_on_mastodon":{"url":"","error":""},"_links":{"self":[{"href":"https:\/\/www.europesays.com\/es\/wp-json\/wp\/v2\/posts\/114022","targetHints":{"allow":["GET"]}}],"collection":[{"href":"https:\/\/www.europesays.com\/es\/wp-json\/wp\/v2\/posts"}],"about":[{"href":"https:\/\/www.europesays.com\/es\/wp-json\/wp\/v2\/types\/post"}],"author":[{"embeddable":true,"href":"https:\/\/www.europesays.com\/es\/wp-json\/wp\/v2\/users\/2"}],"replies":[{"embeddable":true,"href":"https:\/\/www.europesays.com\/es\/wp-json\/wp\/v2\/comments?post=114022"}],"version-history":[{"count":0,"href":"https:\/\/www.europesays.com\/es\/wp-json\/wp\/v2\/posts\/114022\/revisions"}],"wp:featuredmedia":[{"embeddable":true,"href":"https:\/\/www.europesays.com\/es\/wp-json\/wp\/v2\/media\/114023"}],"wp:attachment":[{"href":"https:\/\/www.europesays.com\/es\/wp-json\/wp\/v2\/media?parent=114022"}],"wp:term":[{"taxonomy":"category","embeddable":true,"href":"https:\/\/www.europesays.com\/es\/wp-json\/wp\/v2\/categories?post=114022"},{"taxonomy":"post_tag","embeddable":true,"href":"https:\/\/www.europesays.com\/es\/wp-json\/wp\/v2\/tags?post=114022"}],"curies":[{"name":"wp","href":"https:\/\/api.w.org\/{rel}","templated":true}]}}