{"id":114024,"date":"2025-09-14T08:52:12","date_gmt":"2025-09-14T08:52:12","guid":{"rendered":"https:\/\/www.europesays.com\/es\/114024\/"},"modified":"2025-09-14T08:52:12","modified_gmt":"2025-09-14T08:52:12","slug":"entrevista-con-jose-miguel-rodriguez-hijo-predilecto-de-la-villa-mariana","status":"publish","type":"post","link":"https:\/\/www.europesays.com\/es\/114024\/","title":{"rendered":"Entrevista con Jos\u00e9 Miguel Rodr\u00edguez, hijo predilecto de la Villa Mariana"},"content":{"rendered":"<p>\u00bfQu\u00e9 recuerdos guarda de su infancia en <a class=\"ft-link ft-link--decoration\" href=\"https:\/\/www.laprovincia.es\/gran-canaria\/teror\/\" rel=\"nofollow noopener\" target=\"_blank\">Teror<\/a>?<\/p>\n<p class=\"ft-text\">Nac\u00ed en el mismo casco hist\u00f3rico del pueblo y en pleno invierno. Fui atendido, al igual que el resto de ni\u00f1os, por la partera del municipio y, por ello, pertenezco a la generaci\u00f3n que trajo Ciprianita al pueblo. As\u00ed se llamaba ella. En la calle Real de la Plaza viv\u00ed toda la primera etapa de mi vida hasta que me cas\u00e9 y me mud\u00e9 a la ciudad. Por eso, mi juventud la asocio al colegio Salesianos, a la calle principal y a La Alameda. Siento que el pueblo me ha entrado desde bien peque\u00f1o por la vena.<\/p>\n<p class=\"ft-text\"><strong>\u00bfQu\u00e9 le llev\u00f3 a estudiar arquitectura y a dedicarse a la restauraci\u00f3n de edificios?<\/strong><\/p>\n<p class=\"ft-text\">Se me daba muy bien el dibujo, la ciencia, la f\u00edsica y siempre me gust\u00f3 restaurar cuadros. Era, adem\u00e1s, una carrera que estaba en la Isla, por lo que era muy c\u00f3modo porque no me ten\u00eda que ir fuera a estudiar. Cuando termin\u00e9, empec\u00e9 a dar clases como mucha gente hac\u00eda, hasta que consegu\u00ed trabajar de arquitecto y luego, la <a class=\"ft-link ft-link--decoration\" href=\"https:\/\/www.laprovincia.es\/tags\/ulpgc\/\" rel=\"nofollow noopener\" target=\"_blank\">Universidad de Las Palmas de Gran Canaria<\/a> me propuso ser maestro de matem\u00e1ticas aplicadas, una asignatura que impart\u00ed 11 a\u00f1os. Un d\u00eda, un catedr\u00e1tico de la universidad, Francisco Ortega, me pregunt\u00f3 si quer\u00eda trabajar en el departamento de construcci\u00f3n, dedicado a la restauraci\u00f3n. Mientras tanto, hice el doctorado que, desde el primer momento, enfoqu\u00e9 en la Bas\u00edlica de Nuestra Se\u00f1ora del Pino y la sucesi\u00f3n de templos que han existido en la historia del pueblo.<\/p>\n<p class=\"ft-text\"><strong>Restaur\u00f3 la Bas\u00edlica de Nuestra Se\u00f1ora del Pino el pasado a\u00f1o 2021. \u00bfCu\u00e1l fue el mayor reto personal y t\u00e9cnico?<\/strong><\/p>\n<p class=\"ft-text\">Cuando se restaur\u00f3 la Bas\u00edlica el pasado siglo, concretamente en el a\u00f1o 1968, se hizo un cambio radical en la estructura del edificio pero, en aquella \u00e9poca, la poca formaci\u00f3n constructiva de los trabajadores fue un problema. La estabilidad del templo se garantiz\u00f3 en esa restauraci\u00f3n y era un terreno inc\u00f3modo para trabajar. Mi mayor reto fue, por ese motivo, ver c\u00f3mo se hab\u00eda comportado el edificio en estos 53 a\u00f1os, hasta que en 2021 comenc\u00e9 el proyecto. Sin embargo, era m\u00e1s el susto del principio que lo que fue la realidad porque, sinceramente, el edificio se ha comportado muy bien. Lo \u00fanico que hicimos fue restaurar todo lo que en estos a\u00f1os se hab\u00eda deteriorado.<\/p>\n<p class=\"ft-text\"><strong>\u00bfC\u00f3mo fue el proceso de restauraci\u00f3n del templo de Teror? <\/strong><\/p>\n<p class=\"ft-text\">Como todo proceso que depende de subvenciones privadas y p\u00fablicas, llev\u00f3 un tiempo de preparaci\u00f3n de presupuestos. Estuvimos, adem\u00e1s, casi un a\u00f1o esperando por el permiso de Bienes de Inter\u00e9s Cultural y, por desgracia, nos lo concedieron en el mes de septiembre de 2021, justo cuando empezaban las lluvias. Lo primero que ten\u00edamos que reparar era la cubierta de la iglesia y, a pesar de las condiciones meteorol\u00f3gicas, hab\u00eda que hacerlo porque era indispensable cumplir con los plazos. Luego, pasamos a las naves principales del edificio y nos encontramos de todo. Formas de construir antiguas que ya estaban obsoletas, cantidad de da\u00f1os por culpa de las palomas e, incluso, problemas en las tejas. Tambi\u00e9n hubo que restaurar la canter\u00eda de piedra de Teror y las vidrieras, que estaban en un estado avanzado de deterioro.<\/p>\n<p class=\"ft-text\"><strong>\u00bfQu\u00e9 signific\u00f3 para usted recibir el Premio de arquitectura Miguel Mart\u00edn-Fern\u00e1ndez por este trabajo?<\/strong><\/p>\n<p class=\"ft-text\">Eso fue lo m\u00e1ximo. Me dedico a la rehabilitaci\u00f3n de edificios desde el a\u00f1o 87, aproximadamente. He trabajado en diversos municipios de la Isla y el primer edificio que comenc\u00e9 a restaurar fue el Monasterio del C\u00edster. Llevo 30 a\u00f1os trabajando ah\u00ed, manteniendo la estructura del edificio y, cuando necesitaba estar tranquilo, me desplazaba hasta el lugar de la obra. El haber estado trabajando tantos a\u00f1os y terminar ahora con la iglesia de Teror se ha convertido, para m\u00ed, en lo m\u00e1s envidiable para un final de carrera. Mis compa\u00f1<a class=\"ft-link ft-link--decoration\" href=\"https:\/\/www.laprovincia.es\/tags\/drag-eros\/\" rel=\"nofollow noopener\" target=\"_blank\">eros<\/a> y yo realizamos esta restauraci\u00f3n con todo el cari\u00f1o del mundo. Cuando el Colegio de Arquitectos sac\u00f3 el concurso de arquitectura, quisimos presentar nuestro proyecto de la Bas\u00edlica. El tribunal, el primer edificio que quiso visitar fue el nuestro. El d\u00eda de la entrega del premio, tuve que mirar dos veces la pantalla para asegurarme de que era nuestro edificio porque no me lo pod\u00eda creer. Le di las gracias al cielo porque nos reconocieron un trabajo que realizamos durante a\u00f1os.<\/p>\n<p class=\"ft-text\"><strong>\u00bfC\u00f3mo recibi\u00f3 la noticia de que ser\u00eda nombrado Hijo Predilecto de Teror?<\/strong><\/p>\n<p class=\"ft-text\">Me siento muy orgulloso de pertenecer a Teror y ser hijo de este pueblo. Adem\u00e1s, que reconozcan mi trabajo de tantos a\u00f1os en estas fiestas es, para m\u00ed, la m\u00e1xima felicidad. Yo s\u00e9 que en el pueblo ha habido mucha gente que se ha alegrado con este reconocimiento. En estos d\u00edas solo he recibido muestras de cari\u00f1o.<\/p>\n<p class=\"ft-text\"><strong>\u00bfQu\u00e9 significa para usted que una gran parte de su trabajo profesional est\u00e9 ligado a su pueblo natal?<\/strong><\/p>\n<p class=\"ft-text\">Conocer el territorio ayuda mucho. Tengo conocimientos de la gran mayor\u00eda de las edificaciones y, adem\u00e1s, tengo la capacidad de recordarlas sin problema. Soy capaz de dibujar las plantas de los edificios de memoria porque las he vivido como ni\u00f1o, como joven, como colaborador y como profesional. Todo lo que he experimentado en mi juventud me ha ayudado en mi \u00e9poca profesional porque al pueblo lo llevo en la sangre.<\/p>\n<p class=\"ft-text\"><strong>\u00bfQue sinti\u00f3 al ver que los devotos pod\u00edan disfrutar de la Bas\u00edlica reci\u00e9n restaurada?<\/strong><\/p>\n<p class=\"ft-text\">Eso a\u00fan lo estoy viviendo. Veo c\u00f3mo las personas entran al templo, lo observan y lo disfrutan me llena de satisfacci\u00f3n. Es una de las mejores iglesias de <a class=\"ft-link ft-link--decoration\" href=\"https:\/\/www.laprovincia.es\/gran-canaria\/\" rel=\"nofollow noopener\" target=\"_blank\">Gran Canaria<\/a> y con la restauraci\u00f3n nos hemos permitido que ahora, para las Fiestas del Pino, todav\u00eda reluzca m\u00e1s. Transmite much\u00edsimo. Tambi\u00e9n hay que agradecerle al p\u00e1rroco que ha conseguido financiaci\u00f3n para restaurar los retablos y el trono, que estaba en un estado p\u00e9simo. Antes, si se ten\u00eda que poner una tacha al trono, se le pon\u00eda. Eso, ahora, es un pecado capital.<\/p>\n<p class=\"ft-text\"><strong>\u00bfEs la arquitectura una de las formas de contar la historia de un pueblo?<\/strong><\/p>\n<p class=\"ft-text\">Por supuesto. Desde mi punto de vista, los historiadores hablan de muchas cosas pero la realidad es que yo, desde siempre, veo la historia grabada en una piedra. Entiendo el mundo y el paso de los a\u00f1os reflejados en la arquitectura. Me fijo mucho en las edificaciones, en la forma de tratar antiguamente los materiales y eso, desde luego, tambi\u00e9n es historia.<\/p>\n<p data-close=\"closedContent\" class=\"subscribeHideForDisplay\">Suscr\u00edbete para seguir leyendo<\/p>\n","protected":false},"excerpt":{"rendered":"\u00bfQu\u00e9 recuerdos guarda de su infancia en Teror? Nac\u00ed en el mismo casco hist\u00f3rico del pueblo y en&hellip;\n","protected":false},"author":2,"featured_media":114025,"comment_status":"","ping_status":"","sticky":false,"template":"","format":"standard","meta":{"footnotes":""},"categories":[173],"tags":[229,233,231,230,38527,232,11399,234,11136,146,147,25,24,1897,448,2467,911,4098,3802,416,23,2752],"class_list":{"0":"post-114024","1":"post","2":"type-post","3":"status-publish","4":"format-standard","5":"has-post-thumbnail","7":"category-arte-y-diseno","8":"tag-arte","9":"tag-arte-y-diseno","10":"tag-arts","11":"tag-arts-and-design","12":"tag-basilica","13":"tag-design","14":"tag-dibujo","15":"tag-diseno","16":"tag-edificios","17":"tag-entertainment","18":"tag-entretenimiento","19":"tag-es","20":"tag-espana","21":"tag-gran-canaria","22":"tag-historia","23":"tag-jose","24":"tag-memoria","25":"tag-miguel","26":"tag-restauracion","27":"tag-rodriguez","28":"tag-spain","29":"tag-trabajo"},"share_on_mastodon":{"url":"","error":""},"_links":{"self":[{"href":"https:\/\/www.europesays.com\/es\/wp-json\/wp\/v2\/posts\/114024","targetHints":{"allow":["GET"]}}],"collection":[{"href":"https:\/\/www.europesays.com\/es\/wp-json\/wp\/v2\/posts"}],"about":[{"href":"https:\/\/www.europesays.com\/es\/wp-json\/wp\/v2\/types\/post"}],"author":[{"embeddable":true,"href":"https:\/\/www.europesays.com\/es\/wp-json\/wp\/v2\/users\/2"}],"replies":[{"embeddable":true,"href":"https:\/\/www.europesays.com\/es\/wp-json\/wp\/v2\/comments?post=114024"}],"version-history":[{"count":0,"href":"https:\/\/www.europesays.com\/es\/wp-json\/wp\/v2\/posts\/114024\/revisions"}],"wp:featuredmedia":[{"embeddable":true,"href":"https:\/\/www.europesays.com\/es\/wp-json\/wp\/v2\/media\/114025"}],"wp:attachment":[{"href":"https:\/\/www.europesays.com\/es\/wp-json\/wp\/v2\/media?parent=114024"}],"wp:term":[{"taxonomy":"category","embeddable":true,"href":"https:\/\/www.europesays.com\/es\/wp-json\/wp\/v2\/categories?post=114024"},{"taxonomy":"post_tag","embeddable":true,"href":"https:\/\/www.europesays.com\/es\/wp-json\/wp\/v2\/tags?post=114024"}],"curies":[{"name":"wp","href":"https:\/\/api.w.org\/{rel}","templated":true}]}}