{"id":114026,"date":"2025-09-14T08:53:08","date_gmt":"2025-09-14T08:53:08","guid":{"rendered":"https:\/\/www.europesays.com\/es\/114026\/"},"modified":"2025-09-14T08:53:08","modified_gmt":"2025-09-14T08:53:08","slug":"angelo-nestore-y-leche-cruda","status":"publish","type":"post","link":"https:\/\/www.europesays.com\/es\/114026\/","title":{"rendered":"\u00c1ngelo N\u00e9store y &#8216;Leche cruda&#8217;"},"content":{"rendered":"<p>Leemos una primera novela, <a href=\"https:\/\/www.penguinlibros.com\/es\/literatura-contemporanea\/390672-libro-leche-cruda-9788410352285?srsltid=AfmBOorB0sqALsRcGncpv92iS0a6QUIZ7ZyUU6C_AEuqQN8J9HV4kOUl\" rel=\"nofollow noopener\" target=\"_blank\">Leche Cruda<\/a> de <a href=\"https:\/\/www.penguinlibros.com\/es\/997257-angelo-nestore\" rel=\"nofollow noopener\" target=\"_blank\">\u00c1ngelo N\u00e9store<\/a>. Tras cinco a\u00f1os fuera de Italia, <strong>Mia <\/strong>regresa a Lecce para cuidar de su madre, en estado avanzado de demencia, que ya no habla, solo canta. En la casa se encuentra con <strong>Cavalli<\/strong>, una gata callejera que despierta una ternura nueva y extra\u00f1a en su madre, cuyo deterioro f\u00edsico y mental, sumado a la intimidad que ha establecido con el animal, coloca a Mia en un proceso obsesivo de transformaci\u00f3n. Nos detenemos aqui.<\/p>\n<p>Y el cineasta y escritor<strong> Rodrigo Cort\u00e9s<\/strong> y el ilustrador y grabador <strong>Tom\u00e1s Hijo<\/strong> publican <a href=\"https:\/\/www.penguinlibros.com\/es\/novela-grafica\/370479-ebook-la-piedra-blanda-9788439744368?gad_source=1&amp;gad_campaignid=22551290388&amp;gbraid=0AAAAADR4CYq-gXc7ETv1qVI1cP49A0THR&amp;gclid=EAIaIQobChMIkt-7wYWljQMVH2dBAh3gTwNWEAAYASAAEgKnm_D_BwE\" rel=\"nofollow noopener\" target=\"_blank\">La piedra blanda<\/a><a href=\"https:\/\/www.penguinlibros.com\/es\/novela-grafica\/370479-ebook-la-piedra-blanda-9788439744368?gad_source=1&amp;gad_campaignid=22551290388&amp;gbraid=0AAAAADR4CYq-gXc7ETv1qVI1cP49A0THR&amp;gclid=EAIaIQobChMIkt-7wYWljQMVH2dBAh3gTwNWEAAYASAAEgKnm_D_BwE\" rel=\"nofollow noopener\" target=\"_blank\"> (Random House)<\/a>.<\/p>\n","protected":false},"excerpt":{"rendered":"Leemos una primera novela, Leche Cruda de \u00c1ngelo N\u00e9store. Tras cinco a\u00f1os fuera de Italia, Mia regresa a&hellip;\n","protected":false},"author":2,"featured_media":114027,"comment_status":"","ping_status":"","sticky":false,"template":"","format":"standard","meta":{"footnotes":""},"categories":[172],"tags":[38528,224,146,147,25,24,225,6355,133,1448,1986,1987,23],"class_list":{"0":"post-114026","1":"post","2":"type-post","3":"status-publish","4":"format-standard","5":"has-post-thumbnail","7":"category-libros","8":"tag-angelo-nestore-y-leche-cruda","9":"tag-books","10":"tag-entertainment","11":"tag-entretenimiento","12":"tag-es","13":"tag-espana","14":"tag-libros","15":"tag-libros-de-arena-en-radio-5","16":"tag-online","17":"tag-radio","18":"tag-rne","19":"tag-rtve-play","20":"tag-spain"},"share_on_mastodon":{"url":"","error":""},"_links":{"self":[{"href":"https:\/\/www.europesays.com\/es\/wp-json\/wp\/v2\/posts\/114026","targetHints":{"allow":["GET"]}}],"collection":[{"href":"https:\/\/www.europesays.com\/es\/wp-json\/wp\/v2\/posts"}],"about":[{"href":"https:\/\/www.europesays.com\/es\/wp-json\/wp\/v2\/types\/post"}],"author":[{"embeddable":true,"href":"https:\/\/www.europesays.com\/es\/wp-json\/wp\/v2\/users\/2"}],"replies":[{"embeddable":true,"href":"https:\/\/www.europesays.com\/es\/wp-json\/wp\/v2\/comments?post=114026"}],"version-history":[{"count":0,"href":"https:\/\/www.europesays.com\/es\/wp-json\/wp\/v2\/posts\/114026\/revisions"}],"wp:featuredmedia":[{"embeddable":true,"href":"https:\/\/www.europesays.com\/es\/wp-json\/wp\/v2\/media\/114027"}],"wp:attachment":[{"href":"https:\/\/www.europesays.com\/es\/wp-json\/wp\/v2\/media?parent=114026"}],"wp:term":[{"taxonomy":"category","embeddable":true,"href":"https:\/\/www.europesays.com\/es\/wp-json\/wp\/v2\/categories?post=114026"},{"taxonomy":"post_tag","embeddable":true,"href":"https:\/\/www.europesays.com\/es\/wp-json\/wp\/v2\/tags?post=114026"}],"curies":[{"name":"wp","href":"https:\/\/api.w.org\/{rel}","templated":true}]}}